{"id":13550,"date":"2025-02-06T15:36:46","date_gmt":"2025-02-06T19:36:46","guid":{"rendered":"https:\/\/noticiasveraces.com\/?p=13550"},"modified":"2025-02-06T15:36:46","modified_gmt":"2025-02-06T19:36:46","slug":"la-represion-de-doge-contra-usaid-llama-la-atencion-de-los-enemigos-y-los-aliados-estadounidenses","status":"publish","type":"post","link":"https:\/\/noticiasveraces.com\/?p=13550","title":{"rendered":"La represi\u00f3n de Doge contra USAID llama la atenci\u00f3n de los enemigos y los aliados estadounidenses"},"content":{"rendered":"<p> \n<\/p>\n<div>\n<p class=\"speakable\">La segunda administraci\u00f3n del presidente Donald Trump ha convertido a la Agencia de los Estados Unidos para el Desarrollo Internacional (USAID) un objetivo principal para los recortes de gastos. Bajo Trump, el Departamento de Eficiencia del Gobierno (DOGE), dirigido por Elon Musk, est\u00e1 observando seriamente a la agencia de ayuda extranjera, y los aliados y enemigos de Estados Unidos se est\u00e1n dando cuenta.<\/p>\n<p class=\"speakable\">En una entrevista exclusiva con Fox News Digital en las Naciones Unidas, el ministro de Relaciones Exteriores de H\u00fangaros, Peter Szijj\u00e1rt\u00f3, no ocult\u00f3 su desd\u00e9n por USAID. Si bien insisti\u00f3 en que no estaba interesado en interferir con los problemas nacionales de los Estados Unidos, Szijj\u00e1rt\u00f3 habl\u00f3 sobre lo que vio de la agencia bajo el ex presidente Joe Biden.<\/p>\n<p>\u00abLa antigua administraci\u00f3n no pudo digerir que no est\u00e1bamos listos para renunciar a nuestros puestos nacionales. No est\u00e1bamos listos para dejar de representar nuestros intereses nacionales\u00bb, dijo Szijj\u00e1rt\u00f3 a Fox News Digital. \u00abY no est\u00e1bamos listos para renunciar a nuestro enfoque no liberal, patri\u00f3tico y conservador\u00bb.<\/p>\n<div class=\"image-ct inline\">\n<div class=\"m\"><picture><source media=\"(max-width: 767px)\" srcset=\"https:\/\/a57.foxnews.com\/static.foxnews.com\/foxnews.com\/content\/uploads\/2023\/09\/343\/192\/GettyImages-1668424535.jpg?ve=1&amp;tl=1, https:\/\/a57.foxnews.com\/static.foxnews.com\/foxnews.com\/content\/uploads\/2023\/09\/686\/384\/GettyImages-1668424535.jpg?ve=1&amp;tl=1 2x\" height=\"192\" width=\"343\"><source media=\"(min-width: 768px) and (max-width: 1023px)\" srcset=\"https:\/\/a57.foxnews.com\/static.foxnews.com\/foxnews.com\/content\/uploads\/2023\/09\/672\/378\/GettyImages-1668424535.jpg?ve=1&amp;tl=1, https:\/\/a57.foxnews.com\/static.foxnews.com\/foxnews.com\/content\/uploads\/2023\/09\/1344\/756\/GettyImages-1668424535.jpg?ve=1&amp;tl=1 2x\" height=\"378\" width=\"672\"><source media=\"(min-width: 1024px) and (max-width: 1279px)\" srcset=\"https:\/\/a57.foxnews.com\/static.foxnews.com\/foxnews.com\/content\/uploads\/2023\/09\/931\/523\/GettyImages-1668424535.jpg?ve=1&amp;tl=1, https:\/\/a57.foxnews.com\/static.foxnews.com\/foxnews.com\/content\/uploads\/2023\/09\/1862\/1046\/GettyImages-1668424535.jpg?ve=1&amp;tl=1 2x\" height=\"523\" width=\"931\"><source media=\"(min-width: 1280px)\" srcset=\"https:\/\/a57.foxnews.com\/static.foxnews.com\/foxnews.com\/content\/uploads\/2023\/09\/720\/405\/GettyImages-1668424535.jpg?ve=1&amp;tl=1, https:\/\/a57.foxnews.com\/static.foxnews.com\/foxnews.com\/content\/uploads\/2023\/09\/1440\/810\/GettyImages-1668424535.jpg?ve=1&amp;tl=1 2x\" height=\"405\" width=\"720\"><img loading=\"lazy\" decoding=\"async\" src=\"https:\/\/a57.foxnews.com\/static.foxnews.com\/foxnews.com\/content\/uploads\/2023\/09\/1200\/675\/GettyImages-1668424535.jpg?ve=1&amp;tl=1\" alt=\"Presidente Joe Biden\" width=\"1200\" height=\"675\"\/><\/source><\/source><\/source><\/source><\/picture><\/div>\n<div class=\"info\">\n<div class=\"caption\">\n<p><span>El ex presidente Joe Biden habla en la sala Roosevelt de la Casa Blanca en Washington, DC, el viernes 15 de septiembre de 2023.<\/span> <span>(Chris Kleponis\/CNP\/Bloomberg a trav\u00e9s de Getty Images)<\/span><\/p>\n<\/div>\n<\/div>\n<\/div>\n<p><strong><u>&#8216;Viper&#8217;s Nest&#8217;: USAID acusado de corrupci\u00f3n, mala gesti\u00f3n mucho antes de que el administrador de Trump asumiera el objetivo<\/u><\/strong><\/p>\n<p>Szijj\u00e1rt\u00f3 tambi\u00e9n acus\u00f3 a la administraci\u00f3n Biden de usar USAID para \u00abdesestabilizar la situaci\u00f3n en otros pa\u00edses\u00bb y financiar \u00abprogramas que eran totalmente extra\u00f1os y extra\u00f1os en comparaci\u00f3n con la cultura y la herencia de otros pa\u00edses\u00bb.<\/p>\n<p>\u00abSi me preguntas si es bueno para nosotros que hay un per\u00edodo de revisi\u00f3n de 90 d\u00edas cuando se trata de pagos con respecto a USAID y otros, estamos muy contentos\u00bb, agreg\u00f3 Szijj\u00e1rt\u00f3.<\/p>\n<p><strong><u>USAID ha \u00abdemostrado un patr\u00f3n de obstruccionismo\u00bb, afirma que los principales dux el republicano en carta a Rubio<\/u><\/strong><\/p>\n<p>El primer ministro h\u00fangaro, Viktor Orb\u00e1n, un aliado de Trump desde hace mucho tiempo, tambi\u00e9n desgarr\u00f3 a USAID despu\u00e9s de que se inform\u00f3 que la agencia estaba financiando pol\u00edtico.<\/p>\n<p>El primer ministro Orb\u00e1n sigui\u00f3 en otro tweet que dec\u00eda: \u00abTuvimos que soportar durante a\u00f1os que los campeones ultracrogresivos y autoproclamados de derechos humanos de los principales medios de comunicaci\u00f3n demonizaron las fuerzas pol\u00edticas patri\u00f3ticas durante a\u00f1os. Lo hicieron porque se les pag\u00f3 para hacerlo. por USAID y el anterior, la administraci\u00f3n de los Estados Unidos. [Trump]: Esto es demasiado grande y demasiado sucio para esconderse \u00ab.<\/p>\n<p>La secretaria de prensa de la Casa Blanca, Karoline Leavitt, confirm\u00f3 durante la sesi\u00f3n informativa de la prensa del mi\u00e9rcoles que \u00abm\u00e1s de $ 8 millones de d\u00f3lares de contribuyentes\u00bb fueron a Politico, y agreg\u00f3 que Dege est\u00e1 \u00abtrabajando para cancelar esos pagos\u00bb. Sin embargo, la publicaci\u00f3n neg\u00f3 que alguna vez haya sido un \u00abbeneficiario de los programas gubernamentales\u00bb.<\/p>\n<p>Musk, que dirige los esfuerzos de reducci\u00f3n de costos de Trump a trav\u00e9s de Doge, describi\u00f3 a la agencia como un \u00abnido de v\u00edbora de marxistas de izquierda radical que odian a Estados Unidos\u00bb.<\/p>\n<div class=\"image-ct inline\">\n<div class=\"m\"><picture><source media=\"(max-width: 767px)\" srcset=\"https:\/\/a57.foxnews.com\/static.foxnews.com\/foxnews.com\/content\/uploads\/2025\/01\/343\/192\/elon-musk-photo-1.jpg?ve=1&amp;tl=1, https:\/\/a57.foxnews.com\/static.foxnews.com\/foxnews.com\/content\/uploads\/2025\/01\/686\/384\/elon-musk-photo-1.jpg?ve=1&amp;tl=1 2x\" height=\"192\" width=\"343\"><source media=\"(min-width: 768px) and (max-width: 1023px)\" srcset=\"https:\/\/a57.foxnews.com\/static.foxnews.com\/foxnews.com\/content\/uploads\/2025\/01\/672\/378\/elon-musk-photo-1.jpg?ve=1&amp;tl=1, https:\/\/a57.foxnews.com\/static.foxnews.com\/foxnews.com\/content\/uploads\/2025\/01\/1344\/756\/elon-musk-photo-1.jpg?ve=1&amp;tl=1 2x\" height=\"378\" width=\"672\"><source media=\"(min-width: 1024px) and (max-width: 1279px)\" srcset=\"https:\/\/a57.foxnews.com\/static.foxnews.com\/foxnews.com\/content\/uploads\/2025\/01\/931\/523\/elon-musk-photo-1.jpg?ve=1&amp;tl=1, https:\/\/a57.foxnews.com\/static.foxnews.com\/foxnews.com\/content\/uploads\/2025\/01\/1862\/1046\/elon-musk-photo-1.jpg?ve=1&amp;tl=1 2x\" height=\"523\" width=\"931\"><source media=\"(min-width: 1280px)\" srcset=\"https:\/\/a57.foxnews.com\/static.foxnews.com\/foxnews.com\/content\/uploads\/2025\/01\/720\/405\/elon-musk-photo-1.jpg?ve=1&amp;tl=1, https:\/\/a57.foxnews.com\/static.foxnews.com\/foxnews.com\/content\/uploads\/2025\/01\/1440\/810\/elon-musk-photo-1.jpg?ve=1&amp;tl=1 2x\" height=\"405\" width=\"720\"><img loading=\"lazy\" decoding=\"async\" src=\"https:\/\/a57.foxnews.com\/static.foxnews.com\/foxnews.com\/content\/uploads\/2025\/01\/1200\/675\/elon-musk-photo-1.jpg?ve=1&amp;tl=1\" alt=\"Elon Musk en el Congreso\" width=\"1200\" height=\"675\"\/><\/source><\/source><\/source><\/source><\/picture><\/div>\n<div class=\"info\">\n<div class=\"caption\">\n<p><span>Elon Musk lidera el Departamento de Eficiencia del Gobierno.<\/span> <span>(Foto de Anna Moneymaker\/Getty Images)<\/span><\/p>\n<\/div>\n<\/div>\n<\/div>\n<p><strong>Conozca al l\u00edder de la USAID de la era Biden que enfrenta una reacci\u00f3n violenta en medio de la represi\u00f3n Dogle de Musk<\/strong><\/p>\n<p>El lunes, la Casa Blanca de Trump emiti\u00f3 una lista de ejemplos de \u00abdesechos y abusos\u00bb en USAID. Esto incluy\u00f3 $ 6 millones para financiar el turismo en Egipto, $ 1.5 millones en fondos para programas DEI en los lugares de trabajo de Serbia, $ 47,000 para una \u00ab\u00f3pera transg\u00e9nero\u00bb en Colombia y m\u00e1s.<\/p>\n<p>La Casa Blanca tambi\u00e9n acus\u00f3 a la agencia de gastar \u00abcientos de millones de d\u00f3lares\u00bb en \u00abcanales de riego, equipos agr\u00edcolas e incluso fertilizantes para apoyar el cultivo de amapolas sin precedentes y la producci\u00f3n de hero\u00edna en Afganist\u00e1n\u00bb, y agreg\u00f3 que esto era \u00abbeneficiar a los talibanes. \u00ab<\/p>\n<div class=\"image-ct inline\">\n<div class=\"m\"><picture><source media=\"(max-width: 767px)\" srcset=\"https:\/\/a57.foxnews.com\/static.foxnews.com\/foxnews.com\/content\/uploads\/2024\/12\/343\/192\/elon-musk-trump.jpg?ve=1&amp;tl=1, https:\/\/a57.foxnews.com\/static.foxnews.com\/foxnews.com\/content\/uploads\/2024\/12\/686\/384\/elon-musk-trump.jpg?ve=1&amp;tl=1 2x\" height=\"192\" width=\"343\"><source media=\"(min-width: 768px) and (max-width: 1023px)\" srcset=\"https:\/\/a57.foxnews.com\/static.foxnews.com\/foxnews.com\/content\/uploads\/2024\/12\/672\/378\/elon-musk-trump.jpg?ve=1&amp;tl=1, https:\/\/a57.foxnews.com\/static.foxnews.com\/foxnews.com\/content\/uploads\/2024\/12\/1344\/756\/elon-musk-trump.jpg?ve=1&amp;tl=1 2x\" height=\"378\" width=\"672\"><source media=\"(min-width: 1024px) and (max-width: 1279px)\" srcset=\"https:\/\/a57.foxnews.com\/static.foxnews.com\/foxnews.com\/content\/uploads\/2024\/12\/931\/523\/elon-musk-trump.jpg?ve=1&amp;tl=1, https:\/\/a57.foxnews.com\/static.foxnews.com\/foxnews.com\/content\/uploads\/2024\/12\/1862\/1046\/elon-musk-trump.jpg?ve=1&amp;tl=1 2x\" height=\"523\" width=\"931\"><source media=\"(min-width: 1280px)\" srcset=\"https:\/\/a57.foxnews.com\/static.foxnews.com\/foxnews.com\/content\/uploads\/2024\/12\/720\/405\/elon-musk-trump.jpg?ve=1&amp;tl=1, https:\/\/a57.foxnews.com\/static.foxnews.com\/foxnews.com\/content\/uploads\/2024\/12\/1440\/810\/elon-musk-trump.jpg?ve=1&amp;tl=1 2x\" height=\"405\" width=\"720\"><img loading=\"lazy\" decoding=\"async\" src=\"https:\/\/a57.foxnews.com\/static.foxnews.com\/foxnews.com\/content\/uploads\/2024\/12\/1200\/675\/elon-musk-trump.jpg?ve=1&amp;tl=1\" alt=\"Donald Trump y Elon Musk\" width=\"1200\" height=\"675\"\/><\/source><\/source><\/source><\/source><\/picture><\/div>\n<div class=\"info\">\n<div class=\"caption\">\n<p><span>Trump y Musk observan el lanzamiento del sexto vuelo de prueba del Rocket SpaceX Starship el 19 de noviembre de 2024 en Brownsville, Texas.<\/span> <span>(Brandon Bell\/Getty Images)<\/span><\/p>\n<\/div>\n<\/div>\n<\/div>\n<p><strong><u>Haga clic aqu\u00ed para obtener la aplicaci\u00f3n Fox News<\/u><\/strong><\/p>\n<p>Al final de su lista, la Casa Blanca se\u00f1al\u00f3 que los ejemplos destacados eran parte de una lista m\u00e1s larga de proyectos.<\/p>\n<p>\u00abBajo el presidente Trump, los desechos, el fraude y el abuso terminan ahora\u00bb, agreg\u00f3 la Casa Blanca.<\/p>\n<p> <!----> <\/p>\n<div class=\"article-meta\">\n<div class=\"author-bio\">\n<p>Rachel Wolf es una escritora de noticias de Fox News Digital y Fox Business.<\/p>\n<\/div>\n<\/div>\n<\/div>\n\n","protected":false},"excerpt":{"rendered":"<p>La segunda administraci\u00f3n del presidente Donald Trump ha convertido a la Agencia de los Estados Unidos para el Desarrollo Internacional (USAID) un objetivo principal para los recortes de gastos. Bajo Trump, el Departamento de Eficiencia del Gobierno (DOGE), dirigido por Elon Musk, est\u00e1 observando seriamente a la agencia de ayuda extranjera, y los aliados y &hellip;<\/p>\n","protected":false},"author":1,"featured_media":13552,"comment_status":"open","ping_status":"open","sticky":false,"template":"","format":"standard","meta":{"fifu_image_url":"https:\/\/static.foxnews.com\/foxnews.com\/content\/uploads\/2021\/04\/GettyImages-1312682563.jpg","fifu_image_alt":"","footnotes":""},"categories":[13],"tags":[],"class_list":["post-13550","post","type-post","status-publish","format-standard","has-post-thumbnail","","category-mundo"],"_links":{"self":[{"href":"https:\/\/noticiasveraces.com\/index.php?rest_route=\/wp\/v2\/posts\/13550","targetHints":{"allow":["GET"]}}],"collection":[{"href":"https:\/\/noticiasveraces.com\/index.php?rest_route=\/wp\/v2\/posts"}],"about":[{"href":"https:\/\/noticiasveraces.com\/index.php?rest_route=\/wp\/v2\/types\/post"}],"author":[{"embeddable":true,"href":"https:\/\/noticiasveraces.com\/index.php?rest_route=\/wp\/v2\/users\/1"}],"replies":[{"embeddable":true,"href":"https:\/\/noticiasveraces.com\/index.php?rest_route=%2Fwp%2Fv2%2Fcomments&post=13550"}],"version-history":[{"count":0,"href":"https:\/\/noticiasveraces.com\/index.php?rest_route=\/wp\/v2\/posts\/13550\/revisions"}],"wp:featuredmedia":[{"embeddable":true,"href":"https:\/\/noticiasveraces.com\/index.php?rest_route=\/wp\/v2\/media\/13552"}],"wp:attachment":[{"href":"https:\/\/noticiasveraces.com\/index.php?rest_route=%2Fwp%2Fv2%2Fmedia&parent=13550"}],"wp:term":[{"taxonomy":"category","embeddable":true,"href":"https:\/\/noticiasveraces.com\/index.php?rest_route=%2Fwp%2Fv2%2Fcategories&post=13550"},{"taxonomy":"post_tag","embeddable":true,"href":"https:\/\/noticiasveraces.com\/index.php?rest_route=%2Fwp%2Fv2%2Ftags&post=13550"}],"curies":[{"name":"wp","href":"https:\/\/api.w.org\/{rel}","templated":true}]}}