{"id":13533,"date":"2025-02-06T12:29:58","date_gmt":"2025-02-06T16:29:58","guid":{"rendered":"https:\/\/noticiasveraces.com\/?p=13533"},"modified":"2025-02-06T12:29:58","modified_gmt":"2025-02-06T16:29:58","slug":"tiroteo-en-suecia-dejo-victimas-de-varias-nacionalidades-dw-06-02-2025","status":"publish","type":"post","link":"https:\/\/noticiasveraces.com\/?p=13533","title":{"rendered":"Tiroteo en Suecia Dej\u00f3 V\u00edctimas de Varias Nacionalidades &#8211; DW &#8211; 06\/02\/2025"},"content":{"rendered":"<p> \n<\/p>\n<div>\n<p>Dos dias desespu\u00e9s del tiroteo en un centro de formaci\u00f3n para adultos en \u00f6rebro, suecia, que deJ\u00f3 11 muertos y seis heridos, siguen sin darse por aclaros los motores del autor, un hombre que seg\u00dan la prensa viv\u00eda recluido y ten\u00ed problema de la presencia PSicol.<\/p>\n<p>Anna Bergqvist, La responsable de la investigaci\u00f3n, dijo que entre los fallecidos Hay Personas de \u00abVarias Nactionalidades, Diferentes G\u00e9neros y edades\u00bb, sin Dar Detalles. La Embajada Siria en Estocolmo expres\u00f3 en Facebook sus \u00abCondolencias y P\u00e9same A Las Familias de Las V\u00edctimas, incluidos los sirios\u00bb.<\/p>\n<p>Seg\u00fan TV4, El Centro Daba Clases de Sueco para Migrantes. El Canal Tambi\u00e9n Difundio Un video Grabado por Un Estudiante del Centro en El Que se oye a una persona una persona gritando \u00ab\u00a1TE VAS A IR DE EUROPA!\u00bb.<\/p>\n<h2>Autoridadas Creen Que El Supuesto Tirador Se Suicid\u00f3<\/h2>\n<p>La Polic\u00eda Recibi\u00f3 El Aviso del Tiroteo Hacia las 12.33 Del Martes Y, Pocos Minutos Despu\u00e9s, SE Desplazaron Varios Agentes -Hasta 130 Participaron en El Operaci\u00f3n-, Que Fueron Recibidos con Aparos Del Agresor, A LOS Que no Deptaspieron, Dijo Wir\u00e9n.<\/p>\n<p>El Jefe Policial de la Provincia de \u00d6rebro, Lars Wir\u00e9n, Calific\u00f3 El Escenario Enumine por Los Agentes de \u00abInfierno\u00bb, Con \u00abMuertos, Heridos, Gritos\u00bb, Humo, \u00abUna Situaci\u00f3n Ca\u00f3tica Con Gente que Corr\u00eda Corr\u00eda y Sal\u00eda y Entraba de Las locuras \u00ab, Lo que Hizo que los agentes no estuviesen seguros de si hab\u00eda m\u00e1s tiradores, un escenario complicado por el tama\u00f1a del complejo educativo (17,000 metros cuadrados).<\/p>\n<p>Bergqvist se\u00f1al\u00f3 que la Polic\u00eda Cree Saber Qui\u00e9n es El Tirador, Pero que no confirm\u00e1 su identidad Hasta estar del todo segura, y reiter\u00f3 que no era la era conocido por las autores autores y que la hip\u00f3tesis es que -actu\u00f3 solo, aunque sigue sen estar estar Claro else ello el las las las las autores.<\/p>\n<p>\u00abDespu\u00e9s de Cerca de Una Hora, SE Interrumpi\u00f3 la Fase M\u00e1s Urgente del Operativo Al Encontrario Muerto Al Sospechoso Con Varias Armas\u00bb, Afirm\u00f3 Wir\u00e9n, Quien Revel\u00f3 Que Ten\u00eda Consigo Muy Munici\u00f3n Sen Apartar. Las Autoridadadas Suecas Ya Hab\u00eda Informado el Mi\u00e9rcoles de que Creen que el Supuesto Tirador se suicid\u00f3.<\/p>\n<figure class=\"placeholder-image master_landscape big\"><img data-format=\"MASTER_LANDSCAPE\" data-id=\"71506911\" data-url=\"https:\/\/static.dw.com\/image\/71506911_${formatId}.jpg\" data-aspect-ratio=\"16\/9\" alt=\"Suecia, \u00d6rebro: Presencia Policial Tras Un tiroteo en una escuela.\" style=\"padding-bottom: 56.25%; height: 0; max-height: 0;\"\/><figcaption class=\"img-caption\">La Polic\u00eda Cree Saber Qui\u00e9n es El Tirador, Pero que no Confirmar\u00e1 Su Identidad Hasta Estar del TODO SEGURA.<small class=\"copyright\">Imagen: Kicki Nilsson\/TT News Agency\/AP Photo\/Picture Alliance<\/small><\/figcaption><\/figure>\n<h2>Con Licencia Para Armas de Caza<\/h2>\n<p>Varios Medios, Entre Ellos la Televisi\u00f3n P\u00fablica <em>SVT<\/em>Han Identificado al Sospechoso Como Rickard A., Un sueco de 35 A\u00f1os, Con Problemas Ps\u00edquicos, que viv\u00eda aislado, no Termin\u00f3 el Bachillerato y Sin Ingresos declarados en Los \u00c1gos.<\/p>\n<p>Seg\u00fan el Tabloide <em>Afustado<\/em>Que Cita documenta Oficial, El Joven Fue Alumno del Campus Risbergska, La Escuela Objeto del Tiroteeo, Aunque la Polic\u00eda Asegur\u00f3 que a\u00fan no Puede Confirmarlo.<\/p>\n<p>De Acuerdo con la versi\u00f3n de <em>Afustado<\/em>Andersson Llevaba las Armas en un Estuche para Guitarra, SE Meti\u00f3 en el Ba\u00f1a de la Escuela para Cambiar Su Ropa por uniforme uniforme Militar y Emparzar a un dispar LUEGO, Aunque Ninguna de Estas Informaciones ha Sido Confirmada Por la Policena.<\/p>\n<p>Lo que los investigadores, confirmaron es que el Presunto Autor Ten\u00eda, un Permiso para Cuatro Armas de Caza, Tres de Las Cuales Estaban en Su Poder al Ser Encarntrado, y que podr\u00eda haber asistido a un centro de entrenamiento.<\/p>\n<p><span data-slot-id=\"Article_InContent-1\" class=\"rich-text-ad\"\/><\/p>\n<h2>\u00abEl Peor Asesinato en Masa\u00bb en la Historia de Suecia<\/h2>\n<p>El Primer Ministro Ulf Kristersson Calific\u00f3n la Matanza de \u00abEl Peor Asesinato en Masa\u00bb en la Historia del Pa\u00eds. A\u00fan no se ha han identificado a Todas las v\u00edctimas y seis personajes, Todas Adultas, Fueron Trasladadas al Hospital por Heridas de Bala. <\/p>\n<p>El Campus Risbergska Permanecer\u00e1 Cerrado El Resto de la Semana, Aunque las Otras Escuelas Municipales Funci\u00f3n Con Normalidad, Mientras Las Autoridadas Locales Han Habilitado L\u00ednas telef\u00f3nicas y Varios centros centros para Quienes Necesiten apoyo pSicol\u00f3gico.<\/p>\n<p>\u00abTODOS ESTAMOS HORRORIZADOS Y CONMOCONADOS. ESTO HA PASADO EN MUYOS LUGARES DEL MUNDO Y AHORA OCURRE AQU\u00cd. DEBEMOS INTENTAR COMPRENDOR ESTE CRIMEN\u00bb, AFIRM\u00d3 Reina Silvia, Y El Primer Ministro Sueco, Ulf Kristersson.<\/p>\n<p>RML (AFP, Efe)<\/p>\n<\/div>\n\n","protected":false},"excerpt":{"rendered":"<p>Dos dias desespu\u00e9s del tiroteo en un centro de formaci\u00f3n para adultos en \u00f6rebro, suecia, que deJ\u00f3 11 muertos y seis heridos, siguen sin darse por aclaros los motores del autor, un hombre que seg\u00dan la prensa viv\u00eda recluido y ten\u00ed problema de la presencia PSicol. Anna Bergqvist, La responsable de la investigaci\u00f3n, dijo que &hellip;<\/p>\n","protected":false},"author":1,"featured_media":13534,"comment_status":"open","ping_status":"open","sticky":false,"template":"","format":"standard","meta":{"fifu_image_url":"https:\/\/static.dw.com\/image\/71516936_6.jpg","fifu_image_alt":"","footnotes":""},"categories":[13],"tags":[],"class_list":["post-13533","post","type-post","status-publish","format-standard","has-post-thumbnail","","category-mundo"],"_links":{"self":[{"href":"https:\/\/noticiasveraces.com\/index.php?rest_route=\/wp\/v2\/posts\/13533","targetHints":{"allow":["GET"]}}],"collection":[{"href":"https:\/\/noticiasveraces.com\/index.php?rest_route=\/wp\/v2\/posts"}],"about":[{"href":"https:\/\/noticiasveraces.com\/index.php?rest_route=\/wp\/v2\/types\/post"}],"author":[{"embeddable":true,"href":"https:\/\/noticiasveraces.com\/index.php?rest_route=\/wp\/v2\/users\/1"}],"replies":[{"embeddable":true,"href":"https:\/\/noticiasveraces.com\/index.php?rest_route=%2Fwp%2Fv2%2Fcomments&post=13533"}],"version-history":[{"count":0,"href":"https:\/\/noticiasveraces.com\/index.php?rest_route=\/wp\/v2\/posts\/13533\/revisions"}],"wp:featuredmedia":[{"embeddable":true,"href":"https:\/\/noticiasveraces.com\/index.php?rest_route=\/wp\/v2\/media\/13534"}],"wp:attachment":[{"href":"https:\/\/noticiasveraces.com\/index.php?rest_route=%2Fwp%2Fv2%2Fmedia&parent=13533"}],"wp:term":[{"taxonomy":"category","embeddable":true,"href":"https:\/\/noticiasveraces.com\/index.php?rest_route=%2Fwp%2Fv2%2Fcategories&post=13533"},{"taxonomy":"post_tag","embeddable":true,"href":"https:\/\/noticiasveraces.com\/index.php?rest_route=%2Fwp%2Fv2%2Ftags&post=13533"}],"curies":[{"name":"wp","href":"https:\/\/api.w.org\/{rel}","templated":true}]}}