{"id":13531,"date":"2025-02-06T11:28:28","date_gmt":"2025-02-06T15:28:28","guid":{"rendered":"https:\/\/noticiasveraces.com\/?p=13531"},"modified":"2025-02-06T11:28:28","modified_gmt":"2025-02-06T15:28:28","slug":"daniel-barenboim-anuncia-que-padece-parkinson-dw-06-02-2025","status":"publish","type":"post","link":"https:\/\/noticiasveraces.com\/?p=13531","title":{"rendered":"Daniel Barenboim Anuncia que Padece Parkinson &#8211; DW &#8211; 06\/02\/2025"},"content":{"rendered":"<p> \n<\/p>\n<div>\n<p>\u00abMucha Gente Estaba preocupada por mi salud, y me ha emocionado mucho ver el apoyo recibido en Estos Tres \u00daltimos A\u00f1os\u00bb, declar\u00f3 en un comunicado el m\u00fasico israelo-argentino, de 82 a\u00f1os.<\/p>\n<p>Enero de 2023, Barenboim dej\u00f3 por \u00abRazones de Salud\u00bb la Direcci\u00f3n de la \u00d3Pera de Berl\u00edn, que ocupaba desde hac\u00eda Tres D\u00e9cadas. Tres Meses Antes hab\u00eda anunciado que padec\u00eda una \u00abEnfirmedad neurol\u00f3gica Grave\u00bb.<\/p>\n<p>Pese A TODO, El Maestro Afirm\u00f3 Este Jueves (6.02.2025) Que Quiere \u00abMantener Tantos Compromisos Profesionales como Sea Sea Posible\u00bb.<\/p>\n<h2>Promotor del Di\u00e1logo Entre Israel y El Mundo \u00e1rabe<\/h2>\n<p>Barenboim dijo que se considera ahora \u00abSu alcalde responsable\u00bb Continuar Con la Orquesta para J\u00f3venes West-Eastern Divan, un proyecto para promover el di\u00e1logo entres israel y el mundo \u00e1labe.<\/p>\n<p>El M\u00fasico de Origen Argentino La Fund\u00f3 en 1999 Junto Al Intelectual Palestino Edward, dijo, Fallecido en 2003. Cuenta Con M\u00fasicos Originarios de Varios Pa\u00edses de Oriente Medio, que habitual de Giras por TODO El Mundo. \u00abPara m\u00ed, esencial Garantizar la Estabilidad A Largo Plazo y El Desarrollo de la Orquesta\u00bb, Dice en el Comunicado.<\/p>\n<figure class=\"placeholder-image master_landscape big\"><img data-format=\"MASTER_LANDSCAPE\" data-id=\"69457904\" data-url=\"https:\/\/static.dw.com\/image\/69457904_${formatId}.jpg\" data-aspect-ratio=\"16\/9\" alt=\"La Orquesta para J\u00f3venes West-Oriente Divan, un proyecto para promedio el di\u00e1logo entre israel y el Mundo \u00e1rabe.\" style=\"padding-bottom: 56.25%; height: 0; max-height: 0;\"\/><figcaption class=\"img-caption\">La Orquesta para J\u00f3venes West-Oriente Divan, un proyecto para promedio el di\u00e1logo entre israel y el Mundo \u00e1rabe.<small class=\"copyright\">Imagen: Gerald Matzka\/DPA\/Picture Alliance<\/small><\/figcaption><\/figure>\n<p>\u00abSe indique dirigiendo la oeste-tal-oriental Divan Cada Vez que me lo permita mi salud. Al Mismo Tiempo, Desempeinar\u00e9 un rol Activo Velando por Que Divan Tenga la Posibilidad de Trabajar Con otros Excelentes Directores de Orquesta en El Futuro\u00bb, Agreg\u00f3.<\/p>\n<p>Barenboim, Que Tambi\u00e9n Tiene Nacionalidad de Espa\u00f1ola, Cre\u00f3 en 2004 en Sevilla la Fundaci\u00f3n que Lleva Su Nombre y El de Edward dijo.<\/p>\n<p>EN 2016 Cre\u00f3 en Berl\u00edn la Academia Barenboim-Said, en la que j\u00f3venes Virtuosos Israel\u00edes y \u00c1rabes reciben una formaci\u00f3n de Alto nivel que incl\u00faye Filosof\u00eda, Historia y Litera.rml (AFP, DPA)<\/p>\n<\/div>\n\n","protected":false},"excerpt":{"rendered":"<p>\u00abMucha Gente Estaba preocupada por mi salud, y me ha emocionado mucho ver el apoyo recibido en Estos Tres \u00daltimos A\u00f1os\u00bb, declar\u00f3 en un comunicado el m\u00fasico israelo-argentino, de 82 a\u00f1os. Enero de 2023, Barenboim dej\u00f3 por \u00abRazones de Salud\u00bb la Direcci\u00f3n de la \u00d3Pera de Berl\u00edn, que ocupaba desde hac\u00eda Tres D\u00e9cadas. Tres Meses &hellip;<\/p>\n","protected":false},"author":1,"featured_media":13532,"comment_status":"open","ping_status":"open","sticky":false,"template":"","format":"standard","meta":{"fifu_image_url":"https:\/\/static.dw.com\/image\/69457948_6.jpg","fifu_image_alt":"","footnotes":""},"categories":[13],"tags":[],"class_list":["post-13531","post","type-post","status-publish","format-standard","has-post-thumbnail","","category-mundo"],"_links":{"self":[{"href":"https:\/\/noticiasveraces.com\/index.php?rest_route=\/wp\/v2\/posts\/13531","targetHints":{"allow":["GET"]}}],"collection":[{"href":"https:\/\/noticiasveraces.com\/index.php?rest_route=\/wp\/v2\/posts"}],"about":[{"href":"https:\/\/noticiasveraces.com\/index.php?rest_route=\/wp\/v2\/types\/post"}],"author":[{"embeddable":true,"href":"https:\/\/noticiasveraces.com\/index.php?rest_route=\/wp\/v2\/users\/1"}],"replies":[{"embeddable":true,"href":"https:\/\/noticiasveraces.com\/index.php?rest_route=%2Fwp%2Fv2%2Fcomments&post=13531"}],"version-history":[{"count":0,"href":"https:\/\/noticiasveraces.com\/index.php?rest_route=\/wp\/v2\/posts\/13531\/revisions"}],"wp:featuredmedia":[{"embeddable":true,"href":"https:\/\/noticiasveraces.com\/index.php?rest_route=\/wp\/v2\/media\/13532"}],"wp:attachment":[{"href":"https:\/\/noticiasveraces.com\/index.php?rest_route=%2Fwp%2Fv2%2Fmedia&parent=13531"}],"wp:term":[{"taxonomy":"category","embeddable":true,"href":"https:\/\/noticiasveraces.com\/index.php?rest_route=%2Fwp%2Fv2%2Fcategories&post=13531"},{"taxonomy":"post_tag","embeddable":true,"href":"https:\/\/noticiasveraces.com\/index.php?rest_route=%2Fwp%2Fv2%2Ftags&post=13531"}],"curies":[{"name":"wp","href":"https:\/\/api.w.org\/{rel}","templated":true}]}}