{"id":13519,"date":"2025-02-06T09:26:38","date_gmt":"2025-02-06T13:26:38","guid":{"rendered":"https:\/\/noticiasveraces.com\/?p=13519"},"modified":"2025-02-06T09:26:38","modified_gmt":"2025-02-06T13:26:38","slug":"los-expertos-golpean-el-plan-de-accion-de-la-onu-para-combatir-el-antisemitismo-ejercicio-falso-de-inutilidad","status":"publish","type":"post","link":"https:\/\/noticiasveraces.com\/?p=13519","title":{"rendered":"Los expertos golpean el plan de acci\u00f3n de la ONU para combatir el antisemitismo: &#8216;ejercicio falso de inutilidad&#8217;"},"content":{"rendered":"<p> \n<\/p>\n<div>\n<div class=\"article-gating gated-overlay\">\n<div class=\"article-gating-wrapper\">\n<p>\u00danase a Fox News para acceder a este contenido<\/p>\n<p>Adem\u00e1s de acceso especial a art\u00edculos seleccionados y otro contenido premium con su cuenta, de forma gratuita.<\/p>\n<div class=\"article-gating-legal tablet-desktop\">Al ingresar su correo electr\u00f3nico y presionar continuar, usted acepta los t\u00e9rminos de uso y la pol\u00edtica de privacidad de Fox News, que incluye nuestro aviso de incentivo financiero.\n    <\/div>\n<p><span>Por favor, introduce una direcci\u00f3n de correo electr\u00f3nico v\u00e1lida.<\/span><\/p>\n<footer class=\"article-gating-footer\">\u00bfTiene problemas? Haga clic aqu\u00ed.<\/footer>\n<\/div>\n<\/div>\n<p class=\"speakable\">El mes pasado, las Naciones Unidas (ONU) publicaron su \u00abPlan de acci\u00f3n para mejorar el monitoreo y la respuesta al antisemitismo\u00bb, parcialmente en respuesta a un \u00abaumento de incidentes antisem\u00edticos dirigidos a jud\u00edos e instituciones jud\u00edas en Europa, Estados Unidos de Am\u00e9rica y otros lugares.<\/p>\n<p class=\"speakable\">Anne Bayefsky, directora del Instituto de Derechos Humanos y el Holocausto y el Presidente de Voces de Derechos Humanos, dijo que el plan de acci\u00f3n de Fox News Digital era un \u00abejercicio falso de inutilidad\u00bb, que fue \u00abproducido por lo que ella afirm\u00f3 que es el Liderando el proveedor global del antisemitismo &#8230; para fingir hacer algo para combatir el antisemitismo \u00ab. <\/p>\n<p>Desarrollado por la Alianza de Civilizaciones de la ONU (UNAOC), el Plan de Acci\u00f3n de la ONU enfatiza que \u00abla capacidad de comprender e identificar el antisemitismo es crucial para los esfuerzos globales para combatir el odio y los prejuicios\u00bb. A pesar de la naturaleza cr\u00edtica de comprender el antisemitismo, el plan no puede definir lo que constituye el antisemitismo.  <\/p>\n<p>El plan de acci\u00f3n menciona, pero no adopta la definici\u00f3n de antisemitismo de la Alianza de Recuerdo del Holocausto internacional, que 45 Estados miembros han respaldado y que Bayefsky dijo \u00abla gran cantidad de las principales organizaciones e instituciones jud\u00edas de todo el mundo aceptan\u00bb, porque \u00abreconoce la conexi\u00f3n con sionismo e Israel \u00ab. <\/p>\n<p><strong>El presidente israel\u00ed, Herzog, destaca el antisemitismo en el discurso de la ONU, ya que New Reort muestra una tendencia impactante<\/strong><\/p>\n<div class=\"image-ct inline\">\n<div class=\"m\"><picture><source media=\"(max-width: 767px)\" srcset=\"https:\/\/a57.foxnews.com\/static.foxnews.com\/foxnews.com\/content\/uploads\/2023\/09\/343\/192\/AP23265483404470.jpg?ve=1&amp;tl=1, https:\/\/a57.foxnews.com\/static.foxnews.com\/foxnews.com\/content\/uploads\/2023\/09\/686\/384\/AP23265483404470.jpg?ve=1&amp;tl=1 2x\" height=\"192\" width=\"343\"><source media=\"(min-width: 768px) and (max-width: 1023px)\" srcset=\"https:\/\/a57.foxnews.com\/static.foxnews.com\/foxnews.com\/content\/uploads\/2023\/09\/672\/378\/AP23265483404470.jpg?ve=1&amp;tl=1, https:\/\/a57.foxnews.com\/static.foxnews.com\/foxnews.com\/content\/uploads\/2023\/09\/1344\/756\/AP23265483404470.jpg?ve=1&amp;tl=1 2x\" height=\"378\" width=\"672\"><source media=\"(min-width: 1024px) and (max-width: 1279px)\" srcset=\"https:\/\/a57.foxnews.com\/static.foxnews.com\/foxnews.com\/content\/uploads\/2023\/09\/931\/523\/AP23265483404470.jpg?ve=1&amp;tl=1, https:\/\/a57.foxnews.com\/static.foxnews.com\/foxnews.com\/content\/uploads\/2023\/09\/1862\/1046\/AP23265483404470.jpg?ve=1&amp;tl=1 2x\" height=\"523\" width=\"931\"><source media=\"(min-width: 1280px)\" srcset=\"https:\/\/a57.foxnews.com\/static.foxnews.com\/foxnews.com\/content\/uploads\/2023\/09\/720\/405\/AP23265483404470.jpg?ve=1&amp;tl=1, https:\/\/a57.foxnews.com\/static.foxnews.com\/foxnews.com\/content\/uploads\/2023\/09\/1440\/810\/AP23265483404470.jpg?ve=1&amp;tl=1 2x\" height=\"405\" width=\"720\"><img loading=\"lazy\" decoding=\"async\" src=\"https:\/\/a57.foxnews.com\/static.foxnews.com\/foxnews.com\/content\/uploads\/2023\/09\/1200\/675\/AP23265483404470.jpg?ve=1&amp;tl=1\" alt=\"El primer ministro israel\u00ed Benjamin Netanyahu se dirige a la Asamblea General de las Naciones Unidas\" width=\"1200\" height=\"675\"\/><\/source><\/source><\/source><\/source><\/picture><\/div>\n<div class=\"info\">\n<div class=\"caption\">\n<p><span>El primer ministro de Israel, Benjamin Netanyahu, se dirige a la 78\u00aa sesi\u00f3n de la Asamblea General de las Naciones Unidas el viernes 22 de septiembre de 2023.<\/span> <span>(AP Photo\/Richard Drew)<\/span><\/p>\n<\/div>\n<\/div>\n<\/div>\n<p>\u00abLa ONU defiende la idea de que las v\u00edctimas de odio e intolerancia definen su propia experiencia de discriminaci\u00f3n, aislamiento y violencia, excepto cuando se trata de jud\u00edos\u00bb, dijo.<\/p>\n<p>Fox News Digital le pregunt\u00f3 al director de la UNAOC, Nihal Saad, por qu\u00e9 el plan de acci\u00f3n no define el antisemitismo y si la falta de esta definici\u00f3n obstaculizar\u00eda los esfuerzos para identificar y reducir el prejuicio anti-jud\u00edo.<\/p>\n<p>Saad dijo que \u00abel plan de acci\u00f3n subraya la importancia de comprender el antisemitismo en lugar de centrarse en la definici\u00f3n de antisemitismo y entrar en un debate al respecto, lo que demostr\u00f3 distraerse del objetivo real aqu\u00ed, lo que est\u00e1 mejorando nuestras respuestas al antisemitismo\u00bb.<\/p>\n<p>Haciendo referencia a otros temas en los que no hay consenso sobre la \u00abdefinici\u00f3n del tema\u00bb, Saad explic\u00f3 que la falta de un \u00abacuerdo definitivo entre los Estados miembros sobre la definici\u00f3n de terrorismo\u00bb no hab\u00eda obstaculizado el desarrollo de la estrategia global de las Naciones Unidas. , que Saad llam\u00f3 \u00abun instrumento global \u00fanico para mejorar los esfuerzos nacionales, regionales e internacionales para contrarrestar el terrorismo\u00bb.<\/p>\n<p>Edmund Fitton-Brown, asesor principal del Proyecto Counter Extremism y ex coordinador del equipo de monitoreo de la ONU, dijo a Fox News Digital que \u00abThe CT[counterterrorism] La estrategia es un desastre \u00ab. <\/p>\n<p><strong>Israel ordena a UNRWA que cese las operaciones en el pa\u00eds sobre los lazos terroristas: \u00abfall\u00f3 miserablemente en su mandato\u00bb<\/strong><\/p>\n<div class=\"image-ct inline\">\n<div class=\"m\"><picture><source media=\"(max-width: 767px)\" srcset=\"https:\/\/a57.foxnews.com\/static.foxnews.com\/foxnews.com\/content\/uploads\/2023\/10\/343\/192\/GettyImages-1719480908.jpg?ve=1&amp;tl=1, https:\/\/a57.foxnews.com\/static.foxnews.com\/foxnews.com\/content\/uploads\/2023\/10\/686\/384\/GettyImages-1719480908.jpg?ve=1&amp;tl=1 2x\" height=\"192\" width=\"343\"><source media=\"(min-width: 768px) and (max-width: 1023px)\" srcset=\"https:\/\/a57.foxnews.com\/static.foxnews.com\/foxnews.com\/content\/uploads\/2023\/10\/672\/378\/GettyImages-1719480908.jpg?ve=1&amp;tl=1, https:\/\/a57.foxnews.com\/static.foxnews.com\/foxnews.com\/content\/uploads\/2023\/10\/1344\/756\/GettyImages-1719480908.jpg?ve=1&amp;tl=1 2x\" height=\"378\" width=\"672\"><source media=\"(min-width: 1024px) and (max-width: 1279px)\" srcset=\"https:\/\/a57.foxnews.com\/static.foxnews.com\/foxnews.com\/content\/uploads\/2023\/10\/931\/523\/GettyImages-1719480908.jpg?ve=1&amp;tl=1, https:\/\/a57.foxnews.com\/static.foxnews.com\/foxnews.com\/content\/uploads\/2023\/10\/1862\/1046\/GettyImages-1719480908.jpg?ve=1&amp;tl=1 2x\" height=\"523\" width=\"931\"><source media=\"(min-width: 1280px)\" srcset=\"https:\/\/a57.foxnews.com\/static.foxnews.com\/foxnews.com\/content\/uploads\/2023\/10\/720\/405\/GettyImages-1719480908.jpg?ve=1&amp;tl=1, https:\/\/a57.foxnews.com\/static.foxnews.com\/foxnews.com\/content\/uploads\/2023\/10\/1440\/810\/GettyImages-1719480908.jpg?ve=1&amp;tl=1 2x\" height=\"405\" width=\"720\"><img loading=\"lazy\" decoding=\"async\" src=\"https:\/\/a57.foxnews.com\/static.foxnews.com\/foxnews.com\/content\/uploads\/2023\/10\/1200\/675\/GettyImages-1719480908.jpg?ve=1&amp;tl=1\" alt=\"Antonio Guterres\" width=\"1200\" height=\"675\"\/><\/source><\/source><\/source><\/source><\/picture><\/div>\n<div class=\"info\">\n<div class=\"caption\">\n<p><span>El secretario general Antonio Guterres emite una declaraci\u00f3n en la sede de la ONU sobre la situaci\u00f3n en el Medio Oriente despu\u00e9s del ataque terrorista de Hamas en Israel.<\/span> <span>(Lev Radin\/Pacific Press\/LighTrocket a trav\u00e9s de Getty Images)<\/span><\/p>\n<\/div>\n<\/div>\n<\/div>\n<p>Aunque dijo que algunos esfuerzos de la ONU para contrarrestar el terrorismo son efectivos, dijo que dada la falta de acuerdo sobre lo que constituye el terrorismo, la ONU lucha particularmente con la identificaci\u00f3n de grupos como Hamas, Hezbol\u00e1 y los hut\u00edes como terroristas. \u00abSi ocurre algo realmente dram\u00e1tico, entonces a menudo un grupo encontrar\u00e1 que est\u00e1 siendo acusado de ser un grupo terrorista\u00bb, dijo Fitton-Brown, se\u00f1alando c\u00f3mo la ONU conden\u00f3 a los hut\u00edes despu\u00e9s de su ataque de 2022 contra el aeropuerto de Abu Dhabi pero no pudo no pudo Designarlos como un grupo terrorista. \u00abEn Hezbol\u00e1, la ONU ha sido irremediablemente d\u00e9bil\u00bb, explic\u00f3. <\/p>\n<p>Dijo que Hamas era \u00abun buen ejemplo de d\u00f3nde la ausencia de una definici\u00f3n es problem\u00e1tica porque obtienes algo como el ataque 10\/7 &#8230; y la ONU falla por completo en su respuesta a eso, y eso se debe en parte a su fracaso para Juez que un grupo que adopta t\u00e1cticas terroristas es un grupo terrorista \u00ab. <\/p>\n<p>Bayefsky dijo que el Consejo de Seguridad de la ONU \u00abnunca ha condenado a Hamas para el 7 de octubre porque no pueden estar de acuerdo en lo que cuenta como terrorismo. Esa no es una historia de \u00e9xito. Es una descomposici\u00f3n mal\u00e9vola del deber\u00bb.<\/p>\n<div class=\"image-ct inline\">\n<div class=\"m\"><picture><source media=\"(max-width: 767px)\" srcset=\"https:\/\/a57.foxnews.com\/static.foxnews.com\/foxnews.com\/content\/uploads\/2024\/08\/343\/192\/GettyImages-2161729346-scaled.jpg?ve=1&amp;tl=1, https:\/\/a57.foxnews.com\/static.foxnews.com\/foxnews.com\/content\/uploads\/2024\/08\/686\/384\/GettyImages-2161729346-scaled.jpg?ve=1&amp;tl=1 2x\" height=\"192\" width=\"343\"><source media=\"(min-width: 768px) and (max-width: 1023px)\" srcset=\"https:\/\/a57.foxnews.com\/static.foxnews.com\/foxnews.com\/content\/uploads\/2024\/08\/672\/378\/GettyImages-2161729346-scaled.jpg?ve=1&amp;tl=1, https:\/\/a57.foxnews.com\/static.foxnews.com\/foxnews.com\/content\/uploads\/2024\/08\/1344\/756\/GettyImages-2161729346-scaled.jpg?ve=1&amp;tl=1 2x\" height=\"378\" width=\"672\"><source media=\"(min-width: 1024px) and (max-width: 1279px)\" srcset=\"https:\/\/a57.foxnews.com\/static.foxnews.com\/foxnews.com\/content\/uploads\/2024\/08\/931\/523\/GettyImages-2161729346-scaled.jpg?ve=1&amp;tl=1, https:\/\/a57.foxnews.com\/static.foxnews.com\/foxnews.com\/content\/uploads\/2024\/08\/1862\/1046\/GettyImages-2161729346-scaled.jpg?ve=1&amp;tl=1 2x\" height=\"523\" width=\"931\"><source media=\"(min-width: 1280px)\" srcset=\"https:\/\/a57.foxnews.com\/static.foxnews.com\/foxnews.com\/content\/uploads\/2024\/08\/720\/405\/GettyImages-2161729346-scaled.jpg?ve=1&amp;tl=1, https:\/\/a57.foxnews.com\/static.foxnews.com\/foxnews.com\/content\/uploads\/2024\/08\/1440\/810\/GettyImages-2161729346-scaled.jpg?ve=1&amp;tl=1 2x\" height=\"405\" width=\"720\"><img loading=\"lazy\" decoding=\"async\" src=\"https:\/\/a57.foxnews.com\/static.foxnews.com\/foxnews.com\/content\/uploads\/2024\/08\/1200\/675\/GettyImages-2161729346-scaled.jpg?ve=1&amp;tl=1\" alt=\"Fachada de las Naciones Unidas\" width=\"1200\" height=\"675\"\/><\/source><\/source><\/source><\/source><\/picture><\/div>\n<div class=\"info\">\n<div class=\"caption\">\n<p><span>Una vista del edificio de la sede de las Naciones Unidas en la ciudad de Nueva York el 16 de julio de 2024.<\/span> <span>(Jakub Porzycki\/Nurphoto a trav\u00e9s de Getty Images)<\/span><\/p>\n<\/div>\n<\/div>\n<\/div>\n<h3><strong>No hay plan para el auto-monitoreo<\/strong><\/h3>\n<p>Entre las propuestas del plan de acci\u00f3n se encuentran la implementaci\u00f3n de m\u00f3dulos de capacitaci\u00f3n para ayudar al personal a \u00abreconocer y comprender el antisemitismo\u00bb, y el requisito de que los altos funcionarios de la ONU \u00abcontin\u00faen denunciando manifestaciones antisemitas a medida que ocurren\u00bb. <\/p>\n<p>Bayefsky cuestion\u00f3 la implementaci\u00f3n de estos planes. \u00abLa ONU dice que est\u00e1 comprometido a educar al personal de la ONU sobre el antisemitismo sin saber qu\u00e9 cuenta como antisemitismo. Cualquier educador real le da a ese plan de lecci\u00f3n y &#8216;F'\u00bb, explic\u00f3.<\/p>\n<p><strong>Israel proh\u00edbe el secretario general de la ONU sobre las acciones anti-Israel: \u00abNo merece poner un pie en el suelo israel\u00ed\u00bb<\/strong><\/p>\n<div class=\"image-ct inline\">\n<div class=\"m\"><picture><source media=\"(max-width: 767px)\" srcset=\"https:\/\/a57.foxnews.com\/static.foxnews.com\/foxnews.com\/content\/uploads\/2024\/06\/343\/192\/GettyImages-2152045973.jpg?ve=1&amp;tl=1, https:\/\/a57.foxnews.com\/static.foxnews.com\/foxnews.com\/content\/uploads\/2024\/06\/686\/384\/GettyImages-2152045973.jpg?ve=1&amp;tl=1 2x\" height=\"192\" width=\"343\"><source media=\"(min-width: 768px) and (max-width: 1023px)\" srcset=\"https:\/\/a57.foxnews.com\/static.foxnews.com\/foxnews.com\/content\/uploads\/2024\/06\/672\/378\/GettyImages-2152045973.jpg?ve=1&amp;tl=1, https:\/\/a57.foxnews.com\/static.foxnews.com\/foxnews.com\/content\/uploads\/2024\/06\/1344\/756\/GettyImages-2152045973.jpg?ve=1&amp;tl=1 2x\" height=\"378\" width=\"672\"><source media=\"(min-width: 1024px) and (max-width: 1279px)\" srcset=\"https:\/\/a57.foxnews.com\/static.foxnews.com\/foxnews.com\/content\/uploads\/2024\/06\/931\/523\/GettyImages-2152045973.jpg?ve=1&amp;tl=1, https:\/\/a57.foxnews.com\/static.foxnews.com\/foxnews.com\/content\/uploads\/2024\/06\/1862\/1046\/GettyImages-2152045973.jpg?ve=1&amp;tl=1 2x\" height=\"523\" width=\"931\"><source media=\"(min-width: 1280px)\" srcset=\"https:\/\/a57.foxnews.com\/static.foxnews.com\/foxnews.com\/content\/uploads\/2024\/06\/720\/405\/GettyImages-2152045973.jpg?ve=1&amp;tl=1, https:\/\/a57.foxnews.com\/static.foxnews.com\/foxnews.com\/content\/uploads\/2024\/06\/1440\/810\/GettyImages-2152045973.jpg?ve=1&amp;tl=1 2x\" height=\"405\" width=\"720\"><img loading=\"lazy\" decoding=\"async\" src=\"https:\/\/a57.foxnews.com\/static.foxnews.com\/foxnews.com\/content\/uploads\/2024\/06\/1200\/675\/GettyImages-2152045973.jpg?ve=1&amp;tl=1\" alt=\"Controvertido oficial de la ONU\" width=\"1200\" height=\"675\"\/><\/source><\/source><\/source><\/source><\/picture><\/div>\n<div class=\"info\">\n<div class=\"caption\">\n<p><span>Relator especial de la ONU en los territorios palestinos Francesca Albanese asiste al Foro Social Magreb-Mashreq en T\u00fanez, T\u00fanez, el 11 de mayo de 2024.<\/span> <span>(Mohamed Mdalla\/Anadolu a trav\u00e9s de Getty Images)<\/span><\/p>\n<\/div>\n<\/div>\n<\/div>\n<p>Desde los niveles m\u00e1s altos, Bayefsky afirm\u00f3 que el organismo mundial no se enfrenta actualmente a los prejuicios antijud\u00edo. Aunque el secretario general de la ONU, Antonio Guterres, le dijo al mundo en el D\u00eda Internacional del Recuerdo del Holocausto que \u00abdebemos condenar el antisemitismo donde y cuando aparezca\u00bb, dijo Bayefsky que \u00absi el cu\u00e1ndo y los que est\u00e1n dentro de la ONU, [Guterres is] No solo sentado, se va mudo \u00ab. <\/p>\n<p>\u00abTome los casos de Relator Especial de la ONU, Francesca Albanese y el jefe de la Comisi\u00f3n de Investigaci\u00f3n de la ONU, Navi Pillay, ambos ampliamente condenados por el comportamiento antisemita atroz\u00bb, afirm\u00f3 Bayefsky. \u00abEl Secretario General afirma que su &#8216;independencia&#8217; lo deja impotente. Nada le impide usar su plataforma para hablar sobre lo correcto y lo incorrecto. Est\u00e1 mudo por elecci\u00f3n\u00bb.<\/p>\n<p>Fox News Digital le pregunt\u00f3 a Saad si el plan de acci\u00f3n permitir\u00eda que la ONU haga comentarios cr\u00edticos cuando los relatores especiales hacen comentarios antisemitas en nombre de la instituci\u00f3n. \u00abLos titulares de mandatos de procedimientos especiales\/reporteros especiales son expertos en derechos humanos independientes designados por el Consejo de Derechos Humanos de la ONU\u00bb, respondi\u00f3 Saad. \u00abAct\u00faan en una capacidad individual y ejercen sus funciones de acuerdo con su mandato, a trav\u00e9s de una evaluaci\u00f3n profesional e imparcial de hechos basados \u200b\u200ben est\u00e1ndares de derechos humanos reconocidos internacionalmente. Las opiniones expresadas por los titulares de mandatos de procedimientos especiales siguen siendo los del titular del mandato y mayo de mayo no representar puestos mantenidos [by] El sistema m\u00e1s amplio de las Naciones Unidas \u00ab.<\/p>\n<p><strong>Haga clic aqu\u00ed para obtener la aplicaci\u00f3n Fox News<\/strong><\/p>\n<p>Fox News Digital le pregunt\u00f3 a Farhan Haq, portavoz de Guterres, si el plan de acci\u00f3n le permitir\u00eda comentar sobre el antisemitismo que emana de la ONU, incluso de sus reporteros especiales. \u00abEl Secretario General no tiene autoridad sobre los expertos independientes que informan al Consejo de Derechos Humanos, y \u00e9l no comenta sobre sus actividades o comentarios\u00bb, dijo Haq. \u00abPero el plan UNAOC est\u00e1 dise\u00f1ado para educar al personal de la ONU sobre el antisemitismo\u00bb.<\/p>\n<p>Bayefsky dijo que la ONU \u00abno puede combatir el antisemitismo sin reconocer su culpa y comenzar con &#8216;Mea culpa'\u00bb.<\/p>\n<p>Ni Navi Pillay ni Francesca Albanese respondieron a las preguntas digitales de Fox News sobre las acusaciones de antisemitismo niveladas contra ellos.  <\/p>\n<\/div>\n\n","protected":false},"excerpt":{"rendered":"<p>\u00danase a Fox News para acceder a este contenido Adem\u00e1s de acceso especial a art\u00edculos seleccionados y otro contenido premium con su cuenta, de forma gratuita. Al ingresar su correo electr\u00f3nico y presionar continuar, usted acepta los t\u00e9rminos de uso y la pol\u00edtica de privacidad de Fox News, que incluye nuestro aviso de incentivo financiero. &hellip;<\/p>\n","protected":false},"author":1,"featured_media":13521,"comment_status":"open","ping_status":"open","sticky":false,"template":"","format":"standard","meta":{"fifu_image_url":"https:\/\/static.foxnews.com\/foxnews.com\/content\/uploads\/2019\/05\/un-nyc-iStock.jpg","fifu_image_alt":"","footnotes":""},"categories":[13],"tags":[],"class_list":["post-13519","post","type-post","status-publish","format-standard","has-post-thumbnail","","category-mundo"],"_links":{"self":[{"href":"https:\/\/noticiasveraces.com\/index.php?rest_route=\/wp\/v2\/posts\/13519","targetHints":{"allow":["GET"]}}],"collection":[{"href":"https:\/\/noticiasveraces.com\/index.php?rest_route=\/wp\/v2\/posts"}],"about":[{"href":"https:\/\/noticiasveraces.com\/index.php?rest_route=\/wp\/v2\/types\/post"}],"author":[{"embeddable":true,"href":"https:\/\/noticiasveraces.com\/index.php?rest_route=\/wp\/v2\/users\/1"}],"replies":[{"embeddable":true,"href":"https:\/\/noticiasveraces.com\/index.php?rest_route=%2Fwp%2Fv2%2Fcomments&post=13519"}],"version-history":[{"count":0,"href":"https:\/\/noticiasveraces.com\/index.php?rest_route=\/wp\/v2\/posts\/13519\/revisions"}],"wp:featuredmedia":[{"embeddable":true,"href":"https:\/\/noticiasveraces.com\/index.php?rest_route=\/wp\/v2\/media\/13521"}],"wp:attachment":[{"href":"https:\/\/noticiasveraces.com\/index.php?rest_route=%2Fwp%2Fv2%2Fmedia&parent=13519"}],"wp:term":[{"taxonomy":"category","embeddable":true,"href":"https:\/\/noticiasveraces.com\/index.php?rest_route=%2Fwp%2Fv2%2Fcategories&post=13519"},{"taxonomy":"post_tag","embeddable":true,"href":"https:\/\/noticiasveraces.com\/index.php?rest_route=%2Fwp%2Fv2%2Ftags&post=13519"}],"curies":[{"name":"wp","href":"https:\/\/api.w.org\/{rel}","templated":true}]}}