{"id":13504,"date":"2025-02-06T08:25:12","date_gmt":"2025-02-06T12:25:12","guid":{"rendered":"https:\/\/noticiasveraces.com\/?p=13504"},"modified":"2025-02-06T08:25:12","modified_gmt":"2025-02-06T12:25:12","slug":"merkel-pide-a-partidos-democrficos-de-alemania-cooperar-dw-06-02-2025","status":"publish","type":"post","link":"https:\/\/noticiasveraces.com\/?p=13504","title":{"rendered":"Merkel Pide A Partidos Democrficos de Alemania Cooperar &#8211; DW &#8211; 06\/02\/2025"},"content":{"rendered":"<p> \n<\/p>\n<div>\n<p>Angela Merkel Advirti\u00f3, en un Evento en Hamburgo, que el Panorama Pol\u00edntico Alem\u00e1n se Ha Polarizado Cadada Vez M\u00e1s Tras los Recientes Acontecimientos en El Bundestag, La C\u00e1mara Baja del Parlamento.<\/p>\n<p>\u00abAhora Tenemos que &#8230; Restaurar una situaci\u00f3n en la que los los Compromisos sean Posibles de Nueva <em>Morir<\/em>.<\/p>\n<p>Un Menos de Tres Semanas de Las Elecciones, Merkel Insisti\u00f3 en que Parece POCO Probable que Cualquier Agrupaci\u00f3n Pol\u00edtica Consiga una Mayor\u00eda Absoluta. \u00abESTO Significa que los Partidos Democr\u00e1tica tender\u00e1n que Volver A Hablar Entre S\u00ed\u00bb, Dijo la Pol\u00edtica, Que Dirigi\u00f3 Alemania Entre 2005 y 2021.<\/p>\n<h2>\u00abTiene Que Haber Volunte de Compromiso\u00bb<\/h2>\n<p>El Excanciller Reconoc\u00ed que es importante Dejar Claras las Diferentes Posiciones en la Campa\u00f1a Electoral, \u00abPero, Simplement, Tiene Que Haber Volunte de Compromiso\u00bb.<\/p>\n<p>LA SEMANA PASADA, MERKEL CR\u00cdTIC\u00d3 A SU PARIDO DE CENTRODERECHA, LA UNION DEM\u00d3CRISTIANA (CDU), REALMENTO EN LA OPOSICI\u00d3N JUNTO A SU HERMANA SOCUESTA SOCUESTRISTIANA B\u00c1VARA CSU, PORABAR UNA MOCI\u00d3N Partido de Ultraderecha alternativa para Alemania (AFD), Permitiendo Obtener Mayor\u00eda Conse Tipo de Alianza \u00abPor Primera Vez en una votaci\u00f3n en el Bundestag Alem\u00e1n\u00bb.<\/p>\n<p>El Hecho Desat\u00f3 Pol\u00e9mica y Protestasen Todo El Pa\u00eds, Por la Ruptura de Lo Que Los Alemanes Llaman \u00abCortafuegos\u00bb O \u00abCord\u00f3n Sanitario\u00bb Contra la ultraderecha, en el pa\u00eds que se responsable de responsabilidad .<\/p>\n<p>Merkel Defendi\u00f3 Sus cryticas A Merz Por Aceptar Una Mayor\u00eda Con Los Votos de Afd, Debido A Que Recibio Varias Consultas de Periodistas y Vio la Necesidad de Hablar. No hab\u00eda informado un merz de antemano y, \u00abNormalmente, no me invitue a disputas polyticas normales, pero pens\u00e9 que era la era un tema fundamentalme importante\u00bb, dijo.<\/p>\n<p><span data-slot-id=\"Article_InContent-1\" class=\"rich-text-ad\"\/><\/p>\n<h2>UNA SOLUCU\u00d3N EUROPEA AL \u00abPROBLEMA DE LOS REFUGADOS\u00bb<\/h2>\n<p>EXCANCILER DE LA CR\u00cdTICO LOS PLANES DEL CDU\/CSU DE RECHAZAR A LOS REFUGIANDOS EN LAS FRONTERAS ALMANAS. Un pesar de Todas las cryticas a su propia pol\u00edtica, Hoy Sigue Convencida de Que \u00abEl Problema de los Refugiados DeBe Resolverse de Forma europea, no en la frontera interior alemana, sino en la frontera europea europea y en negaciones de las negaciones de la or\u00edgena\u00bb , Afirm\u00f3 la Pol\u00edtica de la Cdu. Algo en lo que parece coincidir con la mayor\u00eda de los alemanes, seg\u00fan las encuestas.<\/p>\n<p>Tambi\u00e9n Rechaz\u00f3 las Cr\u00edticas del Candidato A Canciller de la Uni\u00f3n, Friedrich Merz, Que A Partir de 2015 Calific\u00f3 de Equivocada la Pol\u00edtica de Refugiados Durante<\/p>\n<p>Sin embargo, reconoc\u00ed que a\u00fan queda mucho por avanzar, particular en cuanto un hacer cumplir las \u00f3rdenes de salida del pa\u00eds y digitalizar las oficinas de Inmigraci\u00f3n. \u00abEs Necesario Hacer m\u00e1s y Quiz\u00e1s Podr\u00edamos Haber Sido m\u00e1s R\u00e1pidos Aqu\u00ed y All\u00e1. Pero, un fracaso? No Puedo Aceptarlo\u00bb, Agreg\u00f3.<\/p>\n<p>Ante la Polarizaca real, Insisti\u00f3, Es Necesario Volver a una situaci\u00f3n en la Que Sea Posible Llegar A Acuerdos. \u00abMentir\u00eda si no Dijera: Estoy Algo Preocupada por la Capacidad de Compromiso de los Partidos dem\u00f3cratas y su unidad\u00bb, concluy\u00f3.<\/p>\n<p>RML (DPA, Reuters)<\/p>\n<\/div>\n\n","protected":false},"excerpt":{"rendered":"<p>Angela Merkel Advirti\u00f3, en un Evento en Hamburgo, que el Panorama Pol\u00edntico Alem\u00e1n se Ha Polarizado Cadada Vez M\u00e1s Tras los Recientes Acontecimientos en El Bundestag, La C\u00e1mara Baja del Parlamento. \u00abAhora Tenemos que &#8230; Restaurar una situaci\u00f3n en la que los los Compromisos sean Posibles de Nueva Morir. Un Menos de Tres Semanas de &hellip;<\/p>\n","protected":false},"author":1,"featured_media":13505,"comment_status":"open","ping_status":"open","sticky":false,"template":"","format":"standard","meta":{"fifu_image_url":"https:\/\/static.dw.com\/image\/71518793_6.jpg","fifu_image_alt":"","footnotes":""},"categories":[13],"tags":[],"class_list":["post-13504","post","type-post","status-publish","format-standard","has-post-thumbnail","","category-mundo"],"_links":{"self":[{"href":"https:\/\/noticiasveraces.com\/index.php?rest_route=\/wp\/v2\/posts\/13504","targetHints":{"allow":["GET"]}}],"collection":[{"href":"https:\/\/noticiasveraces.com\/index.php?rest_route=\/wp\/v2\/posts"}],"about":[{"href":"https:\/\/noticiasveraces.com\/index.php?rest_route=\/wp\/v2\/types\/post"}],"author":[{"embeddable":true,"href":"https:\/\/noticiasveraces.com\/index.php?rest_route=\/wp\/v2\/users\/1"}],"replies":[{"embeddable":true,"href":"https:\/\/noticiasveraces.com\/index.php?rest_route=%2Fwp%2Fv2%2Fcomments&post=13504"}],"version-history":[{"count":0,"href":"https:\/\/noticiasveraces.com\/index.php?rest_route=\/wp\/v2\/posts\/13504\/revisions"}],"wp:featuredmedia":[{"embeddable":true,"href":"https:\/\/noticiasveraces.com\/index.php?rest_route=\/wp\/v2\/media\/13505"}],"wp:attachment":[{"href":"https:\/\/noticiasveraces.com\/index.php?rest_route=%2Fwp%2Fv2%2Fmedia&parent=13504"}],"wp:term":[{"taxonomy":"category","embeddable":true,"href":"https:\/\/noticiasveraces.com\/index.php?rest_route=%2Fwp%2Fv2%2Fcategories&post=13504"},{"taxonomy":"post_tag","embeddable":true,"href":"https:\/\/noticiasveraces.com\/index.php?rest_route=%2Fwp%2Fv2%2Ftags&post=13504"}],"curies":[{"name":"wp","href":"https:\/\/api.w.org\/{rel}","templated":true}]}}