{"id":13500,"date":"2025-02-06T07:22:49","date_gmt":"2025-02-06T11:22:49","guid":{"rendered":"https:\/\/noticiasveraces.com\/?p=13500"},"modified":"2025-02-06T07:22:49","modified_gmt":"2025-02-06T11:22:49","slug":"torre-grenfell-de-londres-sera-demolida-tras-incendio-dw-06-06-2025","status":"publish","type":"post","link":"https:\/\/noticiasveraces.com\/?p=13500","title":{"rendered":"Torre Grenfell de Londres Ser\u00e1 Demolida Tras Incendio &#8211; DW &#8211; 06\/06\/2025"},"content":{"rendered":"<p> \n<\/p>\n<div>\n<p>La Torre Grenfell de Londres, Devastada por Un incendio en 2017 en el Que Murieron 72 Personas, Ser\u00e1 Demolida, Indicaron dos Asociaciones de V\u00edctimas.<\/p>\n<p>Seg\u00fan Grenfell despu\u00e9s de Kin (Gnk) y Grenfell United, La vice Primera Ministra Brit\u00e1nica Angela Rayner, Tambi\u00e9n Ministra de Vivienda, Les ANuncio La Decisi\u00f3n del Gobierno Laborista en la Noche de Este Mi\u00e9rrcoles (5.02.2024), en UNA Reuni -Poblica. El Ministerio de Vivienda no Confirm\u00f3 de Inmediato la Informaci\u00f3n.<\/p>\n<p>Un Portavoz de Grenfell United, Un Grupo Que Representa A Algunas Familias, Dijo Hoy A Los Medios que Ninguno de los Asistentes a la Reuni\u00f3n Con Rayner apoy\u00f3 la idea.<\/p>\n<p>\u00abPara los familiares M\u00e1s Cercanos de los Fallecidos, ESe Edificio es Santuario y El Lugar de Muerte de Sus Familias en Medediatas, Sus Hermanos, Hermanos, Madres, Padres, ESPOSO, ESSOSAS E HIJOS\u00bb, Dijo un Portavoz de Grenfel Next of Kin,,,, OTRO DE LOS GUPOS QUE Representan un Algunos de los Familiares de Las V\u00edctimas.<\/p>\n<p><span data-slot-id=\"Article_InContent-1\" class=\"rich-text-ad\"\/><\/p>\n<h2>ONU Recordatorio de Que \u00abTodas las Muertes Evitables\u00bb<\/h2>\n<p>La Fachada del Edificio de Apartamentos de Subsidio Estatal Ten\u00eda un Revestimiento de Un Altam\u00e9 Material Inflamable, lo que Motiv\u00f3 Que el Incendio, Que Emez\u00f3 en Uno de los Apartamentos, se Extendiera en Menos de Media Hora por pordo el Edificio.<\/p>\n<p>EL 14 de Junio \u200b\u200bde 2017, un incendio devast\u00f3 esta torre de 24 pisos donde viv\u00edan familias en su mayor\u00eda modestas, en una zona acomodada del oeste de londres. SE TRATA DEL PEOR INCENDIO DE UNO EDIFIO EN EL REINO UNIDO DESDE LA SEgunda Guerra Mundial.<\/p>\n<p>El Informe Final de la Investigaci\u00f3n Sobre la Torre Grenfell, Dado A Conocer El Pasado Septiembre, Concluyo Que \u00abTodas las Muertes Eran Evitables\u00bb, Pues El Desastre Fue El Resultado de \u00abD\u00e9cadas de Fracaso\u00bb por Parte del Gobierno y La Industria de la construcci\u00f3n de la construcci\u00f3n de la construcci\u00f3n de la construcci\u00f3n de la construcci\u00f3n de la construcci\u00f3n de la construcci\u00f3n de la construcci\u00f3n de la construcci\u00f3n de la construcci\u00f3n de la construcci\u00f3n. Para Actuar Sobre los Peligros de los Materiales Inflamables en Los edificios de Gran Alto.<\/p>\n<p>El Primer Ministro, Keir Starmer, se disculp\u00f3 \u00aben nombre del estado brit\u00e1nico\u00bb.<\/p>\n<figure class=\"placeholder-image master_landscape big\"><img data-format=\"MASTER_LANDSCAPE\" data-id=\"70130727\" data-url=\"https:\/\/static.dw.com\/image\/70130727_${formatId}.jpg\" data-aspect-ratio=\"16\/9\" alt=\"&quot;Dencansen Con Amor&quot;Reza Uno de los Mensajes A Las V\u00edctimas del Incendio de la Torre de Grenfell en 2017.\" style=\"padding-bottom: 56.25%; height: 0; max-height: 0;\"\/><figcaption class=\"img-caption\">\u00abDencansen Con Amor\u00bb, Reza Uno de Los Mensajes A Las V\u00edctimas que, Hasta Hoy, No Han Recibido Justicia: Las Familias Regesos Procesos Penales por el Incendio de La Torre de Grenfell en 2017.<small class=\"copyright\">Imagen: Photoshot\/Picture Alliance<\/small><\/figcaption><\/figure>\n<h2>Pendientes Procesos Penales por Fallas Que Llevaron al Incendio<\/h2>\n<p>Lo que queda de la torre ha permanecido en su lugar desde el incendio, con una cubi\u00f3n en el edificio que mudra un gran coraz\u00f3n verde acompa\u00f1ado de las palabras \u00abpor siempre en nuestros corazones\u00bb.<\/p>\n<p>En los \u00daltimos A\u00f1os Hubo Distintas Opinyes Sobre que Hacer Con El Edificio, Ya que algunos SOBREVIVENTES SENTEN QUE LA TORRE DEBER\u00cdA PERMANECER EN Su Lugar Hasta Que Haya Procesos Penales por Las Fallas Que Llevaron al Incendio.<\/p>\n<p>La Asociatura Grenfell despu\u00e9s de Kin Dijo Que le Hubiera Gustado que la Torre se Mantuviera en Pie para Recordar La Cat\u00e1sstrofe Pero Reconocle que no es posible por \u00abRazones de Seguridad\u00bb.<\/p>\n<p>Por su parte la Asociatura Grenfell United Lament\u00f3 que no se haya consultado la decisi\u00f3n con las v\u00edctimas y sus familias.<\/p>\n<p>RML (EFE, AFP)<\/p>\n<\/div>\n\n","protected":false},"excerpt":{"rendered":"<p>La Torre Grenfell de Londres, Devastada por Un incendio en 2017 en el Que Murieron 72 Personas, Ser\u00e1 Demolida, Indicaron dos Asociaciones de V\u00edctimas. Seg\u00fan Grenfell despu\u00e9s de Kin (Gnk) y Grenfell United, La vice Primera Ministra Brit\u00e1nica Angela Rayner, Tambi\u00e9n Ministra de Vivienda, Les ANuncio La Decisi\u00f3n del Gobierno Laborista en la Noche de &hellip;<\/p>\n","protected":false},"author":1,"featured_media":13501,"comment_status":"open","ping_status":"open","sticky":false,"template":"","format":"standard","meta":{"fifu_image_url":"https:\/\/static.dw.com\/image\/70130741_6.jpg","fifu_image_alt":"","footnotes":""},"categories":[13],"tags":[],"class_list":["post-13500","post","type-post","status-publish","format-standard","has-post-thumbnail","","category-mundo"],"_links":{"self":[{"href":"https:\/\/noticiasveraces.com\/index.php?rest_route=\/wp\/v2\/posts\/13500","targetHints":{"allow":["GET"]}}],"collection":[{"href":"https:\/\/noticiasveraces.com\/index.php?rest_route=\/wp\/v2\/posts"}],"about":[{"href":"https:\/\/noticiasveraces.com\/index.php?rest_route=\/wp\/v2\/types\/post"}],"author":[{"embeddable":true,"href":"https:\/\/noticiasveraces.com\/index.php?rest_route=\/wp\/v2\/users\/1"}],"replies":[{"embeddable":true,"href":"https:\/\/noticiasveraces.com\/index.php?rest_route=%2Fwp%2Fv2%2Fcomments&post=13500"}],"version-history":[{"count":0,"href":"https:\/\/noticiasveraces.com\/index.php?rest_route=\/wp\/v2\/posts\/13500\/revisions"}],"wp:featuredmedia":[{"embeddable":true,"href":"https:\/\/noticiasveraces.com\/index.php?rest_route=\/wp\/v2\/media\/13501"}],"wp:attachment":[{"href":"https:\/\/noticiasveraces.com\/index.php?rest_route=%2Fwp%2Fv2%2Fmedia&parent=13500"}],"wp:term":[{"taxonomy":"category","embeddable":true,"href":"https:\/\/noticiasveraces.com\/index.php?rest_route=%2Fwp%2Fv2%2Fcategories&post=13500"},{"taxonomy":"post_tag","embeddable":true,"href":"https:\/\/noticiasveraces.com\/index.php?rest_route=%2Fwp%2Fv2%2Ftags&post=13500"}],"curies":[{"name":"wp","href":"https:\/\/api.w.org\/{rel}","templated":true}]}}