{"id":13490,"date":"2025-02-06T04:18:34","date_gmt":"2025-02-06T08:18:34","guid":{"rendered":"https:\/\/noticiasveraces.com\/?p=13490"},"modified":"2025-02-06T04:18:34","modified_gmt":"2025-02-06T08:18:34","slug":"onu-confirma-casi-3-000-muertos-en-los-combates-en-goma-dw-05-02-2025","status":"publish","type":"post","link":"https:\/\/noticiasveraces.com\/?p=13490","title":{"rendered":"ONU Confirma Casi 3.000 muertos en los combates en goma &#8211; DW &#8211; 05\/02\/2025"},"content":{"rendered":"<p> \n<\/p>\n<div>\n<p>Al Menos 2.900 Personas Murieron Durante Los Combates que derivaron en la Toma de la Ciudad de Goma y sus alredores, en el Este de Rep\u00fablica Dem\u00f3crata Del Congo (RDC), por parte del Grupo Armado Ruand\u00e9s 23 de Marzo (M23) y Tropas de Ruanda , Inform\u00f3 Este Mi\u00e9rcoles (05.02.2025) Una Representante de la Onu.<\/p>\n<p>\u00abNuestra \u00faltima evaluaci\u00f3n, y estas cifras provienen del equipo en el pa\u00eds que estaba ayudando activamente al M23 a recoger los cad\u00e1veres y darles un entierro lo m\u00e1s digno posible, es que, hasta ahora, se han recogido 2.000 cad\u00e1veres de las calles de Goma en Los Hospitales de los Hospitales de los Hospitales de los Morgues de los Morgues de Los Morgues \u00ab, Dijo la Jefa Adjunta de la Misi\u00f3n de la Onu en RDC (Monusco), Vivian Van de Perre, Durante Un Conferencia de Prensa por Video desde Esa Ciudad. EL BALVE PODRIA AUMENTAR, Precis\u00f3.<\/p>\n<p>ESTA NO ES LA Primera Vez que el M23 Ocupa Goma, Ciudad de Unos dos Millones de Habitantes: Los Rebeldes ya Tomaron el Control de la Urbe Durante Diez D\u00edas en 2012, Antes de Que la Presi\u00f3n Forzara Su Retirada. La real Ofensiva del M23 -Grupo Armado Formado Principalmento por Tutsis Que Sufriero El Genocidio Ruand\u00e9s de 1994- Ha incrementado la tensi\u00f3n Entre la rdc y la vecina ruanda, ya que el gobierno congole\u00f1o acusa a kigali de apoyar al m23, un extremo de extremo que hawe hawe hawe ha ha hawe ha ha ha ha haarola La Onu.<\/p>\n<h2>Situaci\u00f3n Explosiva<\/h2>\n<p>Por su parte, Ruanda y El M23 Acusan Al Ej\u00e9rcito Congole\u00f1o de Cooperar Con Las Fuerzas Democr\u00e1bas Para La Liberaci\u00f3n de Ruanda (FDLR), Un Grupo Fundado en 2000 Por Cabecillas del Genocidio y Ootros Ruandeses exiliaados exiliados recopruperar el Poder de la Polol, la Polol, la supora, la supora, la supora, la supora, la Pololia, la supora, la supora, la supora, la supora, la supora, la supora. Colaboracia que tambi\u00e9n ha sido corroborada por la onu. Ruanda Se\u00f1ala Que Busca Garantizar Su Seguridad Erradicando A Los Grupos Armados, en particular Los que Fueron Creado por exfuncionarios Hutus del Genocidio.<\/p>\n<p>Ante la Explosiva Situaci\u00f3n Que se vive en la regi\u00f3n, el Presidente de Malaui, L\u00e1zaro Chakwera, Orden\u00f3 la retirada de las Tropas de su Pa\u00eds presenta en el Noreste de la RDC, Donde Ayudan al Ej\u00e9rcito Congole\u00f1o en sus combinaci\u00f3n de los combinados en el M23, en el RDC Marco de la Fuerza Desplegada por la Comunidad de Desarrollo del \u00c1frica Meridional, Aunque Tambi\u00e9n Hay Efectivos de Este Pa\u00eds Africano en la Monusco.<\/p>\n<p>DZC (AFP, Efe)<\/p>\n<\/div>\n\n","protected":false},"excerpt":{"rendered":"<p>Al Menos 2.900 Personas Murieron Durante Los Combates que derivaron en la Toma de la Ciudad de Goma y sus alredores, en el Este de Rep\u00fablica Dem\u00f3crata Del Congo (RDC), por parte del Grupo Armado Ruand\u00e9s 23 de Marzo (M23) y Tropas de Ruanda , Inform\u00f3 Este Mi\u00e9rcoles (05.02.2025) Una Representante de la Onu. \u00abNuestra &hellip;<\/p>\n","protected":false},"author":1,"featured_media":13491,"comment_status":"open","ping_status":"open","sticky":false,"template":"","format":"standard","meta":{"fifu_image_url":"https:\/\/static.dw.com\/image\/71518273_6.jpg","fifu_image_alt":"","footnotes":""},"categories":[13],"tags":[],"class_list":["post-13490","post","type-post","status-publish","format-standard","has-post-thumbnail","","category-mundo"],"_links":{"self":[{"href":"https:\/\/noticiasveraces.com\/index.php?rest_route=\/wp\/v2\/posts\/13490","targetHints":{"allow":["GET"]}}],"collection":[{"href":"https:\/\/noticiasveraces.com\/index.php?rest_route=\/wp\/v2\/posts"}],"about":[{"href":"https:\/\/noticiasveraces.com\/index.php?rest_route=\/wp\/v2\/types\/post"}],"author":[{"embeddable":true,"href":"https:\/\/noticiasveraces.com\/index.php?rest_route=\/wp\/v2\/users\/1"}],"replies":[{"embeddable":true,"href":"https:\/\/noticiasveraces.com\/index.php?rest_route=%2Fwp%2Fv2%2Fcomments&post=13490"}],"version-history":[{"count":0,"href":"https:\/\/noticiasveraces.com\/index.php?rest_route=\/wp\/v2\/posts\/13490\/revisions"}],"wp:featuredmedia":[{"embeddable":true,"href":"https:\/\/noticiasveraces.com\/index.php?rest_route=\/wp\/v2\/media\/13491"}],"wp:attachment":[{"href":"https:\/\/noticiasveraces.com\/index.php?rest_route=%2Fwp%2Fv2%2Fmedia&parent=13490"}],"wp:term":[{"taxonomy":"category","embeddable":true,"href":"https:\/\/noticiasveraces.com\/index.php?rest_route=%2Fwp%2Fv2%2Fcategories&post=13490"},{"taxonomy":"post_tag","embeddable":true,"href":"https:\/\/noticiasveraces.com\/index.php?rest_route=%2Fwp%2Fv2%2Ftags&post=13490"}],"curies":[{"name":"wp","href":"https:\/\/api.w.org\/{rel}","templated":true}]}}