{"id":13485,"date":"2025-02-06T03:03:17","date_gmt":"2025-02-06T07:03:17","guid":{"rendered":"https:\/\/noticiasveraces.com\/?p=13485"},"modified":"2025-02-06T03:03:17","modified_gmt":"2025-02-06T07:03:17","slug":"cuando-acabe-el-reto-hare-una-fiesta-ahora-quiero-un-bocadillo-de-jamon","status":"publish","type":"post","link":"https:\/\/noticiasveraces.com\/?p=13485","title":{"rendered":"\u00abCuando Acabe El Reto Har\u00e9 una Fiesta, Ahora Quiero Un Bocadillo de Jam\u00f3n\u00bb"},"content":{"rendered":"<p> \n<\/p>\n<div id=\"intext\">\n<p><b>Estefan\u00eda unzu ripoll<\/b>M\u00e1s Conocida como Verdeliss, Sigue Haciendo Historia en el <b>&#8216;World Marathon Challenge&#8217;,<\/b> Un Reto que consulte en <b>Correr Siete Maratones en Siete D\u00edas y en Siete Continentes Diferentes.<\/b> ESTE MARTES EMOCIONADA LLEGABA A MADRID DONDE LA VERABAN SUS OCHO HIJOS, SU MARIDO Y EL Resto de su familia. En la capital espa\u00f1ola le tocaba correr su <b>Quinto Marat\u00f3n Consecutivo. <\/b><\/p>\n<p>Cog\u00eda las \u00datimas Fuerzas Antes de Tomar la Salida, Ten\u00eda Que Correr <b>12 Vueltas Alrededor del Circuito del Jarama (Madrid) <\/b>y Tras completar el recorrido Cruzaba la Primera la L\u00ednea de Meta y Ah\u00ed la Recib\u00eda Toda Su Familia. \u00abYo \u00e9l Sentido Muy Arropada Durante TODO El RECORRIDO, Ver A Tanta Gente en la L\u00ednea de Meta es un chute de motivaci\u00f3n para se guir adelante\u00bb, afirmaba verdeliss en la meta a antena 3 deportes.<\/p>\n<h2 class=\"title-h2\">\u00abLa Fatiga Ya Pesa\u00bb<\/h2>\n<p>Verdeliss Lleg\u00f3 a madrid tras una agotadora Traves\u00eda Internacional Y, Pese Al Desgaste F\u00edsico, Logr\u00f3 Imponerse Con <b>Un tiempo de 3:11:27, <\/b>Liderando la Carrera de Principio A Fin, Es La Quinta Marat\u00f3n Que Ha Bajado de Las Tres Horas y Media. \u00abNo hay soja una persona Sobrehumana, ni ninguna extraterr\u00edn y empiezo a notar la fatiga\u00bb, Reconoc\u00eda.<\/p>\n<p>Aunque Llegaba Cansada a la Meta, la Navarra Bromeeba que Ten\u00eda Fuerzas Para Seguir corrido y al o\u00eddo de una de sus hijas le dec\u00eda los planos que iba a hacer cuando acabar\u00e1 el reto Quiero un bocadillo de Jam\u00f3n \u00ab.<\/p>\n<h2 class=\"title-h2\">Ha contando con el apoyo de su familia<\/h2>\n<p>El Evento en El Jarama Tuvo una atm\u00f3sfera especial para la Atleta, ya que en la recta de meta la Esperaban su madre, su marido y sus ocho hijos, quienes la recibieron con aplhausos y pancartas.<\/p>\n<p>\u00abLo de Est\u00e1 HaciDo es algo inexplicable, algo que se sale de lo normal. ESTOY MUY ORGULLOSO DE TENER UNA HIJA COMO ELLA DE ADEM\u00c1S EST\u00c9 HACIEILE .<\/p>\n<p>Su hija laia Tambi\u00e9n Estaba Contenta por su madre Aunque Reconocimiento que Todos sus Hermanos y Ella La Est\u00e1n Echando Mucho de Menos.<\/p>\n<p>Con Esta Nueva Victoria, La Atleta Navarra se acerca una gran gran gesta. Hoy Viaj\u00f3 a Brasil Donde Ha Vuelto a Ganar, S\u00f3lo le Queda Miami para Conseguir este Reto, una haza\u00f1a deportiva realizada por primera vez por una mujer espa\u00f1ola.<\/p>\n<h2 class=\"title-h2\">Un Reto Solidario<\/h2>\n<p>El Esfuerzo de la Navarra no solo es un desaf\u00edo Deportivo, Sino tambi\u00e9n una causa solidar\u00eda. TODO lo recaudado en su participaci\u00f3n en este Reto Est\u00e1 Destinado a la Investigaci\u00f3n del S\u00edndrome de Menke-Hennekam, Una Enfermedad Rara. \u00abCada Paso que doy es por Claudia y por Todas las Personas que Necesitan Ayuda para Seguir Adelante\u00bb, Explic\u00f3 la Influencer.<\/p>\n<p><i>S\u00edguenos en nuestro canal de whatsapp y no te Pierdas la \u00daLtima Hora y Toda la actualidad de antena3noticias.com<\/i><\/p>\n<div class=\"recirculation-video\" data-mod=\"a3mod_recirculation_video\">\n<div class=\"recirculation-video-wrapper\">\n<div>\n<div class=\"video-wrapper\">\n  <picture class=\"video-main-picture\"><source media=\"(min-width: 481px)\" srcset=\"https:\/\/fotografias.antena3.com\/clipping\/cmsimages01\/2025\/02\/04\/0365BDD4-19DF-4611-B2DB-1194A283FF20\/miguel-lozano-instruye-control-metal-traves-frio_94.jpg?crop=1920,1080,x0,y0&amp;width=800&amp;height=450&amp;optimize=medium&amp;format=webply\" width=\"800\" height=\"450\"><source media=\"(min-width: 391px) and (max-width: 480px)\" srcset=\"https:\/\/fotografias.antena3.com\/clipping\/cmsimages01\/2025\/02\/04\/0365BDD4-19DF-4611-B2DB-1194A283FF20\/miguel-lozano-instruye-control-metal-traves-frio_70.jpg?crop=1920,1080,x0,y0&amp;width=480&amp;height=270&amp;optimize=high&amp;format=webply\" width=\"480\" height=\"270\"><source media=\"(min-width: 321px) and (max-width: 390px)\" srcset=\"https:\/\/fotografias.antena3.com\/clipping\/cmsimages01\/2025\/02\/04\/0365BDD4-19DF-4611-B2DB-1194A283FF20\/miguel-lozano-instruye-control-metal-traves-frio_92.jpg?crop=1920,1078,x0,y1&amp;width=390&amp;height=219&amp;optimize=high&amp;format=webply\" width=\"390\" height=\"219\"><source media=\"(max-width: 320px)\" srcset=\"https:\/\/fotografias.antena3.com\/clipping\/cmsimages01\/2025\/02\/04\/0365BDD4-19DF-4611-B2DB-1194A283FF20\/miguel-lozano-instruye-control-metal-traves-frio_52.jpg?crop=1920,1080,x0,y0&amp;width=320&amp;height=180&amp;optimize=high&amp;format=webply\" width=\"320\" height=\"180\"><img decoding=\"async\" title=\"Miguel Lozano Instruye en El Control Metal A Trav\u00e9s del Fr\u00edo\" alt=\"Miguel Lozano Instruye en El Control Metal A Trav\u00e9s del Fr\u00edo\" width=\"480\" height=\"270\" src=\"https:\/\/fotografias.antena3.com\/clipping\/cmsimages01\/2025\/02\/04\/0365BDD4-19DF-4611-B2DB-1194A283FF20\/miguel-lozano-instruye-control-metal-traves-frio_70.jpg?crop=1920,1080,x0,y0&amp;width=480&amp;height=270&amp;optimize=high&amp;format=webply\" loading=\"lazy\" class=\"lazy\"\/><br \/>\n  <\/source><\/source><\/source><\/source><\/picture>\n <\/div>\n<\/div><\/div>\n<\/p><\/div>\n<\/div>\n\n","protected":false},"excerpt":{"rendered":"<p>Estefan\u00eda unzu ripollM\u00e1s Conocida como Verdeliss, Sigue Haciendo Historia en el &#8216;World Marathon Challenge&#8217;, Un Reto que consulte en Correr Siete Maratones en Siete D\u00edas y en Siete Continentes Diferentes. ESTE MARTES EMOCIONADA LLEGABA A MADRID DONDE LA VERABAN SUS OCHO HIJOS, SU MARIDO Y EL Resto de su familia. En la capital espa\u00f1ola le &hellip;<\/p>\n","protected":false},"author":1,"featured_media":13487,"comment_status":"open","ping_status":"open","sticky":false,"template":"","format":"standard","meta":{"fifu_image_url":"https:\/\/fotografias.antena3.com\/clipping\/cmsimages01\/2025\/02\/05\/B59357BD-AB9E-4496-AC79-B4DB81C8F4C4\/atleta-navarra-verdeliss_69.jpg?crop=1920,1080,x0,y0&width=1280&height=720&optimize=low&format=jpg","fifu_image_alt":"","footnotes":""},"categories":[6],"tags":[],"class_list":["post-13485","post","type-post","status-publish","format-standard","has-post-thumbnail","","category-deportes"],"_links":{"self":[{"href":"https:\/\/noticiasveraces.com\/index.php?rest_route=\/wp\/v2\/posts\/13485","targetHints":{"allow":["GET"]}}],"collection":[{"href":"https:\/\/noticiasveraces.com\/index.php?rest_route=\/wp\/v2\/posts"}],"about":[{"href":"https:\/\/noticiasveraces.com\/index.php?rest_route=\/wp\/v2\/types\/post"}],"author":[{"embeddable":true,"href":"https:\/\/noticiasveraces.com\/index.php?rest_route=\/wp\/v2\/users\/1"}],"replies":[{"embeddable":true,"href":"https:\/\/noticiasveraces.com\/index.php?rest_route=%2Fwp%2Fv2%2Fcomments&post=13485"}],"version-history":[{"count":0,"href":"https:\/\/noticiasveraces.com\/index.php?rest_route=\/wp\/v2\/posts\/13485\/revisions"}],"wp:featuredmedia":[{"embeddable":true,"href":"https:\/\/noticiasveraces.com\/index.php?rest_route=\/wp\/v2\/media\/13487"}],"wp:attachment":[{"href":"https:\/\/noticiasveraces.com\/index.php?rest_route=%2Fwp%2Fv2%2Fmedia&parent=13485"}],"wp:term":[{"taxonomy":"category","embeddable":true,"href":"https:\/\/noticiasveraces.com\/index.php?rest_route=%2Fwp%2Fv2%2Fcategories&post=13485"},{"taxonomy":"post_tag","embeddable":true,"href":"https:\/\/noticiasveraces.com\/index.php?rest_route=%2Fwp%2Fv2%2Ftags&post=13485"}],"curies":[{"name":"wp","href":"https:\/\/api.w.org\/{rel}","templated":true}]}}