{"id":13451,"date":"2025-02-05T22:11:41","date_gmt":"2025-02-06T02:11:41","guid":{"rendered":"https:\/\/noticiasveraces.com\/?p=13451"},"modified":"2025-02-05T22:11:41","modified_gmt":"2025-02-06T02:11:41","slug":"frenan-decreto-que-negaba-ciudadania-por-nacimiento-dw-06-02-2025","status":"publish","type":"post","link":"https:\/\/noticiasveraces.com\/?p=13451","title":{"rendered":"Frenan Decreto Que Negaba Ciudadan\u00eda por Nacimiento &#8211; DW &#8211; 06\/02\/2025"},"content":{"rendered":"<p> \n<\/p>\n<div>\n<p>Una Jueza Federal Bloque\u00f3 El Mi\u00e9rcoles (05.02.2025) El Intento de Donald Trump de Restringir la CiADan\u00eda por Nacimiento en Estados Unidos, Un Duro Golpe para las Pretensiones del Presidente de Poner Fin a un derecho consagrado en la Constituci\u00f3n.<\/p>\n<p>El Fallo Proh\u00edbe Indefinidamento la Aplicacia de Una de las \u00f3rdenes Ejecutivas m\u00e1s controvertidas de Trump, que Deb\u00eda entar en vigor en Todo el Pa\u00eds el 19 de febrero.<\/p>\n<p>\u00abLa negaci\u00f3n del preciado derecho a la ciadan\u00eda causar\u00e1 un da\u00f1o irreparable\u00bb, Dijo la jueza de Distito Deborah Boardman Durante una Audios en un tribunal de Maryland.<\/p>\n<p>Destac\u00f3 que los Precedentes de la Corte suprema protegen la Ciudadan\u00eda por Nacimiento y Agreg\u00f3 que la orden de Trump \u00abEntra en Conforto Con El Lenguaje Llano de la 14\u00aa Enmiende\u00bb, Inform\u00f3 el <em>Washington Post<\/em>.<\/p>\n<p>\u00abNing\u00fan Tribunal del Pa\u00eds ha Respaldado Nunca la Interpretaci\u00f3n del Presidente\u00bb, Dijo. \u00abESTA CORTE NO SER\u00c1 LA PRIMERA\u00bb.<\/p>\n<blockquote class=\"tweet embed\" data-id=\"1887280654695493834\"\/>\n<p>La Orden Judicial se suma a una suspensiva de 14 D\u00edas emitida en enero por el Juez Federal Del Estado de Washington John Coughenour, que considere el decreto \u00abDescaradamete inconstitucional\u00bb. Trump declar\u00f3 que entonces que Pensaba Apelar El Fallo.<\/p>\n<p>La ciadan\u00eda por derecho de nacimiento est\u00e1 consagrada en la constituci\u00f3n de Estados Unidos Bajo la 14\u00aa enmienda, que decreta que cualquier personaje nacida en territorio estadounidense es ciadadana.<\/p>\n<p>El Decreto de Trump se basa en la idea de Que Cualquier Persona que se Encuentre en Estados Unidos Ilegalmento, o con una visa, no est\u00e1 \u00abazeta a la jurisdicci\u00f3n\u00bb del pa\u00eds y, por lo tanto, queda excluida de esta categor\u00eda.<\/p>\n<p>Sus detractores argumentan que la enmienda, Ratificada en 1868, Cuando Estados Unidos intentaba recuperarse de la Guerra Civil, Lleva M\u00e1s de unglo Vigente.<\/p>\n<p>GS (AFP, AP, Reuters)<\/p>\n<div class=\"vjs-wrapper embed big\">\n<h2 aria-label=\"Video integrado \u2014 &quot;El racismo se est\u00e1 normalizando en Estados Unidos&quot; \" class=\"headline\"><svg xmlns=\"http:\/\/www.w3.org\/2000\/svg\" viewbox=\"0 0 20 20\"><g fill-rule=\"evenodd\"><path d=\"M14.114 7.599H13.5l.002 4.706h.601l4.582 3.25-.005-11.11zM11.084 4.444l-9.007.002-1.336.797.002 9.514 1.334.793 9.007.006 1.509-.799-.004-9.516z\"\/><\/g><\/svg>\u00abEl Racismo se Est\u00e1 Normalizando en Estados Unidos\u00bb <\/h2>\n<p><video id=\"video-42158718\" controls=\"\" playsinline=\"\" preload=\"none\" poster=\"data:image\/png;base64,iVBORw0KGgoAAAANSUhEUgAAAAEAAAABCAQAAAC1HAwCAAAAC0lEQVR42mNkYAAAAAYAAjCB0C8AAAAASUVORK5CYII=\" data-id=\"42158718\" data-posterurl=\"https:\/\/tvdownloaddw-a.akamaihd.net\/stills\/images\/js\/js20180115_xmirwebneu_image_512x288_3.jpg\" data-duration=\"02:40\"><source src=\"https:\/\/hlsvod.dw.com\/i\/dwtv_video\/flv\/js\/js20180115_xmirwebneu_,sd_sor,sd_avc,.mp4.csmil\/master.m3u8\" type=\"application\/x-mpegURL\"><source src=\"https:\/\/tvdownloaddw-a.akamaihd.net\/dwtv_video\/flv\/js\/js20180115_xmirwebneu_sd_avc.mp4\" type=\"video\/mp4\"><p class=\"vjs-no-js\">Para ver este video, habilite JavaScript y considere actualizar a un navegador web que admite el video HTML5<\/p>\n<p><\/source><\/source><\/video><\/div>\n<\/div>\n\n","protected":false},"excerpt":{"rendered":"<p>Una Jueza Federal Bloque\u00f3 El Mi\u00e9rcoles (05.02.2025) El Intento de Donald Trump de Restringir la CiADan\u00eda por Nacimiento en Estados Unidos, Un Duro Golpe para las Pretensiones del Presidente de Poner Fin a un derecho consagrado en la Constituci\u00f3n. El Fallo Proh\u00edbe Indefinidamento la Aplicacia de Una de las \u00f3rdenes Ejecutivas m\u00e1s controvertidas de Trump, &hellip;<\/p>\n","protected":false},"author":1,"featured_media":13452,"comment_status":"open","ping_status":"open","sticky":false,"template":"","format":"standard","meta":{"fifu_image_url":"https:\/\/static.dw.com\/image\/71332651_6.jpg","fifu_image_alt":"","footnotes":""},"categories":[13],"tags":[],"class_list":["post-13451","post","type-post","status-publish","format-standard","has-post-thumbnail","","category-mundo"],"_links":{"self":[{"href":"https:\/\/noticiasveraces.com\/index.php?rest_route=\/wp\/v2\/posts\/13451","targetHints":{"allow":["GET"]}}],"collection":[{"href":"https:\/\/noticiasveraces.com\/index.php?rest_route=\/wp\/v2\/posts"}],"about":[{"href":"https:\/\/noticiasveraces.com\/index.php?rest_route=\/wp\/v2\/types\/post"}],"author":[{"embeddable":true,"href":"https:\/\/noticiasveraces.com\/index.php?rest_route=\/wp\/v2\/users\/1"}],"replies":[{"embeddable":true,"href":"https:\/\/noticiasveraces.com\/index.php?rest_route=%2Fwp%2Fv2%2Fcomments&post=13451"}],"version-history":[{"count":0,"href":"https:\/\/noticiasveraces.com\/index.php?rest_route=\/wp\/v2\/posts\/13451\/revisions"}],"wp:featuredmedia":[{"embeddable":true,"href":"https:\/\/noticiasveraces.com\/index.php?rest_route=\/wp\/v2\/media\/13452"}],"wp:attachment":[{"href":"https:\/\/noticiasveraces.com\/index.php?rest_route=%2Fwp%2Fv2%2Fmedia&parent=13451"}],"wp:term":[{"taxonomy":"category","embeddable":true,"href":"https:\/\/noticiasveraces.com\/index.php?rest_route=%2Fwp%2Fv2%2Fcategories&post=13451"},{"taxonomy":"post_tag","embeddable":true,"href":"https:\/\/noticiasveraces.com\/index.php?rest_route=%2Fwp%2Fv2%2Ftags&post=13451"}],"curies":[{"name":"wp","href":"https:\/\/api.w.org\/{rel}","templated":true}]}}