{"id":13446,"date":"2025-02-05T21:01:35","date_gmt":"2025-02-06T01:01:35","guid":{"rendered":"https:\/\/noticiasveraces.com\/?p=13446"},"modified":"2025-02-05T21:01:35","modified_gmt":"2025-02-06T01:01:35","slug":"oscar-freire-se-pronuncia-tras-su-desaparicion-y-lamento-la-repercusion-de-un-tema-personal-e-imtimo","status":"publish","type":"post","link":"https:\/\/noticiasveraces.com\/?p=13446","title":{"rendered":"\u00d3scar Freire se pronuncia tras su desaparici\u00f3n y Lamento la repercusi\u00f3n \u00abde un tema personal e \u00edmtimo\u00bb"},"content":{"rendered":"<p> \n<\/p>\n<div id=\"intext\">\n<p><b>\u00d3scar freire<\/b> se Ha pronunciado Tras la Denuncia de desaparici\u00f3n\u00f3n puesta por parte de su Mujer. El Ciclista Asegura que se Trata<b> \u00abde un tema estrictam\u00e9 del \u00e1mito personal e \u00edstimo\u00bb,<\/b> LAMENA la Repercusi\u00f3n y Trascendencia y Pide Respeto.<\/p>\n<p>El <b>Tricampe\u00f3n del Mundo de Ciclismo,<\/b> que ya se Encuentra en Su Domicilio Tal y como confirmaci\u00f3n el Comunicado emitido por el Deportista A Trav\u00e9s de la Agencia Efe, Pide Que se Respete Su Intimidad y Reitera que se Encuentra en Perfectas Condiciones.<\/p>\n<p>La Familia del Ciclista \u00abLAMENA la preocupaci\u00f3n que Ha podio Ocionarsar la Noticia de la desaparici\u00f3nis temporal de \u00d3car Freire Ya la Vez Agradece el Inter\u00e9s Mostrado por los Aficionados y Prensa en General\u00bb. Al Mismo Tiempo El Propio Corredor y Su Familia Solicitan Que Se<b> \u00abRespete su intimidad y que cesen los comentarios al respeto en las redes sociales\u00bb<\/b>.<\/p>\n<p>Las alarmas saltaban una primera de la tarde de este mi\u00e9rcoles, cuando se conoc\u00eda la denuncia de desaparici\u00f3n por parte de sujer. Freire Llevaba dos D\u00edas sin Dar Noticias y Se Hab\u00eda Marchado Por Su Pie Dejando en Casa Su Cartera, Llaves, M\u00f3vil y Tarjetas Bancarias.<\/p>\n<p>Afortunadamento El Ciclista se Encontraba Bien y Pronto se le localizaba. HORAS DESPU\u00c9S, EL TRES VECES CAMPEON DEL MUNDO EMITIA DICHO COMUNICADO. TRAS UNA R\u00c1PIDA INVESTIGACI\u00d3N Determinaba que el Exciclista <b>Hab\u00eda Abandonado Su Domicilio de Forma Voluntaria <\/b>y que estaba<b> localizado en un lugar de espa\u00f1a sen determinar<\/b>.<\/p>\n<p>FUENTES DE LA INVESTIGACI\u00d3N HAN ACLARADO A LA AGENCIA EFE QUE LA LA ESPOSA DE FARIRE Las \u00datimas 48 A\u00f1os, decidi\u00f3 <b>denunciarlo<\/b>.<\/p>\n<p><b>Edu garc\u00eda<\/b>Director de Radioestadio de Onda Cero, Confirma A Primer Hora de la Tarde de Este Mi\u00e9rcoles en El Programa &#8216;Y Ahora Sonsoles&#8217; de Antena 3 Que Javier Barbero, Periodista de Onda Cero Santander, Hab\u00eda Hablado Con El Hermano de \u00d3carcar Freire y Que \u00e9rste Le Hab\u00eda Aseguminado Que \u00d3scar \u00abEst\u00e1 Bien\u00bb.<\/p>\n<p><i>Esguenos en nuestro <\/i><i><strong>Canal de whatsapp<\/strong><\/i><i>  y no te Pierdas la \u00daltima Hora y Toda la actualidad de antena3noticias.com<\/i><\/p>\n<div class=\"recirculation-video\" data-mod=\"a3mod_recirculation_video\">\n<div class=\"recirculation-video-wrapper\">\n<div>\n<div class=\"video-wrapper\">\n  <picture class=\"video-main-picture\"><source media=\"(min-width: 481px)\" srcset=\"https:\/\/fotografias.antena3.com\/clipping\/cmsimages01\/2025\/02\/05\/7AD197D8-DD76-4EB6-8860-A44EBE8043A4\/gerard-pique-iker-casillas_94.jpg?crop=1920,1080,x0,y0&amp;width=800&amp;height=450&amp;optimize=medium&amp;format=webply\" width=\"800\" height=\"450\"><source media=\"(min-width: 391px) and (max-width: 480px)\" srcset=\"https:\/\/fotografias.antena3.com\/clipping\/cmsimages01\/2025\/02\/05\/7AD197D8-DD76-4EB6-8860-A44EBE8043A4\/gerard-pique-iker-casillas_70.jpg?crop=1920,1080,x0,y0&amp;width=480&amp;height=270&amp;optimize=high&amp;format=webply\" width=\"480\" height=\"270\"><source media=\"(min-width: 321px) and (max-width: 390px)\" srcset=\"https:\/\/fotografias.antena3.com\/clipping\/cmsimages01\/2025\/02\/05\/7AD197D8-DD76-4EB6-8860-A44EBE8043A4\/gerard-pique-iker-casillas_92.jpg?crop=1920,1078,x0,y0&amp;width=390&amp;height=219&amp;optimize=high&amp;format=webply\" width=\"390\" height=\"219\"><source media=\"(max-width: 320px)\" srcset=\"https:\/\/fotografias.antena3.com\/clipping\/cmsimages01\/2025\/02\/05\/7AD197D8-DD76-4EB6-8860-A44EBE8043A4\/gerard-pique-iker-casillas_52.jpg?crop=1920,1080,x0,y0&amp;width=320&amp;height=180&amp;optimize=high&amp;format=webply\" width=\"320\" height=\"180\"><img decoding=\"async\" title=\"Gerard Piqu\u00e9 e iker casillas\" alt=\"Gerard Piqu\u00e9 e iker casillas\" width=\"480\" height=\"270\" src=\"https:\/\/fotografias.antena3.com\/clipping\/cmsimages01\/2025\/02\/05\/7AD197D8-DD76-4EB6-8860-A44EBE8043A4\/gerard-pique-iker-casillas_70.jpg?crop=1920,1080,x0,y0&amp;width=480&amp;height=270&amp;optimize=high&amp;format=webply\" loading=\"lazy\" class=\"lazy\"\/><br \/>\n  <\/source><\/source><\/source><\/source><\/picture>\n <\/div>\n<\/div><\/div>\n<\/p><\/div>\n<\/div>\n\n","protected":false},"excerpt":{"rendered":"<p>\u00d3scar freire se Ha pronunciado Tras la Denuncia de desaparici\u00f3n\u00f3n puesta por parte de su Mujer. El Ciclista Asegura que se Trata \u00abde un tema estrictam\u00e9 del \u00e1mito personal e \u00edstimo\u00bb, LAMENA la Repercusi\u00f3n y Trascendencia y Pide Respeto. El Tricampe\u00f3n del Mundo de Ciclismo, que ya se Encuentra en Su Domicilio Tal y como &hellip;<\/p>\n","protected":false},"author":1,"featured_media":13448,"comment_status":"open","ping_status":"open","sticky":false,"template":"","format":"standard","meta":{"fifu_image_url":"https:\/\/fotografias.antena3.com\/clipping\/cmsimages01\/2025\/02\/05\/99C103C9-114F-46AF-BA51-36D9D83BE49B\/exciclista-oscar-freire_69.jpg?crop=923,519,x0,y63&width=1280&height=720&optimize=low&format=jpg","fifu_image_alt":"","footnotes":""},"categories":[6],"tags":[],"class_list":["post-13446","post","type-post","status-publish","format-standard","has-post-thumbnail","","category-deportes"],"_links":{"self":[{"href":"https:\/\/noticiasveraces.com\/index.php?rest_route=\/wp\/v2\/posts\/13446","targetHints":{"allow":["GET"]}}],"collection":[{"href":"https:\/\/noticiasveraces.com\/index.php?rest_route=\/wp\/v2\/posts"}],"about":[{"href":"https:\/\/noticiasveraces.com\/index.php?rest_route=\/wp\/v2\/types\/post"}],"author":[{"embeddable":true,"href":"https:\/\/noticiasveraces.com\/index.php?rest_route=\/wp\/v2\/users\/1"}],"replies":[{"embeddable":true,"href":"https:\/\/noticiasveraces.com\/index.php?rest_route=%2Fwp%2Fv2%2Fcomments&post=13446"}],"version-history":[{"count":0,"href":"https:\/\/noticiasveraces.com\/index.php?rest_route=\/wp\/v2\/posts\/13446\/revisions"}],"wp:featuredmedia":[{"embeddable":true,"href":"https:\/\/noticiasveraces.com\/index.php?rest_route=\/wp\/v2\/media\/13448"}],"wp:attachment":[{"href":"https:\/\/noticiasveraces.com\/index.php?rest_route=%2Fwp%2Fv2%2Fmedia&parent=13446"}],"wp:term":[{"taxonomy":"category","embeddable":true,"href":"https:\/\/noticiasveraces.com\/index.php?rest_route=%2Fwp%2Fv2%2Fcategories&post=13446"},{"taxonomy":"post_tag","embeddable":true,"href":"https:\/\/noticiasveraces.com\/index.php?rest_route=%2Fwp%2Fv2%2Ftags&post=13446"}],"curies":[{"name":"wp","href":"https:\/\/api.w.org\/{rel}","templated":true}]}}