{"id":13443,"date":"2025-02-05T20:36:58","date_gmt":"2025-02-06T00:36:58","guid":{"rendered":"https:\/\/noticiasveraces.com\/?p=13443"},"modified":"2025-02-05T20:36:58","modified_gmt":"2025-02-06T00:36:58","slug":"pedro-sanchez-presente-el-observatorio-de-derechos-digitales-un-organo-para-evitar-que-internet-mar-el-salvaje-oeste-tecnologia","status":"publish","type":"post","link":"https:\/\/noticiasveraces.com\/?p=13443","title":{"rendered":"Pedro S\u00e1nchez Presente el Observatorio de Derechos Digitales, Un \u00d3rgano para Evitar Que Internet Mar \u00abEl Salvaje Oeste\u00bb | Tecnolog\u00eda"},"content":{"rendered":"<p> \n<br \/><img decoding=\"async\" src=\"https:\/\/imagenes.elpais.com\/resizer\/v2\/O6CVQJL57RELPEIORHWGWVGABI.jpg?auth=39aad1f5ed183eb4583046295f63a637f57233600a8a53821172806ffc709eb6\" \/><\/p>\n<div data-dtm-region=\"articulo_cuerpo\">\n<p class=\"\">\u201cNo hay podemos Permitir Que El Espacio Digital SE Conviorta en El Salvaje Oeste. \u00bfPor qu\u00e9 ACTAMOS EN EL MUNDO DIGITAL LO JAM\u00c1S ACEPTARIAMOS EN EL MUNDO F\u00cdICO Velar por el Cumplimento de la Carta de Derechos Digitales Aprobada EN 2021, Un Marco de Referencia Para Garantizar que Los Derechos y Libertades Reconocidos en la Constituci\u00f3n y en la Declaraci\u00f3n Universal de los Derechos Humanos se proteyan Tambi\u00e9ne En El Entorno Digital. \u00abEstamos en un Momento decisivo: Hay que elegir si nos dejamos llevar por lo que hacen otros [en referencia a los <i>tecnomillonarios<\/i>, o <i>tecnocasta<\/i>] o Tomar La Iniciativa. Creo que Debemos Hacer lo Segundo, Ser Due\u00f1os de Nuestro Destino \u201d, Ha Aseguminado. El Observatorio un Paso en Esa Direcci\u00f3.<\/p>\n<p class=\"\">El Gobierno Defina Los Derechos Digitales como la extensi\u00f3n de los Derechos de la Ciudadan\u00eda Al Entorno digital. \u201cGarantizan Que Principios FundamiaTes como la privacidad, la Libertad de expresi\u00f3n, El Acceso A Internet O la Igualdad y No Discriminaci\u00f3n Sean Protegidos en la era digital Con la Misma eficacia que en el Mundo f\u00edsiSiCo. Su objetivo es adaptar Los Derechos existentes un los desaf\u00edos Tecnol\u00f3gicos, Asegurando Su Cumplimiento y Fortaleciendo la Democracia en la transformaci\u00f3n digital \u201d, Defina un documento interno interno de Moncloa.<\/p>\n<p class=\"\">El Presidente Ha Recordado Tres Medidas que anunci\u00f3 hace dos semanas en el foro de Davos: Acabar Con el Anonimato en Las Redes Redes, ya que \u00abEl Anonimato no Puede ser una excusa para la impunidad\u00bb; Garantizar la Transparencia de los Algoritmos para Asegunrar que las Plataformas Garantizan Los Derechos de los Usuarios y Hacer que los Altos Ejecutivos de las Tecnol\u00f3gicas \u00abno reh\u00fayan sus responsables legalas\u00bb. \u201cSi el Due\u00f1o de Un restaurante es responsable de la comida que sirve a Sus Clientes, Estos <i>tecnomillonarios<\/i> Terr\u00e1n Tambi\u00e9n que Asumir la Responsabilidad de los Actos de Sus Empresas \u201d, Ha Dicho.<\/p>\n<p class=\"\">Los delitos digitales ya suponen una quinta parte de Todos los delitos que se cometen en espa\u00f1a, ha disco s\u00e1nchez. Tambi\u00e9n ha indado que los delitos en l\u00ednea ha han crecido un 32% en este \u00daltimo a\u00f1o, y que un tercio de los perfiles en redes Sociales Son Bots, que generan casi la mitad del trafigo en internet. \u201cLa Viralidad Cotiza Muy por Encima de la Verdad. ESTO NO ES FRUTO DEL AZAR: ES UN Plan Dise\u00f1ado por Potencias Extranjeras como Rusia, Que Quuere Debilitar Nuestras Instituciones democr\u00e1ticos, Pero Tambi\u00e9n por agentes, internos, como hemos podido ver Tras la dana \u201d, ha dicho. \u201cM\u00c1S RECENTEME Hemos Visto c\u00f3mo una \u00e9lite de Millonarios Tecnol\u00f3gicos Quieren Hacerse Con El Poder Pol\u00cdtico, Sentarse en los Consejos de Ministros, Condicionarar Nuestras Vidas. SU Principal Motivaci\u00f3n es El Dinero, El TODO por la Pasta \u201d, Ha Espetado S\u00e1nchez.<\/p>\n<p class=\"\">\u201cFrente A Los Que Promueven la desregulaci\u00f3n tecnol\u00f3gica para la <i>tecnocasta<\/i>Europa Debe fomentar una digitalizaci\u00f3n humana y humanista. Debemos Transformar El Entorno digital en un Bien P\u00fablico para los Ciudadanos, que respeta nuestros valores, que hijo los de los derechos humanos \u201d, ha A\u00f1adido el Presidente. Obtener La Soberan\u00eda Digital ES, un Su Juicio, Clave. \u201cNo hay podemos que permita que las infraestructuras esenciales del entorno digital queden en manos de Empresas sin ning\u00fan control dem\u00f3tico. Europa Est\u00e1 en Condicatos de Liderar Esta Transformaci\u00f3n Digital \u201d. En este Sentido, la ue deber\u00eda desarrollar, por Ejemplo, Navegadores propios o Servicios de Mensajer\u00eda Con Protocolos Abiertos.<\/p>\n<h3 class=\"\">Ciberestafas, Racismo de &#8216;Ciberceusing&#8217;<\/h3>\n<p class=\"\">El Observatorio de Derechos Digitales Ser\u00e1 Una Primera L\u00ednea de Defensa para Parar Los envitas del \u00abSalvaje Oeste\u00bb, en Palabras de S\u00e1nchez. Entre las salvaguardas que se incluyen en la Carta de Derechos digitales se cuentan la protecci\u00f3n de derechos de menores y Grupos vulnerables, Garantizar el Acceso Igualitario para Personas Con Bajas Competencias Digitales, Cerrar Brechas Digitales y Salvaguardar La PrivaciDad y SEGURIDAD A SEGURIDAD, A L\u00cdNEA, CERRAR, CERRAR. La Libertad de Expresi\u00f3n y El Derecho a la Informaci\u00f3n.<\/p>\n<p class=\"\">La funci\u00f3n del observatorio de derechos digitales es garantizar que esos derechos se acumplen. En el Observatorio Participo Una Veintena de Entidas, que van Desde la Fundaci\u00f3n \u00abLa Caixa\u00bb O la Fundaci\u00f3n Telef\u00f3nica Hasta la Universidad Aut\u00f3noma de Madrid, La Universidad Carlos III de Madrid O la Universidad de Navarra, Pasando Por la Asoci\u00e9nica ASociAnic. , o Red.es. En Total, Participan en el Programa 170 Entidadas P\u00fablicas y Privadas y 260 Especialistas.<\/p>\n<p class=\"\">El Programa Derechos Digitales Cuentan Con Un Presupesto de 10,83 Millones de Euros Finos Finos El 80% de Esa Cantidad la Aporta Red.es, Entidad P\u00fablica adscrita al Ministerio para la Transformaci\u00f3n Digital y de la Funci\u00f3n P\u00fablica, Mientras que el 20% RESTANTE PROCEDE DE LAS ENTIDADES participantes.<\/p>\n<p class=\"\">Para ilustrar la problema que se pretenda atajar con el observatorio, antes de la intervenci\u00f3n de s\u00e1nchez, tres personales que haan visto vulnerados sus derechos digitales explicaron al p\u00fablico su experiencia. Alicia Gonz\u00e1lez es muy activa en redes Sociales y sufre un trastorno neurol\u00f3gico, el s\u00edndrome de tourette, que le hace tener tics gestuales incontrolados. Sufri\u00f3 Acoso Escolar de Peque\u00f1a y Ha Tenido Que Convivir como Adulto Con El <i>ciberconente<\/i>. \u201cRecibir Mensajes de Odio Cada D\u00eda es terrible. Incluso el M\u00c1S FUERTE ACABARIA CON LA MINADA MALADA. El <i>ciberconente<\/i> es una forma de maltrato \u201d, ja asegunado. En su opini\u00f3n, Acabar Con el Anonimato en Las Redes Sociales Har\u00eda que los Acosados \u200b\u200bse lo pensaran dos veces.<\/p>\n<p class=\"\">Un Natividad Cruces Le Estafaron 45.000 Euros y le Robaron la IdentiDad. La Convencieron para que participara en un Grupo de Inversi\u00f3n que resultado no existir. Le Pidieron una Primera Aportaci\u00f3n de 250 Euros Para Poder Enterarsse de Qu\u00e9 Iba El Plan Y, un Dos D\u00edas, le llame una personala para contarle m\u00e1s. Videoconferencias de inclusi\u00f3n Hizo A Tres Bandas Con Un Br\u00f3ker Amigo Suyo Para Que Le Asesorara. \u00abEst\u00e1n Muy Preparados y Tienen Muchos Medios\u00bb, Ha dicho la <i>ciberestafada<\/i>. CUANDO Transfiri\u00f3 el Dinero, ya no Volvi\u00f3 un sable de e grupo de inversi\u00f3n.<\/p>\n<p class=\"\">Juan Castell\u00f3n Ha Sufrido El Racismo en el Entorno Digital. Tanto es as\u00ed, que llleg\u00f3 a Alejarse de las Redes Sociales, Harto de Ver Comentarios Ofensivos Contra El Pueblo Gitano: \u00abEs Necesario que las Fuerzas Pol\u00edticas Hagan Algo para que no puente Comentarios circulares que inciten al odio\u00bb.<\/p>\n<p class=\"\">\u201cLa Digitalizaci\u00f3n nos de la reciente muchas Ventajas, Pero Tambi\u00e9n Nueva Amenaza, Como las Ciberestafas. Si Queremos Espacios Seguros, Hay Que Cearlos. Porque Cuando Aparecieron Los Coches, SE Inventaron Los Sem\u00e1foros \u201d, Ha Dicho el Ministro de Transformaci\u00f3n Digital y de la Funci\u00f3n P\u00fablica, \u00d3scar L\u00f3pez, Que Tambi\u00e9n ha participado en el Evento. Le acompa\u00f1aba en la Primera Fila del auditorio de la Casa del lector, en madrid, el ministerio de econom\u00eda, Carlos cuerpo, la ministerio de Igualdad, ana redondo, y el ministerio de pol\u00cdTICA TERRITORIAL Y MEMORIA DURMICRICA, \u00c1ngel v\u00edntor TorRes TorRes<\/p>\n<\/div>\n\n","protected":false},"excerpt":{"rendered":"<p>\u201cNo hay podemos Permitir Que El Espacio Digital SE Conviorta en El Salvaje Oeste. \u00bfPor qu\u00e9 ACTAMOS EN EL MUNDO DIGITAL LO JAM\u00c1S ACEPTARIAMOS EN EL MUNDO F\u00cdICO Velar por el Cumplimento de la Carta de Derechos Digitales Aprobada EN 2021, Un Marco de Referencia Para Garantizar que Los Derechos y Libertades Reconocidos en la &hellip;<\/p>\n","protected":false},"author":1,"featured_media":13445,"comment_status":"open","ping_status":"open","sticky":false,"template":"","format":"standard","meta":{"fifu_image_url":"https:\/\/imagenes.elpais.com\/resizer\/v2\/O6CVQJL57RELPEIORHWGWVGABI.jpg?auth=39aad1f5ed183eb4583046295f63a637f57233600a8a53821172806ffc709eb6&width=1200","fifu_image_alt":"","footnotes":""},"categories":[2],"tags":[],"class_list":["post-13443","post","type-post","status-publish","format-standard","has-post-thumbnail","","category-tecnologia"],"_links":{"self":[{"href":"https:\/\/noticiasveraces.com\/index.php?rest_route=\/wp\/v2\/posts\/13443","targetHints":{"allow":["GET"]}}],"collection":[{"href":"https:\/\/noticiasveraces.com\/index.php?rest_route=\/wp\/v2\/posts"}],"about":[{"href":"https:\/\/noticiasveraces.com\/index.php?rest_route=\/wp\/v2\/types\/post"}],"author":[{"embeddable":true,"href":"https:\/\/noticiasveraces.com\/index.php?rest_route=\/wp\/v2\/users\/1"}],"replies":[{"embeddable":true,"href":"https:\/\/noticiasveraces.com\/index.php?rest_route=%2Fwp%2Fv2%2Fcomments&post=13443"}],"version-history":[{"count":0,"href":"https:\/\/noticiasveraces.com\/index.php?rest_route=\/wp\/v2\/posts\/13443\/revisions"}],"wp:featuredmedia":[{"embeddable":true,"href":"https:\/\/noticiasveraces.com\/index.php?rest_route=\/wp\/v2\/media\/13445"}],"wp:attachment":[{"href":"https:\/\/noticiasveraces.com\/index.php?rest_route=%2Fwp%2Fv2%2Fmedia&parent=13443"}],"wp:term":[{"taxonomy":"category","embeddable":true,"href":"https:\/\/noticiasveraces.com\/index.php?rest_route=%2Fwp%2Fv2%2Fcategories&post=13443"},{"taxonomy":"post_tag","embeddable":true,"href":"https:\/\/noticiasveraces.com\/index.php?rest_route=%2Fwp%2Fv2%2Ftags&post=13443"}],"curies":[{"name":"wp","href":"https:\/\/api.w.org\/{rel}","templated":true}]}}