{"id":13433,"date":"2025-02-05T17:54:12","date_gmt":"2025-02-05T21:54:12","guid":{"rendered":"https:\/\/noticiasveraces.com\/?p=13433"},"modified":"2025-02-05T17:54:12","modified_gmt":"2025-02-05T21:54:12","slug":"vicepresidente-filipino-acusado-por-la-casa","status":"publish","type":"post","link":"https:\/\/noticiasveraces.com\/?p=13433","title":{"rendered":"Vicepresidente filipino acusado por la casa"},"content":{"rendered":"<p> \n<\/p>\n<div>\n<p class=\"speakable\">MANILA, Filipinas-La C\u00e1mara de Representantes en Filipinas acus\u00f3 al vicepresidente Sara Duterte el mi\u00e9rcoles, acus\u00e1ndola de una amplia gama de delitos que inclu\u00edan consignar para asesinar al presidente, la corrupci\u00f3n a gran escala y no denunciar las acciones agresivas de China contra las fuerzas filipinas en el Discutido Mar del Sur de China.<\/p>\n<p class=\"speakable\">La medida de los legisladores en la C\u00e1mara de Representantes, muchos de ellos aliados del presidente Ferdinand Marcos Jr., profundiza una amarga grieta pol\u00edtica que involucr\u00f3 a los dos l\u00edderes m\u00e1s altos de una de las democracias m\u00e1s rebeldes de Asia.<\/p>\n<p>Marcos ha impulsado los lazos de defensa con el aliado del Tratado de su pa\u00eds, Estados Unidos, mientras que el padre del vicepresidente, Rodrigo Duterte, foment\u00f3 relaciones acogedoras con China y Rusia durante su tormentoso mandato que termin\u00f3 en 2022.<\/p>\n<p>Al menos 215 legisladores en la C\u00e1mara Baja firmaron la queja de juicio pol\u00edtico contra el Vicepresidente, significativamente m\u00e1s que el n\u00famero requerido para permitir que la Petici\u00f3n se transmitiera r\u00e1pidamente al Senado, lo que servir\u00eda como un Tribunal para probar el Vicepresidente, la C\u00e1mara de Representantes. El Secretario General Reginald Velasco dijo en una reuni\u00f3n de la Casa Plenaria en la \u00faltima sesi\u00f3n del cuerpo antes de un receso de cuatro meses.<\/p>\n<p><strong><u>La patrulla conjunta de las moscas estadounidenses con Filipinas cerca de la regi\u00f3n de Shoal custodiada por China<\/u><\/strong><\/p>\n<div class=\"image-ct inline\">\n<div class=\"m\"><picture><source media=\"(max-width: 767px)\" srcset=\"https:\/\/a57.foxnews.com\/static.foxnews.com\/foxnews.com\/content\/uploads\/2025\/02\/343\/192\/ap25036281890256-scaled.jpg?ve=1&amp;tl=1, https:\/\/a57.foxnews.com\/static.foxnews.com\/foxnews.com\/content\/uploads\/2025\/02\/686\/384\/ap25036281890256-scaled.jpg?ve=1&amp;tl=1 2x\" height=\"192\" width=\"343\"><source media=\"(min-width: 768px) and (max-width: 1023px)\" srcset=\"https:\/\/a57.foxnews.com\/static.foxnews.com\/foxnews.com\/content\/uploads\/2025\/02\/672\/378\/ap25036281890256-scaled.jpg?ve=1&amp;tl=1, https:\/\/a57.foxnews.com\/static.foxnews.com\/foxnews.com\/content\/uploads\/2025\/02\/1344\/756\/ap25036281890256-scaled.jpg?ve=1&amp;tl=1 2x\" height=\"378\" width=\"672\"><source media=\"(min-width: 1024px) and (max-width: 1279px)\" srcset=\"https:\/\/a57.foxnews.com\/static.foxnews.com\/foxnews.com\/content\/uploads\/2025\/02\/931\/523\/ap25036281890256-scaled.jpg?ve=1&amp;tl=1, https:\/\/a57.foxnews.com\/static.foxnews.com\/foxnews.com\/content\/uploads\/2025\/02\/1862\/1046\/ap25036281890256-scaled.jpg?ve=1&amp;tl=1 2x\" height=\"523\" width=\"931\"><source media=\"(min-width: 1280px)\" srcset=\"https:\/\/a57.foxnews.com\/static.foxnews.com\/foxnews.com\/content\/uploads\/2025\/02\/720\/405\/ap25036281890256-scaled.jpg?ve=1&amp;tl=1, https:\/\/a57.foxnews.com\/static.foxnews.com\/foxnews.com\/content\/uploads\/2025\/02\/1440\/810\/ap25036281890256-scaled.jpg?ve=1&amp;tl=1 2x\" height=\"405\" width=\"720\"><img loading=\"lazy\" decoding=\"async\" src=\"https:\/\/a57.foxnews.com\/static.foxnews.com\/foxnews.com\/content\/uploads\/2025\/02\/1200\/675\/ap25036281890256-scaled.jpg?ve=1&amp;tl=1\" alt=\"Sara Duterte hablando\" width=\"1200\" height=\"675\"\/><\/source><\/source><\/source><\/source><\/picture><\/div>\n<div class=\"info\">\n<div class=\"caption\">\n<p><span>La vicepresidenta filipina Sara Duterte hace gestos mientras asiste a una audiencia en la C\u00e1mara de Representantes de Quezon City, Filipinas, el 25 de noviembre de 2024.<\/span> <span>(AP Photo\/Aaron Favila)<\/span><\/p>\n<\/div>\n<\/div>\n<\/div>\n<p>Entre los firmantes de la queja de juicio pol\u00edtico se encontraban el hijo del presidente, el representante Sandro Marcos y el primo, el presidente de la C\u00e1mara de Representantes, Martin Romualdez. La petici\u00f3n inst\u00f3 al Senado a convertirse en un tribunal de juicio pol\u00edtico a probar el vicepresidente, \u00abemitir un juicio de condena\u00bb, eliminarla del cargo y prohibirla de ocupar un cargo p\u00fablico.<\/p>\n<p>\u00abLa conducta de Duterte a lo largo de su mandato muestra claramente la falta de fidelidad contra la confianza p\u00fablica y un abuso tir\u00e1nico de poder que, en conjunto, muestra su incapacidad bruta para ocupar un cargo p\u00fablico y su infidelidad con las leyes y la constituci\u00f3n de 1987\u00bb, dijo la queja de Duterte.<\/p>\n<p>El vicepresidente no coment\u00f3 inmediatamente sobre la decisi\u00f3n de la C\u00e1mara de acusarla, pero su hermano, el representante Paolo Duterte, dijo que la medida era \u00abun acto claro de persecuci\u00f3n pol\u00edtica\u00bb. Los legisladores rivales maniobraron para recolectar r\u00e1pidamente firmas y empujar un \u00abcaso de juicio con fundamento\u00bb al Senado, dijo.<\/p>\n<p>Duterte se postul\u00f3 como el compa\u00f1ero de f\u00f3rmula vicepresidencial de Marcos en 2022 en un grito de unidad de unidad de batalla de campa\u00f1a en un pa\u00eds profundamente dividido del sudeste asi\u00e1tico. Ambos eran v\u00e1stagos de hombres fuertes en la mira de los grupos de derechos humanos, pero sus fuertes bases regionales de apoyo se combinaron para brindarles victorias deslizantes.<\/p>\n<p><strong>&#8216;Esto se trata de fentanilo&#8217;: los aranceles son cruciales para combatir la &#8216;guerra de drogas&#8217;, dicen Trump y los funcionarios del gabinete<\/strong><\/p>\n<div class=\"image-ct inline\">\n<div class=\"m\"><picture><source media=\"(max-width: 767px)\" srcset=\"https:\/\/a57.foxnews.com\/static.foxnews.com\/foxnews.com\/content\/uploads\/2025\/02\/343\/192\/ap25036311564213-scaled.jpg?ve=1&amp;tl=1, https:\/\/a57.foxnews.com\/static.foxnews.com\/foxnews.com\/content\/uploads\/2025\/02\/686\/384\/ap25036311564213-scaled.jpg?ve=1&amp;tl=1 2x\" height=\"192\" width=\"343\"><source media=\"(min-width: 768px) and (max-width: 1023px)\" srcset=\"https:\/\/a57.foxnews.com\/static.foxnews.com\/foxnews.com\/content\/uploads\/2025\/02\/672\/378\/ap25036311564213-scaled.jpg?ve=1&amp;tl=1, https:\/\/a57.foxnews.com\/static.foxnews.com\/foxnews.com\/content\/uploads\/2025\/02\/1344\/756\/ap25036311564213-scaled.jpg?ve=1&amp;tl=1 2x\" height=\"378\" width=\"672\"><source media=\"(min-width: 1024px) and (max-width: 1279px)\" srcset=\"https:\/\/a57.foxnews.com\/static.foxnews.com\/foxnews.com\/content\/uploads\/2025\/02\/931\/523\/ap25036311564213-scaled.jpg?ve=1&amp;tl=1, https:\/\/a57.foxnews.com\/static.foxnews.com\/foxnews.com\/content\/uploads\/2025\/02\/1862\/1046\/ap25036311564213-scaled.jpg?ve=1&amp;tl=1 2x\" height=\"523\" width=\"931\"><source media=\"(min-width: 1280px)\" srcset=\"https:\/\/a57.foxnews.com\/static.foxnews.com\/foxnews.com\/content\/uploads\/2025\/02\/720\/405\/ap25036311564213-scaled.jpg?ve=1&amp;tl=1, https:\/\/a57.foxnews.com\/static.foxnews.com\/foxnews.com\/content\/uploads\/2025\/02\/1440\/810\/ap25036311564213-scaled.jpg?ve=1&amp;tl=1 2x\" height=\"405\" width=\"720\"><img loading=\"lazy\" decoding=\"async\" src=\"https:\/\/a57.foxnews.com\/static.foxnews.com\/foxnews.com\/content\/uploads\/2025\/02\/1200\/675\/ap25036311564213-scaled.jpg?ve=1&amp;tl=1\" alt=\"El presidente de la C\u00e1mara de Representantes, Martin Romualdez, arriba, preside los procedimientos de juicio pol\u00edtico contra la vicepresidenta Sara Duterte\" width=\"1200\" height=\"675\"\/><\/source><\/source><\/source><\/source><\/picture><\/div>\n<div class=\"info\">\n<div class=\"caption\">\n<p><span>Una efigie del presidente filipino, Ferdinand Marcos Jr. y la vicepresidenta Sara Duterte se exhiben durante una manifestaci\u00f3n por delante del tercer discurso del Estado de la Naci\u00f3n por parte del Presidente en la ciudad de Quezon, Filipinas, el lunes 22 de julio de 2024. <\/span> <span>(AP Photo\/Mark Cristino)<\/span><\/p>\n<\/div>\n<\/div>\n<\/div>\n<p>Marcos es el hijo y hom\u00f3nimo del difunto dictador, quien fue expulsado en un levantamiento prodemocr\u00e1tico de 1986. El padre del vicepresidente y el predecesor de Marcos, Duterte, lanzaron una represi\u00f3n antidrogas mortal que el Tribunal Penal Internacional est\u00e1 investigando como un posible crimen contra la humanidad.<\/p>\n<p>La alianza pol\u00edtica torbellera se deshilach\u00f3 r\u00e1pidamente despu\u00e9s de sus victorias electorales.<\/p>\n<p>La queja de juicio pol\u00edtico contra el vicepresidente, considerado como un posible contendiente presidencial despu\u00e9s de que el mandato de seis a\u00f1os de Marcos termine en 2028, se centra en una amenaza de muerte que ella hizo contra el presidente, su esposa y el presidente de la C\u00e1mara el a\u00f1o pasado, irregularidades en el uso de Los fondos de inteligencia de su oficina y su incumplimiento de defender la agresi\u00f3n china en el disputado Mar del Sur de China.<\/p>\n<p>Ella dijo en una conferencia de prensa en l\u00ednea el 23 de noviembre que ha contratado a un asesino para matar a Marcos, su esposa y romualdez si la mataron, una amenaza que advirti\u00f3 no fue una broma.<\/p>\n<p>M\u00e1s tarde dijo que no lo amenazaba, pero estaba expresando preocupaci\u00f3n por su propia seguridad. Sin embargo, sus declaraciones desencadenaron una investigaci\u00f3n y preocupaciones de seguridad nacional.<\/p>\n<p><strong><u>China es \u00abagresiva\u00bb e \u00abintrusiva\u00bb en el oeste, dice la silla de la casa Intel<\/u><\/strong><\/p>\n<div class=\"image-ct inline\">\n<div class=\"m\"><picture><source media=\"(max-width: 767px)\" srcset=\"https:\/\/a57.foxnews.com\/static.foxnews.com\/foxnews.com\/content\/uploads\/2025\/02\/343\/192\/ap25036370103856-scaled.jpg?ve=1&amp;tl=1, https:\/\/a57.foxnews.com\/static.foxnews.com\/foxnews.com\/content\/uploads\/2025\/02\/686\/384\/ap25036370103856-scaled.jpg?ve=1&amp;tl=1 2x\" height=\"192\" width=\"343\"><source media=\"(min-width: 768px) and (max-width: 1023px)\" srcset=\"https:\/\/a57.foxnews.com\/static.foxnews.com\/foxnews.com\/content\/uploads\/2025\/02\/672\/378\/ap25036370103856-scaled.jpg?ve=1&amp;tl=1, https:\/\/a57.foxnews.com\/static.foxnews.com\/foxnews.com\/content\/uploads\/2025\/02\/1344\/756\/ap25036370103856-scaled.jpg?ve=1&amp;tl=1 2x\" height=\"378\" width=\"672\"><source media=\"(min-width: 1024px) and (max-width: 1279px)\" srcset=\"https:\/\/a57.foxnews.com\/static.foxnews.com\/foxnews.com\/content\/uploads\/2025\/02\/931\/523\/ap25036370103856-scaled.jpg?ve=1&amp;tl=1, https:\/\/a57.foxnews.com\/static.foxnews.com\/foxnews.com\/content\/uploads\/2025\/02\/1862\/1046\/ap25036370103856-scaled.jpg?ve=1&amp;tl=1 2x\" height=\"523\" width=\"931\"><source media=\"(min-width: 1280px)\" srcset=\"https:\/\/a57.foxnews.com\/static.foxnews.com\/foxnews.com\/content\/uploads\/2025\/02\/720\/405\/ap25036370103856-scaled.jpg?ve=1&amp;tl=1, https:\/\/a57.foxnews.com\/static.foxnews.com\/foxnews.com\/content\/uploads\/2025\/02\/1440\/810\/ap25036370103856-scaled.jpg?ve=1&amp;tl=1 2x\" height=\"405\" width=\"720\"><img loading=\"lazy\" decoding=\"async\" src=\"https:\/\/a57.foxnews.com\/static.foxnews.com\/foxnews.com\/content\/uploads\/2025\/02\/1200\/675\/ap25036370103856-scaled.jpg?ve=1&amp;tl=1\" alt=\"Presidente de la C\u00e1mara de Representantes Martin Romualdez, arriba a la derecha, preside los procedimientos de juicio pol\u00edtico\" width=\"1200\" height=\"675\"\/><\/source><\/source><\/source><\/source><\/picture><\/div>\n<div class=\"info\">\n<div class=\"caption\">\n<p><span>El presidente de la C\u00e1mara de Representantes, Martin Romualdez, a la derecha, preside los procedimientos de juicio pol\u00edtico contra la vicepresidenta Sara Duterte en la C\u00e1mara de Representantes de la ciudad de Quezon en Manila, Filipinas, mi\u00e9rcoles 5 de febrero de 2025.<\/span> <span>(AP Photo\/Gerard Carreon)<\/span><\/p>\n<\/div>\n<\/div>\n<\/div>\n<p>Las acusaciones de injerto y corrupci\u00f3n contra ella tambi\u00e9n emanaron de una investigaci\u00f3n de la C\u00e1mara de Messones y Televisadas sobre el presunto mal uso de 612.5 millones de pesos ($ 10.5 millones) de fondos confidenciales e inteligencia recibidos por las oficinas de Duterte como vicepresidente y secretario de educaci\u00f3n. Desde entonces, ha dejado el puesto de educaci\u00f3n despu\u00e9s de que sus diferencias pol\u00edticas con Marcos se profundizaron.<\/p>\n<p>Tambi\u00e9n ha sido acusada de riqueza inexplicable y no declarar su riqueza seg\u00fan lo exige la ley. Se ha negado a responder a preguntas en detalle en tensas audiencias televisadas el a\u00f1o pasado.<\/p>\n<p>La queja de juicio pol\u00edtico acus\u00f3 a Duterte de socavar las pol\u00edticas del gobierno de Marcos, incluida su descripci\u00f3n del manejo de las disputas territoriales de la administraci\u00f3n con Beijing en el Mar del Sur de China como un \u00abfiasco\u00bb. La queja tambi\u00e9n mencion\u00f3 su silencio sobre las acciones cada vez m\u00e1s asertivas de China en las aguas en disputa.<\/p>\n<p>\u00abSu gran evasividad y silencio en el tema del mar de Filipinas Occidental, un problema que golpea en el centro de la soberan\u00eda filipina, se opone diametralmente a que sea tan locuaz como a otros temas\u00bb, dijo la petici\u00f3n de abogado, utilizando el nombre filipino para el disputado aguas.<\/p>\n<p><strong><u>Haga clic aqu\u00ed para obtener la aplicaci\u00f3n Fox News<\/u><\/strong><\/p>\n<p>Duterte ha acusado repetidamente a Marcos, su esposa y su romualdez de corrupci\u00f3n, liderazgo d\u00e9bil e intentando bosquearla debido a la especulaci\u00f3n de que puede buscar la presidencia en 2028.<\/p>\n<p> <!----> <!----><\/div>\n\n","protected":false},"excerpt":{"rendered":"<p>MANILA, Filipinas-La C\u00e1mara de Representantes en Filipinas acus\u00f3 al vicepresidente Sara Duterte el mi\u00e9rcoles, acus\u00e1ndola de una amplia gama de delitos que inclu\u00edan consignar para asesinar al presidente, la corrupci\u00f3n a gran escala y no denunciar las acciones agresivas de China contra las fuerzas filipinas en el Discutido Mar del Sur de China. La medida &hellip;<\/p>\n","protected":false},"author":1,"featured_media":13435,"comment_status":"open","ping_status":"open","sticky":false,"template":"","format":"standard","meta":{"fifu_image_url":"https:\/\/static.foxnews.com\/foxnews.com\/content\/uploads\/2025\/02\/ap25036281890256-scaled.jpg","fifu_image_alt":"","footnotes":""},"categories":[13],"tags":[],"class_list":["post-13433","post","type-post","status-publish","format-standard","has-post-thumbnail","","category-mundo"],"_links":{"self":[{"href":"https:\/\/noticiasveraces.com\/index.php?rest_route=\/wp\/v2\/posts\/13433","targetHints":{"allow":["GET"]}}],"collection":[{"href":"https:\/\/noticiasveraces.com\/index.php?rest_route=\/wp\/v2\/posts"}],"about":[{"href":"https:\/\/noticiasveraces.com\/index.php?rest_route=\/wp\/v2\/types\/post"}],"author":[{"embeddable":true,"href":"https:\/\/noticiasveraces.com\/index.php?rest_route=\/wp\/v2\/users\/1"}],"replies":[{"embeddable":true,"href":"https:\/\/noticiasveraces.com\/index.php?rest_route=%2Fwp%2Fv2%2Fcomments&post=13433"}],"version-history":[{"count":0,"href":"https:\/\/noticiasveraces.com\/index.php?rest_route=\/wp\/v2\/posts\/13433\/revisions"}],"wp:featuredmedia":[{"embeddable":true,"href":"https:\/\/noticiasveraces.com\/index.php?rest_route=\/wp\/v2\/media\/13435"}],"wp:attachment":[{"href":"https:\/\/noticiasveraces.com\/index.php?rest_route=%2Fwp%2Fv2%2Fmedia&parent=13433"}],"wp:term":[{"taxonomy":"category","embeddable":true,"href":"https:\/\/noticiasveraces.com\/index.php?rest_route=%2Fwp%2Fv2%2Fcategories&post=13433"},{"taxonomy":"post_tag","embeddable":true,"href":"https:\/\/noticiasveraces.com\/index.php?rest_route=%2Fwp%2Fv2%2Ftags&post=13433"}],"curies":[{"name":"wp","href":"https:\/\/api.w.org\/{rel}","templated":true}]}}