{"id":13387,"date":"2025-02-05T10:40:11","date_gmt":"2025-02-05T14:40:11","guid":{"rendered":"https:\/\/noticiasveraces.com\/?p=13387"},"modified":"2025-02-05T10:40:11","modified_gmt":"2025-02-05T14:40:11","slug":"un-hombre-confiesa-el-asesinato-de-una-mujer-en-la-localidad-sevillana-de-brenes-sociedad","status":"publish","type":"post","link":"https:\/\/noticiasveraces.com\/?p=13387","title":{"rendered":"Un Hombre Confiesa El Asesinato de una Mujer en la localidad Sevillana de Brenes | Sociedad"},"content":{"rendered":"<p> \n<br \/><img decoding=\"async\" src=\"https:\/\/imagenes.elpais.com\/resizer\/v2\/I757COBXHVGVFK6MB3R4YKAMYE.jpg?auth=b9026281a00b744684931cb08a1fe18e6fc279a4ca4a38a5bd6488235f8bf3aa\" \/><\/p>\n<div data-dtm-region=\"articulo_cuerpo\">\n<p class=\"\">Un hombre ha asesinado este mi\u00e9rcoles a una Mujer, de Nacionalidad Brasile\u00f1a, En Brenes, Municipio de Unos 12,000 habitantes Cercano a Sevilla. La Guardia Civil Ha Detenido al Var\u00f3n de 40 A\u00f1os que Ha Confesado El Crimen Machista Tras Entregarse en el Cuartel de la Rinconada, Localidad Vecina, Seg\u00fan Fuentes del Caso. Tras la Confesi\u00f3n del Agresor, Varias Patresulas Han Acudido A Su Casa Donde Yac\u00eda la V\u00edctima, Que Presentaba una Sola Pu\u00f1alada Fatal, Ha Avanzado <i>Diario de Sevilla.<\/i><\/p>\n<p class=\"\">El M\u00f3vil del Crimen se desconoce de Momento, algual que la relaci\u00f3n concreta que el agresor y v\u00edctima manten\u00edan. La Mujer no est\u00e1 plenamete Identificada y las autoridadas desconocen cu\u00e1nto tiempo llevaba en espa\u00f1a. El Supuesto Autor del Crimen no Estaba en El Sistema Viogen de Atenci\u00f3n A Las V\u00edctimas de Violencia Machista y Por Ahora Tampoco Hay Confirmaci\u00f3n de la Oficial de Que la V\u00edctima Lo Estuviera.<\/p>\n<p class=\"\">La Vivienda que Supuestamme Alquilaba el Agresor Confeso Est\u00e1 en la Calle 28 de Febero de Brenos, un Las Afueras del Pueblo y Cercana a Las V\u00edas del Tren. La Polic\u00eda Judicial de la Guardia Investigaci\u00f3n civil el Suceso, Ocurrido Esta Ma\u00f1ana. POCO DESPU\u00c9S DEL MEDIODIA HA LLEGADO UN VEH\u00cdCULO DEL TANATORIO A LA VERA DE QUE EL JUEZ DE GURDIA Ordene el Levantamiento del Cadaver. La Calle Tiene Bloqueado El Acceso, Restringido A Los Vecinos.<\/p>\n<p class=\"\">Este feminicidio es el segundo en lo que va de A\u00f1o, Tras un reciente crimen machista tambi\u00e9n a pu\u00f1aladas ocurrido en langeo el pasado s\u00e1bado. El A\u00f1o Pasado, El N\u00famero de Asesinadas por Violencia de G\u00e9nero en Espa\u00f1a Ascendi\u00f3 A 48, Adem\u00e1s de Nueva Desde que Arranc\u00f3 la Estad\u00edstica Oficial, EN 2003, hijo 1.294 Las Mujeres Asesinadas por sus parejas y exparejas.<\/p>\n<p class=\"\"><i>El Tel\u00e9fono 016 ATIENTE A LAS V\u00cdCTIMAS DE VIOLENCIA MACHISTA, A SUS FAMILIAS YA SOTORNO LAS 24 HORAS DEL DIA, TODOS LOS DIAS DEL ARO, EN 53 IDIOMAS DIFERENtes. El N\u00daMERO NO REGISTRADO DE QUEDA EN LA FACURA TELEF\u00d3NICA, PERO HAY QUE BORRAR LA LLAMADA DEL SIPOSITIVO. Tambi\u00e9n se pude contactar a Trav\u00e9s del Correo Elect\u00f3nico <\/i><i>016-online@igualdad.gob.es<\/i><i>  y por whatsapp en el N\u00daMERO 600 000 016. LOS MENORES PUEDEN DIRIGIRSE AL TEL\u00c9FONO DE LA FUNDACI\u00d3N ANAR 900 20 20 10 10. SI ES UNA SITUACI\u00d3N DE EMERGENCIA, SE PUEDE Llamar al 112 oa los Tel\u00e9fonos de la Polic\u00eda Nacional (091) y de la Guardia Civil (062). Y en Caso de no poder Llamar, Se Puede recurrir a la Aplicacia alertcops, desde la que se env\u00eda una se\u00f1al de alerta a la polic\u00eda con geolocalizaci\u00f3n.<\/i><\/p>\n<\/div>\n\n","protected":false},"excerpt":{"rendered":"<p>Un hombre ha asesinado este mi\u00e9rcoles a una Mujer, de Nacionalidad Brasile\u00f1a, En Brenes, Municipio de Unos 12,000 habitantes Cercano a Sevilla. La Guardia Civil Ha Detenido al Var\u00f3n de 40 A\u00f1os que Ha Confesado El Crimen Machista Tras Entregarse en el Cuartel de la Rinconada, Localidad Vecina, Seg\u00fan Fuentes del Caso. Tras la Confesi\u00f3n &hellip;<\/p>\n","protected":false},"author":1,"featured_media":13389,"comment_status":"open","ping_status":"open","sticky":false,"template":"","format":"standard","meta":{"fifu_image_url":"https:\/\/imagenes.elpais.com\/resizer\/v2\/I757COBXHVGVFK6MB3R4YKAMYE.jpg?auth=b9026281a00b744684931cb08a1fe18e6fc279a4ca4a38a5bd6488235f8bf3aa&width=1200","fifu_image_alt":"","footnotes":""},"categories":[11],"tags":[],"class_list":["post-13387","post","type-post","status-publish","format-standard","has-post-thumbnail","","category-viaje"],"_links":{"self":[{"href":"https:\/\/noticiasveraces.com\/index.php?rest_route=\/wp\/v2\/posts\/13387","targetHints":{"allow":["GET"]}}],"collection":[{"href":"https:\/\/noticiasveraces.com\/index.php?rest_route=\/wp\/v2\/posts"}],"about":[{"href":"https:\/\/noticiasveraces.com\/index.php?rest_route=\/wp\/v2\/types\/post"}],"author":[{"embeddable":true,"href":"https:\/\/noticiasveraces.com\/index.php?rest_route=\/wp\/v2\/users\/1"}],"replies":[{"embeddable":true,"href":"https:\/\/noticiasveraces.com\/index.php?rest_route=%2Fwp%2Fv2%2Fcomments&post=13387"}],"version-history":[{"count":0,"href":"https:\/\/noticiasveraces.com\/index.php?rest_route=\/wp\/v2\/posts\/13387\/revisions"}],"wp:featuredmedia":[{"embeddable":true,"href":"https:\/\/noticiasveraces.com\/index.php?rest_route=\/wp\/v2\/media\/13389"}],"wp:attachment":[{"href":"https:\/\/noticiasveraces.com\/index.php?rest_route=%2Fwp%2Fv2%2Fmedia&parent=13387"}],"wp:term":[{"taxonomy":"category","embeddable":true,"href":"https:\/\/noticiasveraces.com\/index.php?rest_route=%2Fwp%2Fv2%2Fcategories&post=13387"},{"taxonomy":"post_tag","embeddable":true,"href":"https:\/\/noticiasveraces.com\/index.php?rest_route=%2Fwp%2Fv2%2Ftags&post=13387"}],"curies":[{"name":"wp","href":"https:\/\/api.w.org\/{rel}","templated":true}]}}