{"id":13356,"date":"2025-02-05T07:23:53","date_gmt":"2025-02-05T11:23:53","guid":{"rendered":"https:\/\/noticiasveraces.com\/?p=13356"},"modified":"2025-02-05T07:23:53","modified_gmt":"2025-02-05T11:23:53","slug":"mexico-dice-que-no-nos-permitira-enviar-migrantes-mexicanos-a-la-bahia-de-guantanamo","status":"publish","type":"post","link":"https:\/\/noticiasveraces.com\/?p=13356","title":{"rendered":"M\u00e9xico dice que no nos permitir\u00e1 enviar migrantes mexicanos a la Bah\u00eda de Guant\u00e1namo."},"content":{"rendered":"<p> \n<br \/><img decoding=\"async\" src=\"https:\/\/a57.foxnews.com\/static.foxnews.com\/foxnews.com\/content\/uploads\/2025\/02\/931\/523\/juan-ramon-de-la-fuente.png?ve=1&amp;tl=1\" \/><\/p>\n<p>M\u00e9xico no permitir\u00e1 que el gobierno de los Estados Unidos env\u00ede a los migrantes mexicanos a la Bah\u00eda de Guant\u00e1namo, Cuba, un campo de detenci\u00f3n, dijo el martes el ministro de Relaciones Exteriores de M\u00e9xico.<\/p>\n<p>El ministro de Relaciones Exteriores, Juan Ramon de la Fuente, dijo que M\u00e9xico preferir\u00eda recibir directamente a los migrantes.<\/p>\n<p>El gobierno mexicano envi\u00f3 una nota diplom\u00e1tica a la embajada de los Estados Unidos en M\u00e9xico para explicar su posici\u00f3n.<\/p>\n<p>Esto se produce despu\u00e9s de que la secretaria de prensa de la Casa Blanca, Karoline Leavitt, dijo a los periodistas el martes que la administraci\u00f3n Trump comenz\u00f3 a volar detenidas a los migrantes ilegales de los Estados Unidos a la Bah\u00eda de Guant\u00e1namo, aunque no especific\u00f3 las nacionalidades de las personas en esos vuelos.<\/p>\n<p><strong>Nosotros comienza a volar a los inmigrantes a la bah\u00eda de Guant\u00e1namo<\/strong><\/p>\n<p>\u00abTambi\u00e9n puedo confirmar que hoy los primeros vuelos desde Estados Unidos a la Bah\u00eda de Guant\u00e1namo con migrantes ilegales est\u00e1n en marcha\u00bb, dijo Leavitt.<\/p>\n<p>\u00abY as\u00ed, el presidente Trump, Pete Hegseth y Kristi Noem ya est\u00e1n cumpliendo esta promesa de utilizar esa capacidad en Gitmo para delincuentes ilegales que han violado las leyes de inmigraci\u00f3n de nuestra naci\u00f3n y luego han cometido cr\u00edmenes atroces contra ciudadanos estadounidenses legales aqu\u00ed en casa\u00bb, ella \u00ab, ella\u00bb, ella \u00ab, ella\u00bb, ella \u00ab, ella\u00bb, ella \u00ab, ella\u00bb, ella \u00ab, ella\u00bb, ella \u00ab, ella\u00bb, ella \u00ab, ella\u00bb, ella \u00ab, ella\u00bb, ella \u00ab, ella\u00bb, ella \u00ab, ella\u00bb, ella \u00ab, ella\u00bb, ella \u00ab, ella\u00bb, ella \u00ab, ella\u00bb, ella \u00ab, ella\u00bb, ella \u00ab, ella\u00bb, ella \u00ab, ella\u00bb. continuado.<\/p>\n<p>El presidente de los Estados Unidos, Donald Trump, prometi\u00f3 expandir el campo de detenci\u00f3n para retener hasta 30,000 \u00abextranjeros ilegales criminales\u00bb. La base militar estadounidense ha sido criticada en todo el mundo por su abuso inhumano y tortura de detenidos, incluso en t\u00e1cticas de interrogatorio.<\/p>\n<p>Un vuelo desde Fort Bliss a la Bah\u00eda de Guant\u00e1namo tiene aproximadamente una docena de migrantes a bordo, seg\u00fan el Pent\u00e1gono. Un vuelo adicional sali\u00f3 de los Estados Unidos el lunes.<\/p>\n<p>Los migrantes se realizar\u00e1n en el campo de detenci\u00f3n que se estableci\u00f3 para los detenidos despu\u00e9s del 11 de septiembre. Los migrantes estar\u00e1n separados de los 15 detenidos que ya estaban all\u00ed, incluidos los planificadores en el ataque terrorista de 2001.<\/p>\n<p><strong>El Salvador acepta aceptar a los deportados estadounidenses de cualquier nacionalidad despu\u00e9s de la reuni\u00f3n con Rubio<\/strong><\/p>\n<p>La semana pasada, el presidente cubano Miguel D\u00edaz-Canel llam\u00f3 al esfuerzo de Trump para enviar a 30,000 migrantes a Guant\u00e1namo un \u00abacto de brutalidad\u00bb.<\/p>\n<p>\u00abEn un acto de brutalidad, el nuevo gobierno de los Estados Unidos anuncia el encarcelamiento en la base naval de Guant\u00e1namo, ubicada en territorio ilegalmente ocupado [of Cuba]de miles de migrantes que expulsa por la fuerza, y los colocar\u00e1 junto a las conocidas prisiones de tortura y detenci\u00f3n ilegal \u00ab, dijo en una publicaci\u00f3n traducida en X.<\/p>\n<p><i>Reuters contribuy\u00f3 a este informe.<\/i><\/p>\n\n","protected":false},"excerpt":{"rendered":"<p>M\u00e9xico no permitir\u00e1 que el gobierno de los Estados Unidos env\u00ede a los migrantes mexicanos a la Bah\u00eda de Guant\u00e1namo, Cuba, un campo de detenci\u00f3n, dijo el martes el ministro de Relaciones Exteriores de M\u00e9xico. El ministro de Relaciones Exteriores, Juan Ramon de la Fuente, dijo que M\u00e9xico preferir\u00eda recibir directamente a los migrantes. El &hellip;<\/p>\n","protected":false},"author":1,"featured_media":13358,"comment_status":"open","ping_status":"open","sticky":false,"template":"","format":"standard","meta":{"fifu_image_url":"https:\/\/a57.foxnews.com\/static.foxnews.com\/foxnews.com\/content\/uploads\/2025\/02\/931\/523\/juan-ramon-de-la-fuente.png?ve=1&tl=1","fifu_image_alt":"","footnotes":""},"categories":[13],"tags":[],"class_list":["post-13356","post","type-post","status-publish","format-standard","has-post-thumbnail","","category-mundo"],"_links":{"self":[{"href":"https:\/\/noticiasveraces.com\/index.php?rest_route=\/wp\/v2\/posts\/13356","targetHints":{"allow":["GET"]}}],"collection":[{"href":"https:\/\/noticiasveraces.com\/index.php?rest_route=\/wp\/v2\/posts"}],"about":[{"href":"https:\/\/noticiasveraces.com\/index.php?rest_route=\/wp\/v2\/types\/post"}],"author":[{"embeddable":true,"href":"https:\/\/noticiasveraces.com\/index.php?rest_route=\/wp\/v2\/users\/1"}],"replies":[{"embeddable":true,"href":"https:\/\/noticiasveraces.com\/index.php?rest_route=%2Fwp%2Fv2%2Fcomments&post=13356"}],"version-history":[{"count":0,"href":"https:\/\/noticiasveraces.com\/index.php?rest_route=\/wp\/v2\/posts\/13356\/revisions"}],"wp:featuredmedia":[{"embeddable":true,"href":"https:\/\/noticiasveraces.com\/index.php?rest_route=\/wp\/v2\/media\/13358"}],"wp:attachment":[{"href":"https:\/\/noticiasveraces.com\/index.php?rest_route=%2Fwp%2Fv2%2Fmedia&parent=13356"}],"wp:term":[{"taxonomy":"category","embeddable":true,"href":"https:\/\/noticiasveraces.com\/index.php?rest_route=%2Fwp%2Fv2%2Fcategories&post=13356"},{"taxonomy":"post_tag","embeddable":true,"href":"https:\/\/noticiasveraces.com\/index.php?rest_route=%2Fwp%2Fv2%2Ftags&post=13356"}],"curies":[{"name":"wp","href":"https:\/\/api.w.org\/{rel}","templated":true}]}}