{"id":13333,"date":"2025-02-05T01:43:44","date_gmt":"2025-02-05T05:43:44","guid":{"rendered":"https:\/\/noticiasveraces.com\/?p=13333"},"modified":"2025-02-05T01:43:44","modified_gmt":"2025-02-05T05:43:44","slug":"vicepresidre-de-eeuu-jd-vance-acudira-a-cumbre-ia-en-paris-segun-funcionarios","status":"publish","type":"post","link":"https:\/\/noticiasveraces.com\/?p=13333","title":{"rendered":"Vicepresidre de eeuu, jd vance, acudir\u00e1 a cumbre ia en par\u00eds, seg\u00fan funcionarios"},"content":{"rendered":"<p> \n<br \/><img decoding=\"async\" src=\"https:\/\/gdb.voanews.com\/9e340303-aa93-411c-a7cc-34847892a864_w800_h450.jpg\" \/><\/p>\n<div id=\"article-content\">\n<div class=\"wsw\">\n<span class=\"dateline\">Par\u00eds &#8211; <\/span><\/p>\n<p>El Vicepresidente de Estados Unidos, Jd Vance, Asistir\u00e1 la Pr\u00f3xima Semana en Par\u00eds A UNA Cumbre de Alto Nivel de dos D\u00edas Centrada en La Inteligencia Artificial, en Su Primer Viaje al Extranjero desde Que Asumi\u00f3 El Cargo, Dijo Un Un Funcionario Funciors.<\/p>\n<p>La Llamada Cumbre de Acci\u00f3n Sobre la ia Reunir\u00e1 A Jefes de Estado y Altos Funcionarios Gubernaminales, Ejecutivos y Otros Actores en el Sector Tecnol\u00f3gico, Que Ha Sido Sacudido Por Avances Galopantes.<\/p>\n<p>Vance No Ha ViJado A\u00fan al ExtranJero Desde su Investidura el Mes Pasado. El Funcionario Franc\u00e9s Habl\u00f3 Bajo Condici\u00f3n de Anonimato Ya Que La Lista de los Asistentes no se ha Hecho P\u00fablica a\u00fan.<\/p>\n<p>La Embajada de Estados Unidos no Realiz\u00f3 Comentarios y remiti\u00f3 las Preguntas a la Casa Blanca.<\/p>\n<p>Sepera Que El Viceprimer Ministro de China, Ding Xuexiang, Asista a la Cumbre, Que Estar\u00e1 Copresidida Por El Presidente de Francia, Emmanuel Macron, Y El Primer Ministro de India, Narendra Modi.<\/p>\n<p>El Vije de Vance se produce desesperados de Que el Presidente, Donald Trump, Anunciara el Mes Pasado una emppresa conjunta que invertir\u00e1 Hasta 500.000 Millones de D\u00f3lares en Infraestructura Relacionada Con la Intereligencia Artificial MediFiLial UNA Nueva Asociaci\u00f3n Entre Openi, Open -ograna y SoftBeNAGENCIA ARTIFIAIAL MEDIANTE INA NUEVA ASOCIACI\u00d3N ENTREAI ABREAI. La Nueva Entidada, Stargate, Comenzar\u00e1 A Construir Centros de Datos Ya Generar La Electricidad Necesaria para el Desarrollo Adicional en Texas, indic\u00f3 la Casa Blanca.<\/p>\n<p>Por otra parte, la aparici\u00f3nica del modelo chino de ia profundo ha sacudido el sector tecnol\u00f3gico, ofreciendo a las emppresas el aceso a la tecnolog\u00eda a una fracci\u00f3n del coste anterior, adem\u00e1s de la posibiliDad de impulsar a ootras a firmas un mejors del coste, adem\u00e1, adem\u00e1s de la posibilida precios.<\/p>\n<p>Vance Ya Reconoci\u00f3 El Mes Pasado Algunas Aplicaciones Perjudiciales de la ia, Pero durante una audiencia del senado en julio apunt\u00f3 que le indieta que esta est\u00e1 preocupaci\u00f3n est\u00e9 justificando \u201cAlguno intentos previos a los prevenidos de sogurerregulaci\u00f3n, fr\u00e1nzamente, los alguinos de los intentos de sogurerregulaci\u00f3n\u00f3n \u00d3gicos ya establecidos \u201d.<\/p>\n<p><em><strong>\u00a1Con9Cate Con la Voz de Am\u00e9rica! Suscr\u00edbete un canales de nuestros de<\/strong><strong>YouTube<\/strong><strong>, <\/strong><strong>Whatsapp<\/strong><strong>  Y al <\/strong><strong>hoja informativa<\/strong><strong>. Activa las Notificaciones y s\u00edguenos en <\/strong><strong>Facebook<\/strong><strong>, <\/strong><a class=\"wsw__a\" href=\"https:\/\/nam10.safelinks.protection.outlook.com\/?url=https%3A%2F%2Ftwitter.com%2FVozdeAmerica&amp;data=05%7C02%7Cwserrano%40voanews.com%7C0b9cfda59f52447b0ed708dc07d64451%7Cba99e87c673541c2b1c1354eee3a8659%7C0%7C0%7C638393864063639904%7CUnknown%7CTWFpbGZsb3d8eyJWIjoiMC4wLjAwMDAiLCJQIjoiV2luMzIiLCJBTiI6Ik1haWwiLCJXVCI6Mn0%3D%7C3000%7C%7C%7C&amp;sdata=unLJDFixL8cjTiSip1dC8ViP8otjrQyzq1ziP2g1PMo%3D&amp;reserved=0\" target=\"_blank\"><strong>inc\u00f3gnita<\/strong><\/a><strong>  mi <\/strong><strong>Instagram<\/strong><strong>.<\/strong><\/em><\/p>\n<\/div>\n<\/div>\n<p><script async src=\"https:\/\/platform.twitter.com\/widgets.js\" charset=\"utf-8\"><\/script><script async src=\"\/\/www.instagram.com\/embed.js\"><\/script><br \/>\n<br \/>\n","protected":false},"excerpt":{"rendered":"<p>Par\u00eds &#8211; El Vicepresidente de Estados Unidos, Jd Vance, Asistir\u00e1 la Pr\u00f3xima Semana en Par\u00eds A UNA Cumbre de Alto Nivel de dos D\u00edas Centrada en La Inteligencia Artificial, en Su Primer Viaje al Extranjero desde Que Asumi\u00f3 El Cargo, Dijo Un Un Funcionario Funciors. La Llamada Cumbre de Acci\u00f3n Sobre la ia Reunir\u00e1 A &hellip;<\/p>\n","protected":false},"author":1,"featured_media":13335,"comment_status":"open","ping_status":"open","sticky":false,"template":"","format":"standard","meta":{"fifu_image_url":"https:\/\/gdb.voanews.com\/9e340303-aa93-411c-a7cc-34847892a864_w1200_r1.jpg","fifu_image_alt":"","footnotes":""},"categories":[3],"tags":[],"class_list":["post-13333","post","type-post","status-publish","format-standard","has-post-thumbnail","","category-negocio"],"_links":{"self":[{"href":"https:\/\/noticiasveraces.com\/index.php?rest_route=\/wp\/v2\/posts\/13333","targetHints":{"allow":["GET"]}}],"collection":[{"href":"https:\/\/noticiasveraces.com\/index.php?rest_route=\/wp\/v2\/posts"}],"about":[{"href":"https:\/\/noticiasveraces.com\/index.php?rest_route=\/wp\/v2\/types\/post"}],"author":[{"embeddable":true,"href":"https:\/\/noticiasveraces.com\/index.php?rest_route=\/wp\/v2\/users\/1"}],"replies":[{"embeddable":true,"href":"https:\/\/noticiasveraces.com\/index.php?rest_route=%2Fwp%2Fv2%2Fcomments&post=13333"}],"version-history":[{"count":0,"href":"https:\/\/noticiasveraces.com\/index.php?rest_route=\/wp\/v2\/posts\/13333\/revisions"}],"wp:featuredmedia":[{"embeddable":true,"href":"https:\/\/noticiasveraces.com\/index.php?rest_route=\/wp\/v2\/media\/13335"}],"wp:attachment":[{"href":"https:\/\/noticiasveraces.com\/index.php?rest_route=%2Fwp%2Fv2%2Fmedia&parent=13333"}],"wp:term":[{"taxonomy":"category","embeddable":true,"href":"https:\/\/noticiasveraces.com\/index.php?rest_route=%2Fwp%2Fv2%2Fcategories&post=13333"},{"taxonomy":"post_tag","embeddable":true,"href":"https:\/\/noticiasveraces.com\/index.php?rest_route=%2Fwp%2Fv2%2Ftags&post=13333"}],"curies":[{"name":"wp","href":"https:\/\/api.w.org\/{rel}","templated":true}]}}