{"id":13315,"date":"2025-02-05T00:05:51","date_gmt":"2025-02-05T04:05:51","guid":{"rendered":"https:\/\/noticiasveraces.com\/?p=13315"},"modified":"2025-02-05T00:05:51","modified_gmt":"2025-02-05T04:05:51","slug":"netflix-retira-a-actriz-de-emilia-perez-de-su-publicidad-dw-05-02-2025","status":"publish","type":"post","link":"https:\/\/noticiasveraces.com\/?p=13315","title":{"rendered":"Netflix Retira A Actriz de \u00abEmilia P\u00e9rez\u00bb de Su Publicidad &#8211; DW &#8211; 05\/02\/2025"},"content":{"rendered":"<p> \n<\/p>\n<div>\n<p>Netflix aparte A a la actriz Espa\u00f1ola Karla Sof\u00eda Gasc\u00f3n, la protagonista de la pel\u00edcula \u00abEmilia P\u00e9rez\u00bb, de su Campaa\u00f1a publicitaria rumbo a los \u00d3scar y se ha ha distanciada de la nominada un mejor actriz por sus mensajes de los sesvos en lasss rojizos, informes de la nominada un nominada un mejor actriz por sus mensajes ofensivos en lass rojizos, los socios, el nominada, un mejor actriz por sus mensajes ofensivos en las rojizos, los socios, el nominada, un mejor actriz por sus mensajes ofensivos en las rojizas, los sesgos, el nominada un nominada un mejor actriz por sus mensajes ofensivos en las rojizas. (04.02.2025) Medios Especializados de Hollywood.<\/p>\n<p>IM\u00c1GENES DE GASC\u00d3N, QUE HIZO HISTORIA COMO LA PERPERA PERSONA ABIERTAME TRANSG\u00c9NERO Nominada en Los Premios de la Academia, Hab\u00eda Adornado Carteles, Vallas y Anuncios del Narco-Musical, Que OBTUVO 13 Nominaciones AS \u00d3CAR, MUNINGUNA ITRA ANEL\u00cdA ANMEULE.<\/p>\n<p>Pero la promoci\u00f3n del filme Cambi\u00f3 Dr\u00e1ssticamme la Semana Pasada, Despu\u00e9s de Que se Conocieran E Hicieran Virales Antiguos Mensajes en Las Redes Sociales en Los que Gasc\u00d3n, por Ejemplo, Calific\u00f3 al Islam de \u00abInfeci\u00f3n\u00bb Y de SER \u00abProfundamento\u00bb.<\/p>\n<p>Gasc\u00f3n Tambi\u00e9n denigr\u00f3 o se Burl\u00f3 de Tema Muy Variado, Como los Esfuerzos por impulsar la diversidad, China o George Floyd, El Hombre Negro Cuyo Asesinato a Manos de la Polic\u00eda en 2020 Provoc\u00f3 Protestas Masivas en Estados Unidos.<\/p>\n<p>La actriz espa\u00f1ola, de 52 A\u00f1os, se disculp\u00f3 Inicialmental en un comunicado emitido por netflix y desactiv\u00f3 su cuenta en x, para luego intentar defenderse p\u00fablicamme.<\/p>\n<p>Entre L\u00e1grimas, Dijo a la Cnn que \u00abno es racista\u00bb y que no se retirar\u00e1 de la Carrera por el \u00d3scar, Adem\u00e1s de Culpar a la \u00abcultura de la cancelaci\u00f3n\u00bb en una publicaci\u00f3n en Instagram. <\/p>\n<p><span data-slot-id=\"Article_InContent-1\" class=\"rich-text-ad\"\/><\/p>\n<h2>Duras cryticas hacia la pel\u00edcula<\/h2>\n<p>Los Medios Especializados The Hollywood Reporter Y Variety Informaron, Sin embargo, Que Netflix, Que Ha Hecho Una Gran Inversi\u00f3n con la Espiones de Que \u00abEmilia P\u00e9rez\u00bb Le Proporcione Su Primer \u00d3scar A Mejor Pel\u00cdcula, retir\u00f3 a un gasc\u00f3n de aDa Su Campaa\u00f1a.<\/p>\n<p>Este Martes, una p\u00e1gina web del gigante del \u00abstreaming\u00bb que promociona la pel\u00edcula \u00abpara su consideroaci\u00f3n en los premios\u00bb Conten\u00eda Solo una Fotograf\u00eda de Zoe Saldana, la candidata a Mejor Actriz de Rparto en Los \u00f3rcar de Este a\u00f1o.<\/p>\n<p>EN UN Momento \u00c1lgido de la Temporada de Premios de Hollywood, Gasc\u00f3n Ya No Asistir\u00e1 A Eventos de la Gala de los Cr\u00edticos de Cr\u00e1nsicos Del Viernes, Como Estaba Previsto, A\u00f1adieron Los Medios.<\/p>\n<p>Contactado por la AFP, Netflix Declin\u00f3 Hacer Comentarios P\u00fablicos.<\/p>\n<p>\u00abEmilia P\u00e9rez\u00bb, Dirigida por El Franc\u00e9s Jacques Audiard, Cuenta la Historia de un narcotraficante mexicano que transiciona a una mujer y da la Espalda al Crimen.<\/p>\n<p>La pel\u00edcula ha recibido duras cryticas en redes sociales por sus representaciones de M\u00e9xico, Su Guerra contra Las Drogas y Tem\u00edas Sensibles en ise Pa\u00eds como los desaparecidos.<\/p>\n<p>Tambi\u00e9n ha sido criticada por su retrato de la comunidad trans y su uSo de Inteligencia paraemana artificial El Rango de Voz de Gasc\u00f3n en Las Escenas Musicales.<\/p>\n<p>Mg (AFP, CNN)<\/p>\n<\/div>\n\n","protected":false},"excerpt":{"rendered":"<p>Netflix aparte A a la actriz Espa\u00f1ola Karla Sof\u00eda Gasc\u00f3n, la protagonista de la pel\u00edcula \u00abEmilia P\u00e9rez\u00bb, de su Campaa\u00f1a publicitaria rumbo a los \u00d3scar y se ha ha distanciada de la nominada un mejor actriz por sus mensajes de los sesvos en lasss rojizos, informes de la nominada un nominada un mejor actriz por &hellip;<\/p>\n","protected":false},"author":1,"featured_media":13316,"comment_status":"open","ping_status":"open","sticky":false,"template":"","format":"standard","meta":{"fifu_image_url":"https:\/\/static.dw.com\/image\/71384585_6.jpg","fifu_image_alt":"","footnotes":""},"categories":[13],"tags":[],"class_list":["post-13315","post","type-post","status-publish","format-standard","has-post-thumbnail","","category-mundo"],"_links":{"self":[{"href":"https:\/\/noticiasveraces.com\/index.php?rest_route=\/wp\/v2\/posts\/13315","targetHints":{"allow":["GET"]}}],"collection":[{"href":"https:\/\/noticiasveraces.com\/index.php?rest_route=\/wp\/v2\/posts"}],"about":[{"href":"https:\/\/noticiasveraces.com\/index.php?rest_route=\/wp\/v2\/types\/post"}],"author":[{"embeddable":true,"href":"https:\/\/noticiasveraces.com\/index.php?rest_route=\/wp\/v2\/users\/1"}],"replies":[{"embeddable":true,"href":"https:\/\/noticiasveraces.com\/index.php?rest_route=%2Fwp%2Fv2%2Fcomments&post=13315"}],"version-history":[{"count":0,"href":"https:\/\/noticiasveraces.com\/index.php?rest_route=\/wp\/v2\/posts\/13315\/revisions"}],"wp:featuredmedia":[{"embeddable":true,"href":"https:\/\/noticiasveraces.com\/index.php?rest_route=\/wp\/v2\/media\/13316"}],"wp:attachment":[{"href":"https:\/\/noticiasveraces.com\/index.php?rest_route=%2Fwp%2Fv2%2Fmedia&parent=13315"}],"wp:term":[{"taxonomy":"category","embeddable":true,"href":"https:\/\/noticiasveraces.com\/index.php?rest_route=%2Fwp%2Fv2%2Fcategories&post=13315"},{"taxonomy":"post_tag","embeddable":true,"href":"https:\/\/noticiasveraces.com\/index.php?rest_route=%2Fwp%2Fv2%2Ftags&post=13315"}],"curies":[{"name":"wp","href":"https:\/\/api.w.org\/{rel}","templated":true}]}}