{"id":13312,"date":"2025-02-04T23:42:53","date_gmt":"2025-02-05T03:42:53","guid":{"rendered":"https:\/\/noticiasveraces.com\/?p=13312"},"modified":"2025-02-04T23:42:53","modified_gmt":"2025-02-05T03:42:53","slug":"marks-y-spencer-selecciones-de-estilo-de-febrero-de-moda-del-escritor-de-moda","status":"publish","type":"post","link":"https:\/\/noticiasveraces.com\/?p=13312","title":{"rendered":"Marks y Spencer: selecciones de estilo de febrero de moda del escritor de moda"},"content":{"rendered":"<p> \n<\/p>\n<div>\n<div class=\"photo changeSpace\">\n<p class=\"withoutCaption\"><picture><source type=\"image\/avif\" srcset=\"https:\/\/cdn.images.express.co.uk\/img\/dynamic\/12\/1200x712\/secondary\/m-s-new-in-5933462.avif?r=1738682037650\" media=\"screen and (min-width:10000px)\"><source type=\"image\/webp\" srcset=\"https:\/\/cdn.images.express.co.uk\/img\/dynamic\/12\/1200x712\/secondary\/m-s-new-in-5933462.webp?r=1738682037650\" media=\"screen and (min-width:10000px)\"><source type=\"image\/jpeg\" srcset=\"https:\/\/cdn.images.express.co.uk\/img\/dynamic\/12\/1200x712\/secondary\/m-s-new-in-5933462.jpg?r=1738682037650\" media=\"screen and (min-width:10000px)\"><source type=\"image\/avif\" srcset=\"https:\/\/cdn.images.express.co.uk\/img\/dynamic\/12\/940x\/secondary\/m-s-new-in-5933462.avif?r=1738682037650\" media=\"screen\"><source type=\"image\/webp\" srcset=\"https:\/\/cdn.images.express.co.uk\/img\/dynamic\/12\/940x\/secondary\/m-s-new-in-5933462.webp?r=1738682037650\" media=\"screen\"><img loading=\"lazy\" decoding=\"async\" class=\"zoomEnabled\" src=\"https:\/\/cdn.images.express.co.uk\/img\/dynamic\/12\/1200x712\/secondary\/m-s-new-in-5933462.jpg?r=1738682037650\" alt=\"M&#038;S Nuevo en\" title=\"M&#038;S Nuevo en\" width=\"590\" height=\"369\"\/><\/source><\/source><\/source><\/source><\/source><\/picture><\/p>\n<p><span class=\"newsCaption\">La nueva secci\u00f3n es ideal para el final del invierno y el inicio de la primavera. <span class=\"caption\">(Imagen: M&#038;S)<\/span><span class=\"magnifier\" data-img=\"https:\/\/cdn.images.express.co.uk\/img\/dynamic\/12\/1200x712\/secondary\/m-s-new-in-5933462.jpg?r=1738682037650\"\/><\/span><\/div>\n<p><!--googleoff: all--><\/p>\n<div class=\"affiliate-links\">  Este art\u00edculo contiene enlaces de afiliados, recibiremos una comisi\u00f3n sobre cualquier venta que generemos a partir de \u00e9l. Obtenga m\u00e1s informaci\u00f3n<\/div>\n<p> <!--googleon: all--><\/p>\n<div class=\"text-description\">\n<p>Esta \u00e9poca del a\u00f1o puede ser complicada, con los fan\u00e1ticos de la moda que comienzan a pensar en la transici\u00f3n de sus armarios para la temporada de primavera, pero el clima sigue siendo fr\u00edo e impredecible. Para aquellos que buscan invertir en varias piezas de ropa nuevas, Marks y Spencer es una opci\u00f3n popular, ya que la gama del minorista a menudo combina valor y calidad.<\/p>\n<p>Cada mes, la colecci\u00f3n se actualiza, y a menudo me encuentro dirigido al sitio web para navegar por la nueva secci\u00f3n, que muestra las nuevas incorporaciones y ofrece inspiraci\u00f3n para armar atuendos en el momento actual.<\/p>\n<p data-mce-linkchecker-status=\"valid\">Alej\u00e1ndose de los puentes y abrigos gruesos y pesados \u200b\u200bde Winter, la colecci\u00f3n de febrero presenta una buena mezcla de mezclilla de primavera y florales, adem\u00e1s de m\u00e1s livianos y chaquetas para esos d\u00edas m\u00e1s fr\u00edos. He encontrado varias piezas destacadas de la gama, todas est\u00e1n dentro de un presupuesto de \u00a3 70, con el m\u00e1s barato a partir de menos de \u00a3 20. <\/p>\n<\/div>\n<p><h3 id=\"Denim-Maxi-Skirt-66949396\" data-toc=\"0\">Falda maxi de mezclilla<\/h3>\n<\/p>\n<div class=\"photo changeSpace\">\n<p class=\"withoutCaption\"><picture><source type=\"image\/avif\" srcset=\"https:\/\/cdn.images.express.co.uk\/img\/dynamic\/12\/1200x712\/secondary\/denim-maxi-5933755.avif?r=1738682037661\" media=\"screen and (min-width:10000px)\"><source type=\"image\/webp\" srcset=\"https:\/\/cdn.images.express.co.uk\/img\/dynamic\/12\/1200x712\/secondary\/denim-maxi-5933755.webp?r=1738682037661\" media=\"screen and (min-width:10000px)\"><source type=\"image\/jpeg\" srcset=\"https:\/\/cdn.images.express.co.uk\/img\/dynamic\/12\/1200x712\/secondary\/denim-maxi-5933755.jpg?r=1738682037661\" media=\"screen and (min-width:10000px)\"><source type=\"image\/avif\" srcset=\"https:\/\/cdn.images.express.co.uk\/img\/dynamic\/12\/940x\/secondary\/denim-maxi-5933755.avif?r=1738682037661\" media=\"screen\"><source type=\"image\/webp\" srcset=\"https:\/\/cdn.images.express.co.uk\/img\/dynamic\/12\/940x\/secondary\/denim-maxi-5933755.webp?r=1738682037661\" media=\"screen\"><img decoding=\"async\" class=\"zoomEnabled\" src=\"https:\/\/cdn.images.express.co.uk\/img\/dynamic\/12\/1200x712\/secondary\/denim-maxi-5933755.jpg?r=1738682037661\" alt=\"Falda maxi de mezclilla\" title=\"Falda maxi de mezclilla\" width=\"590\" height=\"369\" loading=\"lazy\"\/><\/source><\/source><\/source><\/source><\/source><\/picture><\/p>\n<p><span class=\"newsCaption\">La falda Maxi de mezclilla es una pieza elegante para la primavera. <span class=\"caption\">(Imagen: M&#038;S)<\/span><span class=\"magnifier\" data-img=\"https:\/\/cdn.images.express.co.uk\/img\/dynamic\/12\/1200x712\/secondary\/denim-maxi-5933755.jpg?r=1738682037661\"\/><\/span><\/div>\n<div class=\"text-description\">\n<p>Las faldas maxi vienen en diferentes formas, pero una versi\u00f3n de mezclilla es una de las m\u00e1s port\u00e1tiles. Lo suficientemente resistente como para usar cuando el clima todav\u00eda est\u00e1 fr\u00edo (o en capas con medias), pero ideal para la primavera tambi\u00e9n, esta falda maxi se puede combinar con un jersey, blusa o camiseta como alternativa a los jeans. Cuesta \u00a3 45, y si usa jeans con frecuencia, es probable que tambi\u00e9n obtenga el valor de su dinero de esto. <\/p>\n<\/div>\n<p><h3 id=\"Suedette-Biker-Jacket-66949401\" data-toc=\"0\">Chaqueta de motociclista de demandas<\/h3>\n<\/p>\n<div class=\"photo changeSpace\">\n<p class=\"withoutCaption\"><picture><source type=\"image\/avif\" srcset=\"https:\/\/cdn.images.express.co.uk\/img\/dynamic\/12\/1200x712\/secondary\/suedette-biker-5933899.avif?r=1738682037673\" media=\"screen and (min-width:10000px)\"><source type=\"image\/webp\" srcset=\"https:\/\/cdn.images.express.co.uk\/img\/dynamic\/12\/1200x712\/secondary\/suedette-biker-5933899.webp?r=1738682037673\" media=\"screen and (min-width:10000px)\"><source type=\"image\/jpeg\" srcset=\"https:\/\/cdn.images.express.co.uk\/img\/dynamic\/12\/1200x712\/secondary\/suedette-biker-5933899.jpg?r=1738682037673\" media=\"screen and (min-width:10000px)\"><source type=\"image\/avif\" srcset=\"https:\/\/cdn.images.express.co.uk\/img\/dynamic\/12\/940x\/secondary\/suedette-biker-5933899.avif?r=1738682037673\" media=\"screen\"><source type=\"image\/webp\" srcset=\"https:\/\/cdn.images.express.co.uk\/img\/dynamic\/12\/940x\/secondary\/suedette-biker-5933899.webp?r=1738682037673\" media=\"screen\"><img decoding=\"async\" class=\"zoomEnabled\" src=\"https:\/\/cdn.images.express.co.uk\/img\/dynamic\/12\/1200x712\/secondary\/suedette-biker-5933899.jpg?r=1738682037673\" alt=\"Chaqueta de motociclista de demandas\" title=\"Chaqueta de motociclista de demandas\" width=\"590\" height=\"369\" loading=\"lazy\"\/><\/source><\/source><\/source><\/source><\/source><\/picture><\/p>\n<p><span class=\"newsCaption\">La chaqueta de motociclista Semirette est\u00e1 en tendencia. <span class=\"caption\">(Imagen: M&#038;S)<\/span><span class=\"magnifier\" data-img=\"https:\/\/cdn.images.express.co.uk\/img\/dynamic\/12\/1200x712\/secondary\/suedette-biker-5933899.jpg?r=1738682037673\"\/><\/span><\/div>\n<div class=\"text-description\">\n<p>Suede es una de las tendencias m\u00e1s importantes de esta temporada, superando el cuero y la mezclilla para insertarse firmemente en los armarios de los fan\u00e1ticos de la moda, en forma de chaquetas, blazers y faldas.<\/p>\n<p>Abraza la tendencia con la chaqueta de motociclista de \u00a3 69, una pieza de lanzamiento de gran tama\u00f1o y sin esfuerzo en un estilo Longline. Para un aspecto inspirado en los 70, podr\u00eda combinar esto con jeans acampanados, o usarlo para suavizar su vestido negro favorito.<\/p>\n<\/div>\n<p><h3 id=\"Cotton-Rich-Textured-V-Neck-Slub-Jumper-66949406\" data-toc=\"0\">Jersey con cuello en V contextual de algod\u00f3n rico en algod\u00f3n<\/h3>\n<\/p>\n<div class=\"photo changeSpace\">\n<p class=\"withoutCaption\"><picture><source type=\"image\/avif\" srcset=\"https:\/\/cdn.images.express.co.uk\/img\/dynamic\/12\/1200x712\/secondary\/slub-jumper-5933902.avif?r=1738682037684\" media=\"screen and (min-width:10000px)\"><source type=\"image\/webp\" srcset=\"https:\/\/cdn.images.express.co.uk\/img\/dynamic\/12\/1200x712\/secondary\/slub-jumper-5933902.webp?r=1738682037684\" media=\"screen and (min-width:10000px)\"><source type=\"image\/jpeg\" srcset=\"https:\/\/cdn.images.express.co.uk\/img\/dynamic\/12\/1200x712\/secondary\/slub-jumper-5933902.jpg?r=1738682037684\" media=\"screen and (min-width:10000px)\"><source type=\"image\/avif\" srcset=\"https:\/\/cdn.images.express.co.uk\/img\/dynamic\/12\/940x\/secondary\/slub-jumper-5933902.avif?r=1738682037684\" media=\"screen\"><source type=\"image\/webp\" srcset=\"https:\/\/cdn.images.express.co.uk\/img\/dynamic\/12\/940x\/secondary\/slub-jumper-5933902.webp?r=1738682037684\" media=\"screen\"><img decoding=\"async\" class=\"zoomEnabled\" src=\"https:\/\/cdn.images.express.co.uk\/img\/dynamic\/12\/1200x712\/secondary\/slub-jumper-5933902.jpg?r=1738682037684\" alt=\"Jersey con cuello en V contextual de algod\u00f3n rico en algod\u00f3n\" title=\"Jersey con cuello en V contextual de algod\u00f3n rico en algod\u00f3n\" width=\"590\" height=\"369\" loading=\"lazy\"\/><\/source><\/source><\/source><\/source><\/source><\/picture><\/p>\n<p><span class=\"newsCaption\">Un jersey de ajuste relajado ideal para tirar y ir atuendos. <span class=\"caption\">(Imagen: M&#038;S)<\/span><span class=\"magnifier\" data-img=\"https:\/\/cdn.images.express.co.uk\/img\/dynamic\/12\/1200x712\/secondary\/slub-jumper-5933902.jpg?r=1738682037684\"\/><\/span><\/div>\n<div class=\"text-description\">\n<p>A medida que avanza la primavera, pero las temperaturas a\u00fan no se han calentado, los puentes livianos todav\u00eda son muy necesarios, y el jersey con cuello en V rico en algod\u00f3n tiene algunos detalles adicionales para agregar cierto inter\u00e9s a un atuendo.<\/p>\n<p data-mce-linkchecker-status=\"valid\">Creo que la tela texturizada y la manga recortada y los detalles del cuello son ideales para atuendos simples y cotidianos, mientras que siempre encuentro un cuello en V para ser halagador. El saltador cuesta \u00a3 35 y viene en dos tonos de primavera: Natural y Lilac.<\/p>\n<\/div>\n<p><h3 id=\"Short-Sleeve-Textured-Top-66949411\" data-toc=\"0\">Tapa texturizada de manga corta<\/h3>\n<\/p>\n<div class=\"photo changeSpace\">\n<p class=\"withoutCaption\"><picture><source type=\"image\/avif\" srcset=\"https:\/\/cdn.images.express.co.uk\/img\/dynamic\/12\/1200x712\/secondary\/short-sleeve-textured-top-5933904.avif?r=1738682037696\" media=\"screen and (min-width:10000px)\"><source type=\"image\/webp\" srcset=\"https:\/\/cdn.images.express.co.uk\/img\/dynamic\/12\/1200x712\/secondary\/short-sleeve-textured-top-5933904.webp?r=1738682037696\" media=\"screen and (min-width:10000px)\"><source type=\"image\/jpeg\" srcset=\"https:\/\/cdn.images.express.co.uk\/img\/dynamic\/12\/1200x712\/secondary\/short-sleeve-textured-top-5933904.jpg?r=1738682037696\" media=\"screen and (min-width:10000px)\"><source type=\"image\/avif\" srcset=\"https:\/\/cdn.images.express.co.uk\/img\/dynamic\/12\/940x\/secondary\/short-sleeve-textured-top-5933904.avif?r=1738682037696\" media=\"screen\"><source type=\"image\/webp\" srcset=\"https:\/\/cdn.images.express.co.uk\/img\/dynamic\/12\/940x\/secondary\/short-sleeve-textured-top-5933904.webp?r=1738682037696\" media=\"screen\"><img decoding=\"async\" class=\"zoomEnabled\" src=\"https:\/\/cdn.images.express.co.uk\/img\/dynamic\/12\/1200x712\/secondary\/short-sleeve-textured-top-5933904.jpg?r=1738682037696\" alt=\"Tapa texturizada de manga corta\" title=\"Tapa texturizada de manga corta\" width=\"590\" height=\"369\" loading=\"lazy\"\/><\/source><\/source><\/source><\/source><\/source><\/picture><\/p>\n<p><span class=\"newsCaption\">Por \u00a3 19.50 puede agregar esta pieza texturizada a su guardarropa. <span class=\"caption\">(Imagen: M&#038;S)<\/span><span class=\"magnifier\" data-img=\"https:\/\/cdn.images.express.co.uk\/img\/dynamic\/12\/1200x712\/secondary\/short-sleeve-textured-top-5933904.jpg?r=1738682037696\"\/><\/span><\/div>\n<div class=\"text-description\">\n<p>Una cosa para la que M&#038;S es ideal es conceptos b\u00e1sicos elevados, y si eres como yo, querr\u00e1s piezas vers\u00e1tiles que no necesiten mucho accesorios para ahorrar tiempo al buscar un atuendo. Invertir en ropa texturizada es una de mis formas favoritas de garantizar que mi atuendo no se vea aburrido.<\/p>\n<p data-mce-linkchecker-status=\"valid\">La capa superior de manga corta cuesta solo \u00a3 19.50 y viene en tonos negros y mocas. Tambi\u00e9n es f\u00e1cil de peinar, con un dise\u00f1o aireado y regular, que se puede usar con cualquier atuendo con el que generalmente usar\u00edas una camiseta.<\/p>\n<\/div>\n<p><h3 id=\"Pure-Cotton-Denim-Mini-Shift-Dress-66949416\" data-toc=\"0\">Mini vestido de algod\u00f3n de algod\u00f3n puro<\/h3>\n<\/p>\n<div class=\"photo changeSpace\">\n<p class=\"withoutCaption\"><picture><source type=\"image\/avif\" srcset=\"https:\/\/cdn.images.express.co.uk\/img\/dynamic\/12\/1200x712\/secondary\/pure-cotton-denim-dress-5933906.avif?r=1738682037708\" media=\"screen and (min-width:10000px)\"><source type=\"image\/webp\" srcset=\"https:\/\/cdn.images.express.co.uk\/img\/dynamic\/12\/1200x712\/secondary\/pure-cotton-denim-dress-5933906.webp?r=1738682037708\" media=\"screen and (min-width:10000px)\"><source type=\"image\/jpeg\" srcset=\"https:\/\/cdn.images.express.co.uk\/img\/dynamic\/12\/1200x712\/secondary\/pure-cotton-denim-dress-5933906.jpg?r=1738682037708\" media=\"screen and (min-width:10000px)\"><source type=\"image\/avif\" srcset=\"https:\/\/cdn.images.express.co.uk\/img\/dynamic\/12\/940x\/secondary\/pure-cotton-denim-dress-5933906.avif?r=1738682037708\" media=\"screen\"><source type=\"image\/webp\" srcset=\"https:\/\/cdn.images.express.co.uk\/img\/dynamic\/12\/940x\/secondary\/pure-cotton-denim-dress-5933906.webp?r=1738682037708\" media=\"screen\"><img decoding=\"async\" class=\"zoomEnabled\" src=\"https:\/\/cdn.images.express.co.uk\/img\/dynamic\/12\/1200x712\/secondary\/pure-cotton-denim-dress-5933906.jpg?r=1738682037708\" alt=\"Mini vestido de algod\u00f3n de algod\u00f3n puro\" title=\"Mini vestido de algod\u00f3n de algod\u00f3n puro\" width=\"590\" height=\"369\" loading=\"lazy\"\/><\/source><\/source><\/source><\/source><\/source><\/picture><\/p>\n<p><span class=\"newsCaption\">Invierta en un vestido de mezclilla para el estilo de diferentes maneras a lo largo de las estaciones\/ <span class=\"caption\">(Imagen: M&#038;S)<\/span><span class=\"magnifier\" data-img=\"https:\/\/cdn.images.express.co.uk\/img\/dynamic\/12\/1200x712\/secondary\/pure-cotton-denim-dress-5933906.jpg?r=1738682037708\"\/><\/span><\/div>\n<div class=\"text-description\">\n<p>Si est\u00e1 pensando que es demasiado temprano en el a\u00f1o incluso para pensar en comprar vestidos, no es el caso con este mini vestido de algod\u00f3n de algod\u00f3n puro.<\/p>\n<p>De hecho, esta simple pieza de menos de \u00a3 40 podr\u00eda convertirse en una de las piezas m\u00e1s trabajadoras de su guardarropa. Para el clima actual, lo usar\u00eda sobre una parte superior o jersey de manga larga con medias y botas. Sin embargo, es una pieza vers\u00e1til que puede hacer una transici\u00f3n f\u00e1cilmente con usted durante la primavera y el verano.<\/p>\n<p>Una vez que el clima se calienta, lo combinar\u00eda con una chaqueta ligera y entrenadores, y en el verano ser\u00eda f\u00e1cil tirar sandalias.<\/p>\n<\/div>\n<p><h3 id=\"Cotton-Blend-Denim-Look-Wide-Leg-Trousers-66949421\" data-toc=\"0\">Mezcla de algod\u00f3n de mezclilla mira pantalones de piernas anchas<\/h3>\n<\/p>\n<div class=\"photo changeSpace\">\n<p class=\"withoutCaption\"><picture><source type=\"image\/avif\" srcset=\"https:\/\/cdn.images.express.co.uk\/img\/dynamic\/12\/1200x712\/secondary\/cotton-denim-trousers-5933909.avif?r=1738682037720\" media=\"screen and (min-width:10000px)\"><source type=\"image\/webp\" srcset=\"https:\/\/cdn.images.express.co.uk\/img\/dynamic\/12\/1200x712\/secondary\/cotton-denim-trousers-5933909.webp?r=1738682037720\" media=\"screen and (min-width:10000px)\"><source type=\"image\/jpeg\" srcset=\"https:\/\/cdn.images.express.co.uk\/img\/dynamic\/12\/1200x712\/secondary\/cotton-denim-trousers-5933909.jpg?r=1738682037720\" media=\"screen and (min-width:10000px)\"><source type=\"image\/avif\" srcset=\"https:\/\/cdn.images.express.co.uk\/img\/dynamic\/12\/940x\/secondary\/cotton-denim-trousers-5933909.avif?r=1738682037720\" media=\"screen\"><source type=\"image\/webp\" srcset=\"https:\/\/cdn.images.express.co.uk\/img\/dynamic\/12\/940x\/secondary\/cotton-denim-trousers-5933909.webp?r=1738682037720\" media=\"screen\"><img decoding=\"async\" class=\"zoomEnabled\" src=\"https:\/\/cdn.images.express.co.uk\/img\/dynamic\/12\/1200x712\/secondary\/cotton-denim-trousers-5933909.jpg?r=1738682037720\" alt=\"Mezcla de algod\u00f3n de mezclilla Mirada de la pierna ancha\" title=\"Mezcla de algod\u00f3n de mezclilla Mirada de la pierna ancha\" width=\"590\" height=\"369\" loading=\"lazy\"\/><\/source><\/source><\/source><\/source><\/source><\/picture><\/p>\n<p><span class=\"newsCaption\">Estos pantalones combinan un aspecto de mezclilla con una sensaci\u00f3n de pantal\u00f3n. <span class=\"caption\">(Imagen: M&#038;S)<\/span><span class=\"magnifier\" data-img=\"https:\/\/cdn.images.express.co.uk\/img\/dynamic\/12\/1200x712\/secondary\/cotton-denim-trousers-5933909.jpg?r=1738682037720\"\/><\/span><\/div>\n<div class=\"text-description\">\n<p>Comprometerse con la comodidad es un gran no-no en lo que a m\u00ed respecta, y parece que M&#038;S est\u00e1 en la misma p\u00e1gina con los pantalones de las piernas de la mezclilla de la mezcla de algod\u00f3n de \u00a3 49.50.<\/p>\n<p>Ya no es necesario elegir entre jeans, pantalones inteligentes y pantalones de ch\u00e1ndal, ya que estos pantalones dise\u00f1ados inteligentemente tienen un efecto de mezclilla sin el material r\u00edgido, la forma y la sensaci\u00f3n de los pantalones de pierna ancha, y el estiramiento adicional para la comodidad.<\/p>\n<\/div>\n<p><h3 id=\"Pure-Cotton-Tie-Front-Blouse-66949426\" data-toc=\"0\">Pura blusa frontal de corbata de algod\u00f3n<\/h3>\n<\/p>\n<div class=\"photo changeSpace\">\n<p class=\"withoutCaption\"><picture><source type=\"image\/avif\" srcset=\"https:\/\/cdn.images.express.co.uk\/img\/dynamic\/12\/1200x712\/secondary\/pure-cotton-blouse-5933910.avif?r=1738682037732\" media=\"screen and (min-width:10000px)\"><source type=\"image\/webp\" srcset=\"https:\/\/cdn.images.express.co.uk\/img\/dynamic\/12\/1200x712\/secondary\/pure-cotton-blouse-5933910.webp?r=1738682037732\" media=\"screen and (min-width:10000px)\"><source type=\"image\/jpeg\" srcset=\"https:\/\/cdn.images.express.co.uk\/img\/dynamic\/12\/1200x712\/secondary\/pure-cotton-blouse-5933910.jpg?r=1738682037732\" media=\"screen and (min-width:10000px)\"><source type=\"image\/avif\" srcset=\"https:\/\/cdn.images.express.co.uk\/img\/dynamic\/12\/940x\/secondary\/pure-cotton-blouse-5933910.avif?r=1738682037732\" media=\"screen\"><source type=\"image\/webp\" srcset=\"https:\/\/cdn.images.express.co.uk\/img\/dynamic\/12\/940x\/secondary\/pure-cotton-blouse-5933910.webp?r=1738682037732\" media=\"screen\"><img decoding=\"async\" class=\"zoomEnabled\" src=\"https:\/\/cdn.images.express.co.uk\/img\/dynamic\/12\/1200x712\/secondary\/pure-cotton-blouse-5933910.jpg?r=1738682037732\" alt=\"Pura blusa frontal de corbata de algod\u00f3n\" title=\"Pura blusa frontal de corbata de algod\u00f3n\" width=\"590\" height=\"369\" loading=\"lazy\"\/><\/source><\/source><\/source><\/source><\/source><\/picture><\/p>\n<p><span class=\"newsCaption\">Esta blusa por delante es ideal para emparejarse con jeans. <span class=\"caption\">(Imagen: M&#038;S)<\/span><span class=\"magnifier\" data-img=\"https:\/\/cdn.images.express.co.uk\/img\/dynamic\/12\/1200x712\/secondary\/pure-cotton-blouse-5933910.jpg?r=1738682037732\"\/><\/span><\/div>\n<div class=\"text-description\">\n<p>Una blusa bonita es una primavera esencial, y la adici\u00f3n m\u00e1s nueva de M&#038;S es la blusa delantera de corbata de algod\u00f3n puro. Tiene un dise\u00f1o m\u00ednimo, con arcos en la parte delantera, un escrito en V y mangas ligeramente hinchadas.<\/p>\n<p>Usar\u00eda esto con jeans en el Reino Unido, pero como es 100% algod\u00f3n y blanco, podr\u00eda llegar f\u00e1cilmente a mi guardarropa de vacaciones para combinar con pantalones cortos en descansos de la ciudad y viajes en playa.<\/p>\n<\/div>\n<p><h3 id=\"Mesh-Jersey-Midi-Column-Dress-66949431\" data-toc=\"0\">Vestido de columna Mesh Jersey Midi<\/h3>\n<\/p>\n<div class=\"photo changeSpace\">\n<p class=\"withoutCaption\"><picture><source type=\"image\/avif\" srcset=\"https:\/\/cdn.images.express.co.uk\/img\/dynamic\/12\/1200x712\/secondary\/mesh-jersey-dress-5933913.avif?r=1738682037743\" media=\"screen and (min-width:10000px)\"><source type=\"image\/webp\" srcset=\"https:\/\/cdn.images.express.co.uk\/img\/dynamic\/12\/1200x712\/secondary\/mesh-jersey-dress-5933913.webp?r=1738682037743\" media=\"screen and (min-width:10000px)\"><source type=\"image\/jpeg\" srcset=\"https:\/\/cdn.images.express.co.uk\/img\/dynamic\/12\/1200x712\/secondary\/mesh-jersey-dress-5933913.jpg?r=1738682037743\" media=\"screen and (min-width:10000px)\"><source type=\"image\/avif\" srcset=\"https:\/\/cdn.images.express.co.uk\/img\/dynamic\/12\/940x\/secondary\/mesh-jersey-dress-5933913.avif?r=1738682037743\" media=\"screen\"><source type=\"image\/webp\" srcset=\"https:\/\/cdn.images.express.co.uk\/img\/dynamic\/12\/940x\/secondary\/mesh-jersey-dress-5933913.webp?r=1738682037743\" media=\"screen\"><img decoding=\"async\" class=\"zoomEnabled\" src=\"https:\/\/cdn.images.express.co.uk\/img\/dynamic\/12\/1200x712\/secondary\/mesh-jersey-dress-5933913.jpg?r=1738682037743\" alt=\"Vestido de columna Mesh Jersey Midi\" title=\"Vestido de columna Mesh Jersey Midi\" width=\"590\" height=\"369\" loading=\"lazy\"\/><\/source><\/source><\/source><\/source><\/source><\/picture><\/p>\n<p><span class=\"newsCaption\">Combina este vestido con botas o agregue un poco de grunge con una chaqueta de cuero. <span class=\"caption\">(Imagen: M&#038;S)<\/span><span class=\"magnifier\" data-img=\"https:\/\/cdn.images.express.co.uk\/img\/dynamic\/12\/1200x712\/secondary\/mesh-jersey-dress-5933913.jpg?r=1738682037743\"\/><\/span><\/div>\n<div class=\"text-description\">\n<p>La malla puede elevar la ropa, y lleva a este vestido de jersey un poco. El vestido de la columna Mesh Jersey Midi tiene un escote redondo y una longitud midi, con un forro de camisola incorporado para evitar cualquier pura nueces no deseado.<\/p>\n<p>Por \u00a3 35, dir\u00eda que este vestido podr\u00eda dise\u00f1arse de muchas maneras diferentes. Usar\u00eda esto con un chaleco tejido en la parte superior y con botas, o podr\u00edas darle un cintur\u00f3n y combinarlo con tacones puntiagudos y un chaquet\u00f3n para una ocasi\u00f3n elegante.<\/p>\n<\/div>\n<p><h3 id=\"Other-new-clothing-ranges-66949436\" data-toc=\"0\">Otros rangos de ropa nuevos<\/h3>\n<\/p>\n<div class=\"text-description\">\n<p>La nueva secci\u00f3n en Nobody&#8217;s Child se centra en las flores y los brillantes de primavera, para agregar un toque de color a su guardarropa para la primavera.<\/p>\n<p>O bien, tiene capas livianas, blusas y cardis en su nueva colecci\u00f3n, incluso desde su propia gama y concesiones como Lipsy y Levis.<\/p>\n<\/div>\n<\/div>\n\n","protected":false},"excerpt":{"rendered":"<p>La nueva secci\u00f3n es ideal para el final del invierno y el inicio de la primavera. (Imagen: M&#038;S) Este art\u00edculo contiene enlaces de afiliados, recibiremos una comisi\u00f3n sobre cualquier venta que generemos a partir de \u00e9l. Obtenga m\u00e1s informaci\u00f3n Esta \u00e9poca del a\u00f1o puede ser complicada, con los fan\u00e1ticos de la moda que comienzan a &hellip;<\/p>\n","protected":false},"author":1,"featured_media":13314,"comment_status":"open","ping_status":"open","sticky":false,"template":"","format":"standard","meta":{"fifu_image_url":"https:\/\/cdn.images.express.co.uk\/img\/dynamic\/12\/1200x630\/5933463.jpg","fifu_image_alt":"","footnotes":""},"categories":[10],"tags":[],"class_list":["post-13312","post","type-post","status-publish","format-standard","has-post-thumbnail","","category-moda"],"_links":{"self":[{"href":"https:\/\/noticiasveraces.com\/index.php?rest_route=\/wp\/v2\/posts\/13312","targetHints":{"allow":["GET"]}}],"collection":[{"href":"https:\/\/noticiasveraces.com\/index.php?rest_route=\/wp\/v2\/posts"}],"about":[{"href":"https:\/\/noticiasveraces.com\/index.php?rest_route=\/wp\/v2\/types\/post"}],"author":[{"embeddable":true,"href":"https:\/\/noticiasveraces.com\/index.php?rest_route=\/wp\/v2\/users\/1"}],"replies":[{"embeddable":true,"href":"https:\/\/noticiasveraces.com\/index.php?rest_route=%2Fwp%2Fv2%2Fcomments&post=13312"}],"version-history":[{"count":0,"href":"https:\/\/noticiasveraces.com\/index.php?rest_route=\/wp\/v2\/posts\/13312\/revisions"}],"wp:featuredmedia":[{"embeddable":true,"href":"https:\/\/noticiasveraces.com\/index.php?rest_route=\/wp\/v2\/media\/13314"}],"wp:attachment":[{"href":"https:\/\/noticiasveraces.com\/index.php?rest_route=%2Fwp%2Fv2%2Fmedia&parent=13312"}],"wp:term":[{"taxonomy":"category","embeddable":true,"href":"https:\/\/noticiasveraces.com\/index.php?rest_route=%2Fwp%2Fv2%2Fcategories&post=13312"},{"taxonomy":"post_tag","embeddable":true,"href":"https:\/\/noticiasveraces.com\/index.php?rest_route=%2Fwp%2Fv2%2Ftags&post=13312"}],"curies":[{"name":"wp","href":"https:\/\/api.w.org\/{rel}","templated":true}]}}