{"id":13305,"date":"2025-02-04T22:03:59","date_gmt":"2025-02-05T02:03:59","guid":{"rendered":"https:\/\/noticiasveraces.com\/?p=13305"},"modified":"2025-02-04T22:03:59","modified_gmt":"2025-02-05T02:03:59","slug":"trump-preve-un-control-a-largo-plazo-de-ee-uu-sobre-gaza-dw-02-05-2025","status":"publish","type":"post","link":"https:\/\/noticiasveraces.com\/?p=13305","title":{"rendered":"Trump Prev\u00e9 Un Control \u00abA Largo Plazo\u00bb de Ee.UU. Sobre Gaza &#8211; DW &#8211; 02\/05\/2025"},"content":{"rendered":"<p> \n<\/p>\n<div>\n<p>El Presidente Donald Trump Dijo El Martes (04.02.2025) Que Prev\u00e9 \u00abUNA Toma de Control A Largo Plazo\u00bb de la Franja de Gaza por parte de Estados Unidos, y Agreg\u00f3 que Hacerlo Cear\u00eda \u00abMiles de puestos de TrabaJo\u00bb.<\/p>\n<p>\u00abEstados Unidos Tomar\u00e1 El Control de la Franja de Gaza y Haremos Un Gran Trabajo All\u00ed\u00bb, Declar\u00f3 Trump en una Rueda de Prensa Junto al Primer Ministro de Israel, Benjam\u00edn Netanyahu, en la Casa Blanca.<\/p>\n<p>\u00abSer\u00e1 Nuestra Responsabilidad Desmantelar Todas Las Bombas Sin Explotar, Nivelar El Terreno, Deshacernos de los Edificios Destruidos y Allanar El \u00c1rea para para Impulsar Un Desarrollo Econ\u00f3mico que Genera una CantiDad ilimitada de Empleos y Viviendiendiendiendiendiendanga la poblaCi\u00f3n.<\/p>\n<h2>\u00abApropiado un Largo Plazo\u00bb<\/h2>\n<p>Consultado SOBRE Q\u00c9 Forma tenderr\u00eda esa ocupaci\u00f3n y si ser\u00eda permanente, triunfo de la respuesta afirmativamete y dijo que contempla una \u00abposici\u00f3n de propidada un Largo plazo\u00bb Sobre la franja de Gaza.<\/p>\n<p>Tambi\u00e9n asegur\u00f3 que ya ha hobrado Sobre esta Idea Conotras Partes, Aunque No Precis\u00f3 Cu\u00e1les, y Afirm\u00f3 Que \u00abEllos Aman la Idea de Que Estados Unidos Posea Esa parte de Tierra\u00bb.<\/p>\n<p>Trump consider\u00f3 que la estaBanizaci\u00f3nde la Franja de Gaza, que los Palestinos RECLAMAN COME PARTE DE UNO FUTURO ESTADO JUNTO CON CISJORDANIA Y JERUSAL\u00c9N ESTE \u00ab, PODR\u00cdA SER EL INICIO DE UNA PAZ M\u00c1S AMPLIA Y DURADERA QUE PONGA FIN DENAZ ALEDOS ALDERAMENT SANGRE Y LA VILENCIA \u00ab.<\/p>\n<p>LUEGO Agreg\u00f3 que imagina inclusi\u00f3n que podr\u00eda Transformar la Franja de Gaza en la \u00abCosta Azul de Oriente Medio\u00bb, Si Tomara El Control del territorio Palestino.<\/p>\n<p>Por su parte, el primer ministro israel\u00ed declar\u00f3 que \u00abVale la Pena Prestar Atenci\u00f3n\u00bb Al Plan de Trump para Gaza, Pues es \u00abAlgo que Podr\u00eda Cambiar la Historia\u00bb.<\/p>\n<p>El Mandatario Estadounidense Tambi\u00e9n Afirm\u00f3 que visitar\u00e1 Israel, Arabia Saud\u00ed, La Franja de Gaza y Agreg\u00f3 Que \u00abHa Sido Invitado A Todas partes\u00bb en Oriente Medio.<\/p>\n<p>\u00abAmo Israel, Visitar\u00e9. Visitar\u00e9 Gaza, Visitar\u00e9 Arabia Saudita y Visitar\u00e9 otros Lugares en todo medio oriente\u00bb, dijo.<\/p>\n<p>GS (EFE, AFP)<\/p>\n<\/div>\n\n","protected":false},"excerpt":{"rendered":"<p>El Presidente Donald Trump Dijo El Martes (04.02.2025) Que Prev\u00e9 \u00abUNA Toma de Control A Largo Plazo\u00bb de la Franja de Gaza por parte de Estados Unidos, y Agreg\u00f3 que Hacerlo Cear\u00eda \u00abMiles de puestos de TrabaJo\u00bb. \u00abEstados Unidos Tomar\u00e1 El Control de la Franja de Gaza y Haremos Un Gran Trabajo All\u00ed\u00bb, Declar\u00f3 Trump &hellip;<\/p>\n","protected":false},"author":1,"featured_media":13306,"comment_status":"open","ping_status":"open","sticky":false,"template":"","format":"standard","meta":{"fifu_image_url":"https:\/\/static.dw.com\/image\/71507615_6.jpg","fifu_image_alt":"","footnotes":""},"categories":[13],"tags":[],"class_list":["post-13305","post","type-post","status-publish","format-standard","has-post-thumbnail","","category-mundo"],"_links":{"self":[{"href":"https:\/\/noticiasveraces.com\/index.php?rest_route=\/wp\/v2\/posts\/13305","targetHints":{"allow":["GET"]}}],"collection":[{"href":"https:\/\/noticiasveraces.com\/index.php?rest_route=\/wp\/v2\/posts"}],"about":[{"href":"https:\/\/noticiasveraces.com\/index.php?rest_route=\/wp\/v2\/types\/post"}],"author":[{"embeddable":true,"href":"https:\/\/noticiasveraces.com\/index.php?rest_route=\/wp\/v2\/users\/1"}],"replies":[{"embeddable":true,"href":"https:\/\/noticiasveraces.com\/index.php?rest_route=%2Fwp%2Fv2%2Fcomments&post=13305"}],"version-history":[{"count":0,"href":"https:\/\/noticiasveraces.com\/index.php?rest_route=\/wp\/v2\/posts\/13305\/revisions"}],"wp:featuredmedia":[{"embeddable":true,"href":"https:\/\/noticiasveraces.com\/index.php?rest_route=\/wp\/v2\/media\/13306"}],"wp:attachment":[{"href":"https:\/\/noticiasveraces.com\/index.php?rest_route=%2Fwp%2Fv2%2Fmedia&parent=13305"}],"wp:term":[{"taxonomy":"category","embeddable":true,"href":"https:\/\/noticiasveraces.com\/index.php?rest_route=%2Fwp%2Fv2%2Fcategories&post=13305"},{"taxonomy":"post_tag","embeddable":true,"href":"https:\/\/noticiasveraces.com\/index.php?rest_route=%2Fwp%2Fv2%2Ftags&post=13305"}],"curies":[{"name":"wp","href":"https:\/\/api.w.org\/{rel}","templated":true}]}}