{"id":13296,"date":"2025-02-04T20:01:27","date_gmt":"2025-02-05T00:01:27","guid":{"rendered":"https:\/\/noticiasveraces.com\/?p=13296"},"modified":"2025-02-04T20:01:27","modified_gmt":"2025-02-05T00:01:27","slug":"trump-advierte-a-iran-que-sera-aniquilado-si-lo-asesina-dw-05-02-2025","status":"publish","type":"post","link":"https:\/\/noticiasveraces.com\/?p=13296","title":{"rendered":"Trump Advierte A Ir\u00e1n que Ser\u00e1 \u00abAniquilado\u00bb Si lo Asesina &#8211; DW &#8211; 05\/02\/2025"},"content":{"rendered":"<p> \n<\/p>\n<div>\n<p> El Presidente de Estados Unidos, Donald Trump, Afirm\u00f3 Este Martes (04.02.2025) Que Ha deJado \u00abinstruccions\u00bb para que, si ir\u00e1n lo asesina, el mar de el pa\u00eds \u00abaniquilado\u00bb.<\/p>\n<p>\u00abSi Lo Hicieran, Ser\u00eda Aniquilados\u00bb, Dijo Trump en declaraciones a la prensa en el DESPOCHO oval de la Casa Blanca, donde firm\u00f3 un memorando paraaumar la presi\u00f3n Sobre Teher\u00e1n.<\/p>\n<p>\u00ab\u00c9l dejado instruccions: Si lo Hacen, Ser\u00e1n Aniquilados, no quedar\u00e1 nada\u00bb, A\u00f1adi\u00f3.<\/p>\n<p>El departamento de Justicia anunci\u00f3 en noviembre que hab\u00eda frustrado un complot iran\u00ed para asesinar a trump antes de las elecciones presidenciales.<\/p>\n<p>Seg\u00fan la Acusaci\u00f3, Las Autoridadadas Iran\u00edes Ordenaron en Septiembre A Farhad Shakeri, de 51 A\u00f1os, Vigilar Y, en \u00datima Instancia, Asesinar a Trump. De Acuerdo a ee.uu., Shakeri Est\u00e1 Pr\u00f3fugo en ir\u00e1n. <\/p>\n<h2>Pol\u00edtica de Mano Dura Con Ir\u00e1n<\/h2>\n<p>El Memorando Presidencial Firmado por Trump Restablece una Pol\u00edtica de Mano Dura Con Ir\u00e1n, Con El Objetivo de Impedir que El Pa\u00eds adquiera un ARMA Nuclear y Limitar Sus Exportaciones de Petr\u00f3leo.<\/p>\n<p>En declaraciones a la prensa, Trump afirm\u00f3 que ir\u00e1n no pude tener un arma nuclear y argumento de que estados unidos tiene derecho un hinchado la venta de petr\u00f3leo iran\u00ed a otros pa\u00edses.<\/p>\n<p>Trump Realiz\u00f3 Estas Declaraciones Antes de Reunse en la Casa Blanca Con el Primer Ministro Israel\u00ed, Benjam\u00edn Netanyahu, Con Quien Abordar\u00e1, Entre oTros Tempas, la Creciente Tensi\u00f3n Con Ir\u00e1n, que el a\u00f1o pasado atac\u00f3 a israel en dos ocrases y drauses.<\/p>\n<p>MG (EFE, AFP)<\/p>\n<div class=\"vjs-wrapper embed big\">\n<h2 aria-label=\"Video integrado \u2014 Trump impone el clima del miedo entre los migrantes\" class=\"headline\"><svg xmlns=\"http:\/\/www.w3.org\/2000\/svg\" viewbox=\"0 0 20 20\"><g fill-rule=\"evenodd\"><path d=\"M14.114 7.599H13.5l.002 4.706h.601l4.582 3.25-.005-11.11zM11.084 4.444l-9.007.002-1.336.797.002 9.514 1.334.793 9.007.006 1.509-.799-.004-9.516z\"\/><\/g><\/svg>Trump impone a El Clima del Miedo Entre los Migrantes<\/h2>\n<p><video id=\"video-71484778\" controls=\"\" playsinline=\"\" preload=\"none\" poster=\"data:image\/png;base64,iVBORw0KGgoAAAANSUhEUgAAAAEAAAABCAQAAAC1HAwCAAAAC0lEQVR42mNkYAAAAAYAAjCB0C8AAAAASUVORK5CYII=\" data-id=\"71484778\" data-posterurl=\"https:\/\/static.dw.com\/image\/69105238_605.webp\" data-duration=\"12:22\"><source src=\"https:\/\/hlsvod.dw.com\/i\/dwtv_video\/flv\/ana\/ana20250202_AnalizaGesamt_,AVC_480x270,AVC_512x288,AVC_640x360,AVC_960x540,AVC_1280x720,AVC_1920x1080,.mp4.csmil\/master.m3u8\" type=\"application\/x-mpegURL\"><source src=\"https:\/\/tvdownloaddw-a.akamaihd.net\/dwtv_video\/flv\/ana\/ana20250202_AnalizaGesamt_AVC_1920x1080.mp4\" type=\"video\/mp4\"><p class=\"vjs-no-js\">Para ver este video, habilite JavaScript y considere actualizar a un navegador web que admite el video HTML5<\/p>\n<p><\/source><\/source><\/video><\/div>\n<\/div>\n\n","protected":false},"excerpt":{"rendered":"<p>El Presidente de Estados Unidos, Donald Trump, Afirm\u00f3 Este Martes (04.02.2025) Que Ha deJado \u00abinstruccions\u00bb para que, si ir\u00e1n lo asesina, el mar de el pa\u00eds \u00abaniquilado\u00bb. \u00abSi Lo Hicieran, Ser\u00eda Aniquilados\u00bb, Dijo Trump en declaraciones a la prensa en el DESPOCHO oval de la Casa Blanca, donde firm\u00f3 un memorando paraaumar la presi\u00f3n Sobre &hellip;<\/p>\n","protected":false},"author":1,"featured_media":13297,"comment_status":"open","ping_status":"open","sticky":false,"template":"","format":"standard","meta":{"fifu_image_url":"https:\/\/static.dw.com\/image\/71466689_6.jpg","fifu_image_alt":"","footnotes":""},"categories":[13],"tags":[],"class_list":["post-13296","post","type-post","status-publish","format-standard","has-post-thumbnail","","category-mundo"],"_links":{"self":[{"href":"https:\/\/noticiasveraces.com\/index.php?rest_route=\/wp\/v2\/posts\/13296","targetHints":{"allow":["GET"]}}],"collection":[{"href":"https:\/\/noticiasveraces.com\/index.php?rest_route=\/wp\/v2\/posts"}],"about":[{"href":"https:\/\/noticiasveraces.com\/index.php?rest_route=\/wp\/v2\/types\/post"}],"author":[{"embeddable":true,"href":"https:\/\/noticiasveraces.com\/index.php?rest_route=\/wp\/v2\/users\/1"}],"replies":[{"embeddable":true,"href":"https:\/\/noticiasveraces.com\/index.php?rest_route=%2Fwp%2Fv2%2Fcomments&post=13296"}],"version-history":[{"count":0,"href":"https:\/\/noticiasveraces.com\/index.php?rest_route=\/wp\/v2\/posts\/13296\/revisions"}],"wp:featuredmedia":[{"embeddable":true,"href":"https:\/\/noticiasveraces.com\/index.php?rest_route=\/wp\/v2\/media\/13297"}],"wp:attachment":[{"href":"https:\/\/noticiasveraces.com\/index.php?rest_route=%2Fwp%2Fv2%2Fmedia&parent=13296"}],"wp:term":[{"taxonomy":"category","embeddable":true,"href":"https:\/\/noticiasveraces.com\/index.php?rest_route=%2Fwp%2Fv2%2Fcategories&post=13296"},{"taxonomy":"post_tag","embeddable":true,"href":"https:\/\/noticiasveraces.com\/index.php?rest_route=%2Fwp%2Fv2%2Ftags&post=13296"}],"curies":[{"name":"wp","href":"https:\/\/api.w.org\/{rel}","templated":true}]}}