{"id":13256,"date":"2025-02-04T13:50:10","date_gmt":"2025-02-04T17:50:10","guid":{"rendered":"https:\/\/noticiasveraces.com\/?p=13256"},"modified":"2025-02-04T13:50:10","modified_gmt":"2025-02-04T17:50:10","slug":"hospitalizan-un-excitiller-gerhard-schroder-por-burnout-dw-04-02-2025","status":"publish","type":"post","link":"https:\/\/noticiasveraces.com\/?p=13256","title":{"rendered":"Hospitalizan Un excitiller Gerhard Schr\u00f6der por \u00abBurnout\u00bb &#8211; DW &#8211; 04\/02\/2025"},"content":{"rendered":"<p> \n<\/p>\n<div>\n<p>El Excitiller de Alemania, El Socialdem\u00f3crata Gerhard Schr\u00f6der, Pr\u00f3ximo A Cumplir 81 A\u00f1os, Debio Ser Ingresado A Una Cl\u00ednica Debido A Que sufre \u00abAgotamiento Grave\u00bb (Tambi\u00e9n Conocido coOte \u00abBurnout\u00bb), inform\u00f3 a este. Hans-Peter Huber.<\/p>\n<p>El Informe de los Facultivos Fue Preparado en El Marco de Un Comit\u00e9 Parlamentario Regional que Investiga La Construcci\u00f3n del Controvertido Gasoducto Nord Stream 2 Entre Rusia y Alemania, y en el Que Schr\u00f6der Estaba Particy. El Que Fuera Canciller Entre 1998 Y 2005 TUVO QE RETIRARSE DE UNA AUDIENCIA EN ENERO FRENTE AL Comit\u00e9 del Parlamento Regional de Mecklemburgo-Pomerania Occidental Debido A Su Estado de Salud.<\/p>\n<p>El Comit\u00e9 Pidi\u00f3 Aplazar La Audios AL 7 de Marzo Pero Seg\u00fan Su Abogado \u00abBajo Ninguna Circunstancia\u00bb El Excanciller Podr\u00e1 Asistir. La Carta de Los M\u00e9dicos y Que Schr\u00f6der Est\u00e1 Sufriovia \u00abProblema de Concentraci\u00f3n de Memoria\u00bb, Adem\u00e1s de Dificultades para conciliar el sue\u00f1o y \u00abResiliencia emocional reducida\u00bb. Por Consejo de los Especialistas Que Lo Atiende, EL EXCANTILER DEBE SEGUIR TRATAMENTO EN UN Hospital.<\/p>\n<h2>Amigo de Putin<\/h2>\n<p>En sus \u00daltimas semanas en el Cargo, El Pol\u00edtico Socialdem\u00f3crata Aprob\u00f3 El Gasoducto que Une Directamento Rusia Con Alemania A Trav\u00e9s del Mar B\u00e1lico. Tras Dejar el Cargo, Schr\u00f6der, Que Ten\u00eda una Estrecha Relaci\u00f3n Con El Dirigente Ruso Vladimir Putin, Entr\u00f3 en la Junta Directiva de Nord Stream y Ocup\u00f3 puestos muy bien Bien remunerados en grande Compan\u00edas Energictas rusas.<\/p>\n<p>Tras la Invasi\u00f3n de Ucrania, Schr\u00f6der no se distanci\u00f3 de Rusia ni de Putin, lo que le granje\u00f3 cr\u00edticas en alemania.<\/p>\n<p>La construcci\u00f3n de la corriente de nord 2 ha desesperado sospechas y es por ello que un comit\u00e9 del parlamento regional de mecklemburgo-pomerania occidental indaga en el cano. Sin embargo, el M\u00e9dico de Schr\u00f6der afirm\u00f3 que el excitiller \u00abno est\u00e1 ni ahora ni en el futuro pr\u00f3xxim en las condiciones de soportar la tensi\u00f3n f\u00edsica y psicol\u00f3gica de un interrogatorio prolongo -especialmental pUbliCo- en una no vestigaci\u00f3n de inestinigaci\u00f3n.<\/p>\n<p>DZC (AFP, DPA)<\/p>\n<\/div>\n\n","protected":false},"excerpt":{"rendered":"<p>El Excitiller de Alemania, El Socialdem\u00f3crata Gerhard Schr\u00f6der, Pr\u00f3ximo A Cumplir 81 A\u00f1os, Debio Ser Ingresado A Una Cl\u00ednica Debido A Que sufre \u00abAgotamiento Grave\u00bb (Tambi\u00e9n Conocido coOte \u00abBurnout\u00bb), inform\u00f3 a este. Hans-Peter Huber. El Informe de los Facultivos Fue Preparado en El Marco de Un Comit\u00e9 Parlamentario Regional que Investiga La Construcci\u00f3n del Controvertido &hellip;<\/p>\n","protected":false},"author":1,"featured_media":13257,"comment_status":"open","ping_status":"open","sticky":false,"template":"","format":"standard","meta":{"fifu_image_url":"https:\/\/static.dw.com\/image\/68760132_6.jpg","fifu_image_alt":"","footnotes":""},"categories":[13],"tags":[],"class_list":["post-13256","post","type-post","status-publish","format-standard","has-post-thumbnail","","category-mundo"],"_links":{"self":[{"href":"https:\/\/noticiasveraces.com\/index.php?rest_route=\/wp\/v2\/posts\/13256","targetHints":{"allow":["GET"]}}],"collection":[{"href":"https:\/\/noticiasveraces.com\/index.php?rest_route=\/wp\/v2\/posts"}],"about":[{"href":"https:\/\/noticiasveraces.com\/index.php?rest_route=\/wp\/v2\/types\/post"}],"author":[{"embeddable":true,"href":"https:\/\/noticiasveraces.com\/index.php?rest_route=\/wp\/v2\/users\/1"}],"replies":[{"embeddable":true,"href":"https:\/\/noticiasveraces.com\/index.php?rest_route=%2Fwp%2Fv2%2Fcomments&post=13256"}],"version-history":[{"count":0,"href":"https:\/\/noticiasveraces.com\/index.php?rest_route=\/wp\/v2\/posts\/13256\/revisions"}],"wp:featuredmedia":[{"embeddable":true,"href":"https:\/\/noticiasveraces.com\/index.php?rest_route=\/wp\/v2\/media\/13257"}],"wp:attachment":[{"href":"https:\/\/noticiasveraces.com\/index.php?rest_route=%2Fwp%2Fv2%2Fmedia&parent=13256"}],"wp:term":[{"taxonomy":"category","embeddable":true,"href":"https:\/\/noticiasveraces.com\/index.php?rest_route=%2Fwp%2Fv2%2Fcategories&post=13256"},{"taxonomy":"post_tag","embeddable":true,"href":"https:\/\/noticiasveraces.com\/index.php?rest_route=%2Fwp%2Fv2%2Ftags&post=13256"}],"curies":[{"name":"wp","href":"https:\/\/api.w.org\/{rel}","templated":true}]}}