{"id":13244,"date":"2025-02-04T10:45:39","date_gmt":"2025-02-04T14:45:39","guid":{"rendered":"https:\/\/noticiasveraces.com\/?p=13244"},"modified":"2025-02-04T10:45:39","modified_gmt":"2025-02-04T14:45:39","slug":"uganda-comienza-el-ensayo-de-vacuna-para-la-cepa-de-ebola-de-sudan","status":"publish","type":"post","link":"https:\/\/noticiasveraces.com\/?p=13244","title":{"rendered":"Uganda comienza el ensayo de vacuna para la cepa de \u00e9bola de Sud\u00e1n"},"content":{"rendered":"<p> \n<\/p>\n<div>\n<ul>\n<li><strong>Funcionarios de Uganda confirmaron un brote de \u00e9bola en la capital del pa\u00eds de \u00c1frica Oriental, Kampala, la semana pasada.<\/strong><\/li>\n<li><strong>Una enfermera muri\u00f3 el 29 de enero, y las autoridades ugandesas han confirmado otros dos casos de \u00e9bola al anuncio del brote.<\/strong><\/li>\n<li><strong>El Director de la Organizaci\u00f3n Mundial de la Salud para \u00c1frica dijo que Uganda ha comenzado un ensayo cl\u00ednico de una vacuna contra la cepa de Sud\u00e1n del \u00c9bola, para la cual actualmente no existe una vacuna aprobada.<\/strong><\/li>\n<\/ul>\n<p class=\"speakable\">Uganda ha comenzado un programa de vacunaci\u00f3n de prueba para la tensi\u00f3n de la infecci\u00f3n viral del \u00e9bola que est\u00e1 detr\u00e1s del \u00faltimo brote del pa\u00eds, seg\u00fan la Organizaci\u00f3n Mundial de la Salud (OMS), mientras que el n\u00famero de casos confirmados ha aumentado a tres.<\/p>\n<p class=\"speakable\">La semana pasada, el pa\u00eds de \u00c1frica Oriental anunci\u00f3 un brote de \u00e9bola en la capital, Kampala, con un solo caso, una enfermera que muri\u00f3 el 29 de enero.<\/p>\n<p><strong>Los CDC ordenaron dejar de colaborar inmediatamente con qui\u00e9n despu\u00e9s de que Trump comience a procesar para la retirada de EE. UU.<\/strong><\/p>\n<p>El n\u00famero total de casos ahora ha aumentado a tres, con los dos casos adicionales de la familia del hombre fallecido, dijo a Reuters el portavoz del Ministerio de Salud, Emmanuel Ainebyoona, el lunes por la noche.<\/p>\n<p>En una publicaci\u00f3n en la plataforma X el lunes por la noche, Matshidiso Moeti, director de \u00c1frica, dijo que Uganda tambi\u00e9n hab\u00eda comenzado un ensayo cl\u00ednico de una vacuna contra la cepa de Sud\u00e1n del \u00c9bola.<\/p>\n<div class=\"image-ct inline\">\n<div class=\"m\"><picture><source media=\"(max-width: 767px)\" srcset=\"https:\/\/a57.foxnews.com\/static.foxnews.com\/foxnews.com\/content\/uploads\/2025\/02\/343\/192\/uganda-sudan-ebola-vaccine.jpg?ve=1&amp;tl=1, https:\/\/a57.foxnews.com\/static.foxnews.com\/foxnews.com\/content\/uploads\/2025\/02\/686\/384\/uganda-sudan-ebola-vaccine.jpg?ve=1&amp;tl=1 2x\" height=\"192\" width=\"343\"><source media=\"(min-width: 768px) and (max-width: 1023px)\" srcset=\"https:\/\/a57.foxnews.com\/static.foxnews.com\/foxnews.com\/content\/uploads\/2025\/02\/672\/378\/uganda-sudan-ebola-vaccine.jpg?ve=1&amp;tl=1, https:\/\/a57.foxnews.com\/static.foxnews.com\/foxnews.com\/content\/uploads\/2025\/02\/1344\/756\/uganda-sudan-ebola-vaccine.jpg?ve=1&amp;tl=1 2x\" height=\"378\" width=\"672\"><source media=\"(min-width: 1024px) and (max-width: 1279px)\" srcset=\"https:\/\/a57.foxnews.com\/static.foxnews.com\/foxnews.com\/content\/uploads\/2025\/02\/931\/523\/uganda-sudan-ebola-vaccine.jpg?ve=1&amp;tl=1, https:\/\/a57.foxnews.com\/static.foxnews.com\/foxnews.com\/content\/uploads\/2025\/02\/1862\/1046\/uganda-sudan-ebola-vaccine.jpg?ve=1&amp;tl=1 2x\" height=\"523\" width=\"931\"><source media=\"(min-width: 1280px)\" srcset=\"https:\/\/a57.foxnews.com\/static.foxnews.com\/foxnews.com\/content\/uploads\/2025\/02\/720\/405\/uganda-sudan-ebola-vaccine.jpg?ve=1&amp;tl=1, https:\/\/a57.foxnews.com\/static.foxnews.com\/foxnews.com\/content\/uploads\/2025\/02\/1440\/810\/uganda-sudan-ebola-vaccine.jpg?ve=1&amp;tl=1 2x\" height=\"405\" width=\"720\"><img loading=\"lazy\" decoding=\"async\" src=\"https:\/\/a57.foxnews.com\/static.foxnews.com\/foxnews.com\/content\/uploads\/2025\/02\/1200\/675\/uganda-sudan-ebola-vaccine.jpg?ve=1&amp;tl=1\" alt=\"M\u00e9dico ugand\u00e9s y paciente que dio positivo por la cepa de Sud\u00e1n del \u00e9bola\" width=\"1200\" height=\"675\"\/><\/source><\/source><\/source><\/source><\/picture><\/div>\n<div class=\"info\">\n<div class=\"caption\">\n<p><span>Un m\u00e9dico de Uganda atiende a un paciente que hab\u00eda dado positivo durante el lanzamiento de la vacunaci\u00f3n por la cepa de Sud\u00e1n del virus del \u00e9bola en el Centro de aislamiento de la Casa de Hu\u00e9spedes de Mulago en Kampala, Uganda, el 3 de febrero de 2025.<\/span> <span>(Reuters\/Abubaker Lubowa)<\/span><\/p>\n<\/div>\n<\/div>\n<\/div>\n<p>Actualmente, no existe una vacuna aprobada para esa cepa. La vacunaci\u00f3n existente es para la cepa Zaire, que est\u00e1 detr\u00e1s de un brote reciente en la vecina Rep\u00fablica Democr\u00e1tica del Congo.<\/p>\n<p>\u00abEsto marca un hito importante en la respuesta de emergencia de salud p\u00fablica y demuestra el poder de la colaboraci\u00f3n para la seguridad de la salud global\u00bb, dijo Moeti. \u00abSi se demuestra que la vacuna fortalecer\u00e1 a\u00fan m\u00e1s las medidas para proteger a las comunidades de futuros brotes\u00bb.<\/p>\n<p><strong><u>Haga clic aqu\u00ed para obtener la aplicaci\u00f3n Fox News<\/u><\/strong><\/p>\n<p>Bruce Kirenga, quien dirige el Instituto de Lung Lung, una organizaci\u00f3n de investigaci\u00f3n que est\u00e1 haciendo el juicio, dijo a los medios locales durante el lanzamiento de la vacunaci\u00f3n que hab\u00eda sido desarrollado por la Iniciativa de Vacunas Internacionales del SIDA (IAVI) y que el Instituto hab\u00eda recibido alrededor de 2.460 dosis .<\/p>\n<p>El Ministerio de Salud dijo la semana pasada que el juicio dirigir\u00eda contactos de casos confirmados.<\/p>\n<p>Una enfermedad de alta facilidad, los s\u00edntomas de infecci\u00f3n del \u00e9bola incluyen hemorragia, dolor de cabeza y dolores musculares. El virus se transmite a trav\u00e9s del contacto con fluidos corporales infectados y tejido.<\/p>\n<p> <!----> <!----><\/div>\n\n","protected":false},"excerpt":{"rendered":"<p>Funcionarios de Uganda confirmaron un brote de \u00e9bola en la capital del pa\u00eds de \u00c1frica Oriental, Kampala, la semana pasada. Una enfermera muri\u00f3 el 29 de enero, y las autoridades ugandesas han confirmado otros dos casos de \u00e9bola al anuncio del brote. El Director de la Organizaci\u00f3n Mundial de la Salud para \u00c1frica dijo que &hellip;<\/p>\n","protected":false},"author":1,"featured_media":13246,"comment_status":"open","ping_status":"open","sticky":false,"template":"","format":"standard","meta":{"fifu_image_url":"https:\/\/static.foxnews.com\/foxnews.com\/content\/uploads\/2025\/02\/uganda-sudan-ebola-vaccine.jpg","fifu_image_alt":"","footnotes":""},"categories":[13],"tags":[],"class_list":["post-13244","post","type-post","status-publish","format-standard","has-post-thumbnail","","category-mundo"],"_links":{"self":[{"href":"https:\/\/noticiasveraces.com\/index.php?rest_route=\/wp\/v2\/posts\/13244","targetHints":{"allow":["GET"]}}],"collection":[{"href":"https:\/\/noticiasveraces.com\/index.php?rest_route=\/wp\/v2\/posts"}],"about":[{"href":"https:\/\/noticiasveraces.com\/index.php?rest_route=\/wp\/v2\/types\/post"}],"author":[{"embeddable":true,"href":"https:\/\/noticiasveraces.com\/index.php?rest_route=\/wp\/v2\/users\/1"}],"replies":[{"embeddable":true,"href":"https:\/\/noticiasveraces.com\/index.php?rest_route=%2Fwp%2Fv2%2Fcomments&post=13244"}],"version-history":[{"count":0,"href":"https:\/\/noticiasveraces.com\/index.php?rest_route=\/wp\/v2\/posts\/13244\/revisions"}],"wp:featuredmedia":[{"embeddable":true,"href":"https:\/\/noticiasveraces.com\/index.php?rest_route=\/wp\/v2\/media\/13246"}],"wp:attachment":[{"href":"https:\/\/noticiasveraces.com\/index.php?rest_route=%2Fwp%2Fv2%2Fmedia&parent=13244"}],"wp:term":[{"taxonomy":"category","embeddable":true,"href":"https:\/\/noticiasveraces.com\/index.php?rest_route=%2Fwp%2Fv2%2Fcategories&post=13244"},{"taxonomy":"post_tag","embeddable":true,"href":"https:\/\/noticiasveraces.com\/index.php?rest_route=%2Fwp%2Fv2%2Ftags&post=13244"}],"curies":[{"name":"wp","href":"https:\/\/api.w.org\/{rel}","templated":true}]}}