{"id":13238,"date":"2025-02-04T09:44:02","date_gmt":"2025-02-04T13:44:02","guid":{"rendered":"https:\/\/noticiasveraces.com\/?p=13238"},"modified":"2025-02-04T09:44:02","modified_gmt":"2025-02-04T13:44:02","slug":"el-tiroteo-en-la-escuela-en-suecia-deja-al-menos-4-heridos-segun-la-policia","status":"publish","type":"post","link":"https:\/\/noticiasveraces.com\/?p=13238","title":{"rendered":"El tiroteo en la escuela en Suecia deja al menos 4 heridos, seg\u00fan la polic\u00eda"},"content":{"rendered":"<p> \n<\/p>\n<div>\n<p class=\"speakable\">Seg\u00fan informes policiales, al menos cuatro personas resultaron heridas durante un tiroteo en la escuela en el centro de Suecia, seg\u00fan informes policiales.<\/p>\n<p class=\"speakable\">La condici\u00f3n de esos lesionados sigue sin estar claro, y no se sabe si el tirador est\u00e1 entre ellos. La polic\u00eda dice que el tiroteo tuvo lugar en la escuela Risbergska en Orebro, Suecia, e instan a los residentes locales a mantenerse alejados del \u00e1rea.<\/p>\n<p>\u00abActualmente se est\u00e1 realizando una operaci\u00f3n importante en una escuela en V\u00e4sthaga, Orebro\u00bb, dijo la polic\u00eda sueca en un comunicado en l\u00ednea, instando a los residentes \u00aba mantenerse alejados del \u00e1rea de V\u00e4sthaga\u00bb.<\/p>\n<p>\u00abLa operaci\u00f3n se refiere a las amenazas de violencia mortal\u00bb, agreg\u00f3 la polic\u00eda.<\/p>\n<p><strong><u>Miles de manifestantes se unen a trav\u00e9s de Irak por un segundo d\u00eda para condenar la quema de un Cor\u00e1n en Suecia<\/u><\/strong><\/p>\n<div class=\"image-ct inline\">\n<div class=\"m\"><picture><source media=\"(max-width: 767px)\" srcset=\"https:\/\/a57.foxnews.com\/static.foxnews.com\/foxnews.com\/content\/uploads\/2025\/02\/343\/192\/gettyimages-2197089817.jpg?ve=1&amp;tl=1, https:\/\/a57.foxnews.com\/static.foxnews.com\/foxnews.com\/content\/uploads\/2025\/02\/686\/384\/gettyimages-2197089817.jpg?ve=1&amp;tl=1 2x\" height=\"192\" width=\"343\"><source media=\"(min-width: 768px) and (max-width: 1023px)\" srcset=\"https:\/\/a57.foxnews.com\/static.foxnews.com\/foxnews.com\/content\/uploads\/2025\/02\/672\/378\/gettyimages-2197089817.jpg?ve=1&amp;tl=1, https:\/\/a57.foxnews.com\/static.foxnews.com\/foxnews.com\/content\/uploads\/2025\/02\/1344\/756\/gettyimages-2197089817.jpg?ve=1&amp;tl=1 2x\" height=\"378\" width=\"672\"><source media=\"(min-width: 1024px) and (max-width: 1279px)\" srcset=\"https:\/\/a57.foxnews.com\/static.foxnews.com\/foxnews.com\/content\/uploads\/2025\/02\/931\/523\/gettyimages-2197089817.jpg?ve=1&amp;tl=1, https:\/\/a57.foxnews.com\/static.foxnews.com\/foxnews.com\/content\/uploads\/2025\/02\/1862\/1046\/gettyimages-2197089817.jpg?ve=1&amp;tl=1 2x\" height=\"523\" width=\"931\"><source media=\"(min-width: 1280px)\" srcset=\"https:\/\/a57.foxnews.com\/static.foxnews.com\/foxnews.com\/content\/uploads\/2025\/02\/720\/405\/gettyimages-2197089817.jpg?ve=1&amp;tl=1, https:\/\/a57.foxnews.com\/static.foxnews.com\/foxnews.com\/content\/uploads\/2025\/02\/1440\/810\/gettyimages-2197089817.jpg?ve=1&amp;tl=1 2x\" height=\"405\" width=\"720\"><img loading=\"lazy\" decoding=\"async\" src=\"https:\/\/a57.foxnews.com\/static.foxnews.com\/foxnews.com\/content\/uploads\/2025\/02\/1200\/675\/gettyimages-2197089817.jpg?ve=1&amp;tl=1\" alt=\"Los oficiales de polic\u00eda son vistos en la escuela Risbergska en Orebro, Suecia\" width=\"1200\" height=\"675\"\/><\/source><\/source><\/source><\/source><\/picture><\/div>\n<div class=\"info\">\n<div class=\"caption\">\n<p><span>Los oficiales de polic\u00eda se ven en la escuela Risbergska en Orebro, Suecia, el 4 de febrero de 2025, luego de informes de un delito violento grave. El martes, dijo cuatro personas en una escuela en la ciudad sueca de Orebro, dijo la polic\u00eda, mientras agreg\u00f3 que una gran operaci\u00f3n a\u00fan estaba en curso, instando a las personas a mantenerse alejadas del \u00e1rea.<\/span> <span>(Kicki Nilsson)<\/span><\/p>\n<\/div>\n<\/div>\n<\/div>\n<p>La polic\u00eda no ha hecho declaraciones con respecto a un motivo potencial para el tiroteo.<\/p>\n<p>La polic\u00eda dijo que fueron alertados de un tiroteo el mi\u00e9rcoles por la noche en un edificio de apartamentos en Sodertalje, <u>Cerca de Estocolmo<\/u>y encontr\u00f3 a un hombre con heridas de bala que luego murieron.<\/p>\n<p><strong><u>Haga clic aqu\u00ed para obtener la aplicaci\u00f3n Fox News<\/u><\/strong><strong> <\/strong><\/p>\n<p>Los fiscales dijeron que cinco personas fueron arrestadas la noche siguiente bajo sospecha de asesinato. Dijeron que todos eran adultos pero que no dieron m\u00e1s detalles.<\/p>\n<p><i>Esta es una historia en desarrollo. Vuelve pronto para obtener actualizaciones.<\/i><\/p>\n<p> <!----> <\/p>\n<div class=\"article-meta\">\n<div class=\"author-bio\">\n<p>Anders Hagstrom es un reportero de Fox News Digital que cubre la pol\u00edtica nacional y los principales eventos de noticias de \u00faltima hora. Env\u00ede consejos a Anders.hagstrom@fox.com, o en Twitter: @hagstrom_anders.<\/p>\n<\/div>\n<\/div>\n<\/div>\n\n","protected":false},"excerpt":{"rendered":"<p>Seg\u00fan informes policiales, al menos cuatro personas resultaron heridas durante un tiroteo en la escuela en el centro de Suecia, seg\u00fan informes policiales. La condici\u00f3n de esos lesionados sigue sin estar claro, y no se sabe si el tirador est\u00e1 entre ellos. La polic\u00eda dice que el tiroteo tuvo lugar en la escuela Risbergska en &hellip;<\/p>\n","protected":false},"author":1,"featured_media":13240,"comment_status":"open","ping_status":"open","sticky":false,"template":"","format":"standard","meta":{"fifu_image_url":"https:\/\/static.foxnews.com\/foxnews.com\/content\/uploads\/2025\/02\/gettyimages-2197089817.jpg","fifu_image_alt":"","footnotes":""},"categories":[13],"tags":[],"class_list":["post-13238","post","type-post","status-publish","format-standard","has-post-thumbnail","","category-mundo"],"_links":{"self":[{"href":"https:\/\/noticiasveraces.com\/index.php?rest_route=\/wp\/v2\/posts\/13238","targetHints":{"allow":["GET"]}}],"collection":[{"href":"https:\/\/noticiasveraces.com\/index.php?rest_route=\/wp\/v2\/posts"}],"about":[{"href":"https:\/\/noticiasveraces.com\/index.php?rest_route=\/wp\/v2\/types\/post"}],"author":[{"embeddable":true,"href":"https:\/\/noticiasveraces.com\/index.php?rest_route=\/wp\/v2\/users\/1"}],"replies":[{"embeddable":true,"href":"https:\/\/noticiasveraces.com\/index.php?rest_route=%2Fwp%2Fv2%2Fcomments&post=13238"}],"version-history":[{"count":0,"href":"https:\/\/noticiasveraces.com\/index.php?rest_route=\/wp\/v2\/posts\/13238\/revisions"}],"wp:featuredmedia":[{"embeddable":true,"href":"https:\/\/noticiasveraces.com\/index.php?rest_route=\/wp\/v2\/media\/13240"}],"wp:attachment":[{"href":"https:\/\/noticiasveraces.com\/index.php?rest_route=%2Fwp%2Fv2%2Fmedia&parent=13238"}],"wp:term":[{"taxonomy":"category","embeddable":true,"href":"https:\/\/noticiasveraces.com\/index.php?rest_route=%2Fwp%2Fv2%2Fcategories&post=13238"},{"taxonomy":"post_tag","embeddable":true,"href":"https:\/\/noticiasveraces.com\/index.php?rest_route=%2Fwp%2Fv2%2Ftags&post=13238"}],"curies":[{"name":"wp","href":"https:\/\/api.w.org\/{rel}","templated":true}]}}