{"id":13217,"date":"2025-02-04T07:40:52","date_gmt":"2025-02-04T11:40:52","guid":{"rendered":"https:\/\/noticiasveraces.com\/?p=13217"},"modified":"2025-02-04T07:40:52","modified_gmt":"2025-02-04T11:40:52","slug":"el-abrigo-gris-de-claudia-winkleman-es-de-la-marca-de-la-princesa-kate","status":"publish","type":"post","link":"https:\/\/noticiasveraces.com\/?p=13217","title":{"rendered":"El abrigo gris de Claudia Winkleman es de la marca de la princesa Kate"},"content":{"rendered":"<p> \n<\/p>\n<div>\n<p>Los traidores pueden haber terminado, pero los fan\u00e1ticos todav\u00eda est\u00e1n buscando los atuendos de Claudia Winkleman. Uno de los looks memorables vio a Claudia en una cola de caballo en el episodio nueve, luc\u00eda un elegante abrigo de lana marr\u00f3n, en capas sobre un chaqueta de cheque y jeans flacos negros, creando el aspecto perfecto del pa\u00eds.<\/p>\n<p>Lamentablemente, el abrigo de lana exacto me+em Claudia es de una temporada pasada y ya no est\u00e1 disponible. Sin embargo, no temas, ya que actualmente ofrece un abrigo de jersey cotidiano casi id\u00e9ntico en Rich Brown, con un precio de \u00a3 575.<\/p>\n<p data-mce-linkchecker-status=\"valid\">Claudia comparte su afici\u00f3n por m\u00ed+em con nada menos que la princesa Kate. El vestido de color rosa de la princesa de Gales de su visita al Chelsea Flower Show en 2023 tambi\u00e9n es de m\u00ed+em y, por supuesto, ha estado agotado desde hace alg\u00fan tiempo. Tambi\u00e9n llevaba un top de manga larga ME+em breton durante un viaje a Nueva Zelanda para una competencia de navegaci\u00f3n y unos meses despu\u00e9s en un partido de polo en Gloucestershire.<\/p>\n<\/div>\n<div>\n<p>Similar al abrigo de Claudia, la versi\u00f3n m\u00e1s nueva del abrigo de jersey de lana de lana corta de ME+em viene en un color de caf\u00e9 espresso rico profundo con dos bolsillos de cofre funcionales y dos para mantener los elementos esenciales. Las mangas largas con pu\u00f1os plegables son exactamente las mismas que las de Claudia; Pero en lugar de una fila de botones de doble pecho, est\u00e1 m\u00e1s relajado con un abastecimiento de botones simple.<\/p>\n<p>El estilo une la comodidad de un jersey con la funcionalidad de un abrigo, que a\u00fan complementar\u00eda el guardarropa de Claudia en los traidores si est\u00e1 buscando emular su estilo.<\/p>\n<p>La capa de jersey de todos los d\u00edas ofrece un giro contempor\u00e1neo en el pelaje tradicional de gran tama\u00f1o. Hecho de una tela italiana de mezcla de lana, cuenta con la misma silueta relajada moderna para un acabado halagador.<\/p>\n<p>Otro, tambi\u00e9n de m\u00ed+em ser\u00eda la gabardina de lana de cheque, \u00a3 550. La capa muestra dos patrones de verificaci\u00f3n distintos en varias \u00e1reas, incluida la solapa inferior, debajo de la solapa superior (visible cuando se usa con el collar girado), en el revestimiento y la parte inferior del cintur\u00f3n, seg\u00fan el espejo.<\/p>\n<\/div>\n<div>\n<p>Si est\u00e1 buscando un abrigo gris m\u00e1s minimalista como el de Claudia, hay algunas alternativas fant\u00e1sticas disponibles. Jean Genet Coat de Bella Freud es actualmente a la mitad del precio, reducido de \u00a3 1250 a \u00a3 625, y es exactamente el mismo abrigo que Claudia us\u00f3 en un episodio anterior, combinado con un vestido de encaje destacado en el bosque.<\/p>\n<p>En otras opciones, la capa de mezcla de lana hecha a mano de H&#038;M se ha marcado de \u00a3 189 a \u00a3 133 y est\u00e1 disponible tanto en gris tostado como en gris oscuro. Cuenta con una silueta con cintur\u00f3n similar, con un collar de chal y un acogedor material de mezcla de lana que es ideal para el invierno.<\/p>\n<p data-mce-linkchecker-status=\"valid\">Mientras tanto, Nadie&#8217;s Child presenta el abrigo de mezcla de lana de doble pecho gris de gran tama\u00f1o por \u00a3 229, lo cual es perfecto si favorece una silueta m\u00e1s minimalista. Evitando los detalles inspirados en la gabardina, presenta una silueta cl\u00e1sica de gran tama\u00f1o y un sujetamiento de doble pecho en el frente.<\/p>\n<\/div>\n\n","protected":false},"excerpt":{"rendered":"<p>Los traidores pueden haber terminado, pero los fan\u00e1ticos todav\u00eda est\u00e1n buscando los atuendos de Claudia Winkleman. Uno de los looks memorables vio a Claudia en una cola de caballo en el episodio nueve, luc\u00eda un elegante abrigo de lana marr\u00f3n, en capas sobre un chaqueta de cheque y jeans flacos negros, creando el aspecto perfecto &hellip;<\/p>\n","protected":false},"author":1,"featured_media":13218,"comment_status":"open","ping_status":"open","sticky":false,"template":"","format":"standard","meta":{"fifu_image_url":"https:\/\/cdn.images.express.co.uk\/img\/dynamic\/12\/1200x630\/5933388.jpg","fifu_image_alt":"","footnotes":""},"categories":[10],"tags":[],"class_list":["post-13217","post","type-post","status-publish","format-standard","has-post-thumbnail","","category-moda"],"_links":{"self":[{"href":"https:\/\/noticiasveraces.com\/index.php?rest_route=\/wp\/v2\/posts\/13217","targetHints":{"allow":["GET"]}}],"collection":[{"href":"https:\/\/noticiasveraces.com\/index.php?rest_route=\/wp\/v2\/posts"}],"about":[{"href":"https:\/\/noticiasveraces.com\/index.php?rest_route=\/wp\/v2\/types\/post"}],"author":[{"embeddable":true,"href":"https:\/\/noticiasveraces.com\/index.php?rest_route=\/wp\/v2\/users\/1"}],"replies":[{"embeddable":true,"href":"https:\/\/noticiasveraces.com\/index.php?rest_route=%2Fwp%2Fv2%2Fcomments&post=13217"}],"version-history":[{"count":0,"href":"https:\/\/noticiasveraces.com\/index.php?rest_route=\/wp\/v2\/posts\/13217\/revisions"}],"wp:featuredmedia":[{"embeddable":true,"href":"https:\/\/noticiasveraces.com\/index.php?rest_route=\/wp\/v2\/media\/13218"}],"wp:attachment":[{"href":"https:\/\/noticiasveraces.com\/index.php?rest_route=%2Fwp%2Fv2%2Fmedia&parent=13217"}],"wp:term":[{"taxonomy":"category","embeddable":true,"href":"https:\/\/noticiasveraces.com\/index.php?rest_route=%2Fwp%2Fv2%2Fcategories&post=13217"},{"taxonomy":"post_tag","embeddable":true,"href":"https:\/\/noticiasveraces.com\/index.php?rest_route=%2Fwp%2Fv2%2Ftags&post=13217"}],"curies":[{"name":"wp","href":"https:\/\/api.w.org\/{rel}","templated":true}]}}