{"id":13207,"date":"2025-02-04T05:25:12","date_gmt":"2025-02-04T09:25:12","guid":{"rendered":"https:\/\/noticiasveraces.com\/?p=13207"},"modified":"2025-02-04T05:25:12","modified_gmt":"2025-02-04T09:25:12","slug":"paz-a-traves-de-la-fuerza-trump-y-netanyahu-esperaban-hablar-sobre-iran-hamas-en-la-reunion-de-la-casa-blanca","status":"publish","type":"post","link":"https:\/\/noticiasveraces.com\/?p=13207","title":{"rendered":"&#8216;Paz a trav\u00e9s de la fuerza&#8217;: Trump y Netanyahu esperaban hablar sobre Ir\u00e1n, Hamas en la reuni\u00f3n de la Casa Blanca"},"content":{"rendered":"<p> \n<\/p>\n<div>\n<div class=\"article-gating gated-overlay\">\n<div class=\"article-gating-wrapper\">\n<p>\u00danase a Fox News para acceder a este contenido<\/p>\n<p>Adem\u00e1s de acceso especial a art\u00edculos seleccionados y otro contenido premium con su cuenta, de forma gratuita.<\/p>\n<div class=\"article-gating-legal tablet-desktop\">Al ingresar su correo electr\u00f3nico y presionar continuar, usted acepta los t\u00e9rminos de uso y la pol\u00edtica de privacidad de Fox News, que incluye nuestro aviso de incentivo financiero.\n    <\/div>\n<p><span>Por favor, introduce una direcci\u00f3n de correo electr\u00f3nico v\u00e1lida.<\/span><\/p>\n<footer class=\"article-gating-footer\">\u00bfTiene problemas? Haga clic aqu\u00ed.<\/footer>\n<\/div>\n<\/div>\n<p class=\"speakable\">TEL AVIV &#8211; La reuni\u00f3n del primer ministro israel\u00ed Benjamin Netanyahu con el presidente Donald Trump en la Casa Blanca el martes est\u00e1 orientado a reforzar los lazos y asegurar las garant\u00edas de la administraci\u00f3n Trump principalmente sobre Ir\u00e1n y la guerra contra Hamas, seg\u00fan los actuales y ex funcionarios israel\u00edes.<\/p>\n<p class=\"speakable\">\u00abLa visita hist\u00f3rica del primer ministro Netanyahu a Washington marcar\u00e1 un momento significativo en las relaciones de Israel-Estados Unidos, estableciendo un tono de estrecha cooperaci\u00f3n y amistad entre el gobierno israel\u00ed y la administraci\u00f3n Trump\u00bb, dijo a Fox Digital Digital a Fox Digital.<\/p>\n<p>\u00abEl primer ministro ser\u00e1 el primer l\u00edder extranjero en visitar la Casa Blanca en el segundo mandato del presidente Trump, y su visita estimular\u00e1 los esfuerzos bilaterales para promover la seguridad y la prosperidad en los Estados Unidos, Israel y el Medio Oriente\u00bb, agreg\u00f3.<\/p>\n<p><strong><u>Americano entre tres rehenes liberados del agarre del terror despu\u00e9s de casi 500 d\u00edas<\/u><\/strong><\/p>\n<div class=\"image-ct inline\">\n<div class=\"m\"><picture><source media=\"(max-width: 767px)\" srcset=\"https:\/\/a57.foxnews.com\/static.foxnews.com\/foxnews.com\/content\/uploads\/2025\/02\/343\/192\/israeli-prime-minister-benjamin-netanyahu-leaving-for-meeting-with-president-trump-in-d.c.-.jpg?ve=1&amp;tl=1, https:\/\/a57.foxnews.com\/static.foxnews.com\/foxnews.com\/content\/uploads\/2025\/02\/686\/384\/israeli-prime-minister-benjamin-netanyahu-leaving-for-meeting-with-president-trump-in-d.c.-.jpg?ve=1&amp;tl=1 2x\" height=\"192\" width=\"343\"><source media=\"(min-width: 768px) and (max-width: 1023px)\" srcset=\"https:\/\/a57.foxnews.com\/static.foxnews.com\/foxnews.com\/content\/uploads\/2025\/02\/672\/378\/israeli-prime-minister-benjamin-netanyahu-leaving-for-meeting-with-president-trump-in-d.c.-.jpg?ve=1&amp;tl=1, https:\/\/a57.foxnews.com\/static.foxnews.com\/foxnews.com\/content\/uploads\/2025\/02\/1344\/756\/israeli-prime-minister-benjamin-netanyahu-leaving-for-meeting-with-president-trump-in-d.c.-.jpg?ve=1&amp;tl=1 2x\" height=\"378\" width=\"672\"><source media=\"(min-width: 1024px) and (max-width: 1279px)\" srcset=\"https:\/\/a57.foxnews.com\/static.foxnews.com\/foxnews.com\/content\/uploads\/2025\/02\/931\/523\/israeli-prime-minister-benjamin-netanyahu-leaving-for-meeting-with-president-trump-in-d.c.-.jpg?ve=1&amp;tl=1, https:\/\/a57.foxnews.com\/static.foxnews.com\/foxnews.com\/content\/uploads\/2025\/02\/1862\/1046\/israeli-prime-minister-benjamin-netanyahu-leaving-for-meeting-with-president-trump-in-d.c.-.jpg?ve=1&amp;tl=1 2x\" height=\"523\" width=\"931\"><source media=\"(min-width: 1280px)\" srcset=\"https:\/\/a57.foxnews.com\/static.foxnews.com\/foxnews.com\/content\/uploads\/2025\/02\/720\/405\/israeli-prime-minister-benjamin-netanyahu-leaving-for-meeting-with-president-trump-in-d.c.-.jpg?ve=1&amp;tl=1, https:\/\/a57.foxnews.com\/static.foxnews.com\/foxnews.com\/content\/uploads\/2025\/02\/1440\/810\/israeli-prime-minister-benjamin-netanyahu-leaving-for-meeting-with-president-trump-in-d.c.-.jpg?ve=1&amp;tl=1 2x\" height=\"405\" width=\"720\"><img loading=\"lazy\" decoding=\"async\" src=\"https:\/\/a57.foxnews.com\/static.foxnews.com\/foxnews.com\/content\/uploads\/2025\/02\/1200\/675\/israeli-prime-minister-benjamin-netanyahu-leaving-for-meeting-with-president-trump-in-d.c.-.jpg?ve=1&amp;tl=1\" alt=\"Netanyahu se va para DC\" width=\"1200\" height=\"675\"\/><\/source><\/source><\/source><\/source><\/picture><\/div>\n<div class=\"info\">\n<div class=\"caption\">\n<p><span>Benjamin Netanyahu deja a Israel para una reuni\u00f3n con el presidente Donald Trump en Washington, DC, febrero de 2025.<\/span> <!----><\/p>\n<\/div>\n<\/div>\n<\/div>\n<p>Leiter, apareciendo en \u00abAmerica&#8217;s Newsroom\u00bb la semana pasada, le dijo a Dana Perino que Ir\u00e1n estar\u00eda al frente y al centro durante la reuni\u00f3n de Trump-Netanyahu. \u00abNos declararemos de que permitir que Teher\u00e1n mantenga sus capacidades nucleares, que pueden elevar muy r\u00e1pidamente hacia las armas nucleares, es simplemente inaceptable\u00bb, afirm\u00f3.<\/p>\n<p>Netanyahu fue el \u00faltimo en la Casa Blanca el 25 de julio de 2024, y el entonces presidente Biden solo invit\u00f3 al l\u00edder israel\u00ed unos 20 meses despu\u00e9s de su reelecci\u00f3n. Biden fue visto ampliamente como un desaire, cuyo partido se ha distanciado cada vez m\u00e1s del apoyo tradicional bipartidista al estado jud\u00edo.<\/p>\n<p>Netanyahu dijo a los periodistas antes de su partida que estaba \u00abdiciendo\u00bb que Trump decidi\u00f3 conocerlo primero, describi\u00e9ndolo como \u00abun testimonio de la fuerza de la alianza estadounidense-israel\u00ed\u00bb.<\/p>\n<div class=\"image-ct inline\">\n<div class=\"m\"><picture><source media=\"(max-width: 767px)\" srcset=\"https:\/\/a57.foxnews.com\/static.foxnews.com\/foxnews.com\/content\/uploads\/2025\/02\/343\/192\/israeli-prime-minister-benjamin-netanyahu-leaving-for-meeting-with-president-trump-in-d.c.-.jpg?ve=1&amp;tl=1, https:\/\/a57.foxnews.com\/static.foxnews.com\/foxnews.com\/content\/uploads\/2025\/02\/686\/384\/israeli-prime-minister-benjamin-netanyahu-leaving-for-meeting-with-president-trump-in-d.c.-.jpg?ve=1&amp;tl=1 2x\" height=\"192\" width=\"343\"><source media=\"(min-width: 768px) and (max-width: 1023px)\" srcset=\"https:\/\/a57.foxnews.com\/static.foxnews.com\/foxnews.com\/content\/uploads\/2025\/02\/672\/378\/israeli-prime-minister-benjamin-netanyahu-leaving-for-meeting-with-president-trump-in-d.c.-.jpg?ve=1&amp;tl=1, https:\/\/a57.foxnews.com\/static.foxnews.com\/foxnews.com\/content\/uploads\/2025\/02\/1344\/756\/israeli-prime-minister-benjamin-netanyahu-leaving-for-meeting-with-president-trump-in-d.c.-.jpg?ve=1&amp;tl=1 2x\" height=\"378\" width=\"672\"><source media=\"(min-width: 1024px) and (max-width: 1279px)\" srcset=\"https:\/\/a57.foxnews.com\/static.foxnews.com\/foxnews.com\/content\/uploads\/2025\/02\/931\/523\/israeli-prime-minister-benjamin-netanyahu-leaving-for-meeting-with-president-trump-in-d.c.-.jpg?ve=1&amp;tl=1, https:\/\/a57.foxnews.com\/static.foxnews.com\/foxnews.com\/content\/uploads\/2025\/02\/1862\/1046\/israeli-prime-minister-benjamin-netanyahu-leaving-for-meeting-with-president-trump-in-d.c.-.jpg?ve=1&amp;tl=1 2x\" height=\"523\" width=\"931\"><source media=\"(min-width: 1280px)\" srcset=\"https:\/\/a57.foxnews.com\/static.foxnews.com\/foxnews.com\/content\/uploads\/2025\/02\/720\/405\/israeli-prime-minister-benjamin-netanyahu-leaving-for-meeting-with-president-trump-in-d.c.-.jpg?ve=1&amp;tl=1, https:\/\/a57.foxnews.com\/static.foxnews.com\/foxnews.com\/content\/uploads\/2025\/02\/1440\/810\/israeli-prime-minister-benjamin-netanyahu-leaving-for-meeting-with-president-trump-in-d.c.-.jpg?ve=1&amp;tl=1 2x\" height=\"405\" width=\"720\"><img loading=\"lazy\" decoding=\"async\" src=\"https:\/\/a57.foxnews.com\/static.foxnews.com\/foxnews.com\/content\/uploads\/2025\/02\/1200\/675\/israeli-prime-minister-benjamin-netanyahu-leaving-for-meeting-with-president-trump-in-d.c.-.jpg?ve=1&amp;tl=1\" alt=\"Netanyahu habla con los periodistas\" width=\"1200\" height=\"675\"\/><\/source><\/source><\/source><\/source><\/picture><\/div>\n<div class=\"info\">\n<div class=\"caption\">\n<p><span>Benjamin Netanyahu dijo a los periodistas antes de su partida que estaba \u00abdici\u00e9ndole\u00bb a Trump eligi\u00f3 conocerlo primero.<\/span> <span>(Oficina del Primer Ministro)<\/span><\/p>\n<\/div>\n<\/div>\n<\/div>\n<p>\u00abEsta reuni\u00f3n se ocupar\u00e1 de cuestiones importantes, problemas cr\u00edticos que enfrentan Israel y nuestra regi\u00f3n, la victoria sobre Hamas, logrando la liberaci\u00f3n de todos nuestros rehenes y tratando con el eje terrorista iran\u00ed y todos sus componentes, un eje que amenaza la paz de Israel, el Medio Oriente y el mundo entero \u00ab, dijo. <\/p>\n<p>Actualmente hay 79 rehenes en manos de Hamas en Gaza, incluidos seis ciudadanos duales estadounidenses-israel\u00edes. \u00abEn cuanto a los t\u00e9rminos de la agenda, Trump querr\u00e1 que Netanyahu proceda a la segunda fase del acuerdo de tregua con Hamas. Esto es muy dif\u00edcil para Israel, ya que esto b\u00e1sicamente deja al grupo terrorista en el poder en Gaza\u00bb, ex embajador israel\u00ed al Michael Oren de los Estados Unidos le dijo a Fox News Digital.<\/p>\n<div class=\"image-ct inline\">\n<div class=\"m\"><picture><source media=\"(max-width: 767px)\" srcset=\"https:\/\/a57.foxnews.com\/static.foxnews.com\/foxnews.com\/content\/uploads\/2024\/07\/343\/192\/Donald-Trump-Benjamin-Netanyahu-Mar-a-Lago_06.jpg?ve=1&amp;tl=1, https:\/\/a57.foxnews.com\/static.foxnews.com\/foxnews.com\/content\/uploads\/2024\/07\/686\/384\/Donald-Trump-Benjamin-Netanyahu-Mar-a-Lago_06.jpg?ve=1&amp;tl=1 2x\" height=\"192\" width=\"343\"><source media=\"(min-width: 768px) and (max-width: 1023px)\" srcset=\"https:\/\/a57.foxnews.com\/static.foxnews.com\/foxnews.com\/content\/uploads\/2024\/07\/672\/378\/Donald-Trump-Benjamin-Netanyahu-Mar-a-Lago_06.jpg?ve=1&amp;tl=1, https:\/\/a57.foxnews.com\/static.foxnews.com\/foxnews.com\/content\/uploads\/2024\/07\/1344\/756\/Donald-Trump-Benjamin-Netanyahu-Mar-a-Lago_06.jpg?ve=1&amp;tl=1 2x\" height=\"378\" width=\"672\"><source media=\"(min-width: 1024px) and (max-width: 1279px)\" srcset=\"https:\/\/a57.foxnews.com\/static.foxnews.com\/foxnews.com\/content\/uploads\/2024\/07\/931\/523\/Donald-Trump-Benjamin-Netanyahu-Mar-a-Lago_06.jpg?ve=1&amp;tl=1, https:\/\/a57.foxnews.com\/static.foxnews.com\/foxnews.com\/content\/uploads\/2024\/07\/1862\/1046\/Donald-Trump-Benjamin-Netanyahu-Mar-a-Lago_06.jpg?ve=1&amp;tl=1 2x\" height=\"523\" width=\"931\"><source media=\"(min-width: 1280px)\" srcset=\"https:\/\/a57.foxnews.com\/static.foxnews.com\/foxnews.com\/content\/uploads\/2024\/07\/720\/405\/Donald-Trump-Benjamin-Netanyahu-Mar-a-Lago_06.jpg?ve=1&amp;tl=1, https:\/\/a57.foxnews.com\/static.foxnews.com\/foxnews.com\/content\/uploads\/2024\/07\/1440\/810\/Donald-Trump-Benjamin-Netanyahu-Mar-a-Lago_06.jpg?ve=1&amp;tl=1 2x\" height=\"405\" width=\"720\"><img loading=\"lazy\" decoding=\"async\" src=\"https:\/\/a57.foxnews.com\/static.foxnews.com\/foxnews.com\/content\/uploads\/2024\/07\/1200\/675\/Donald-Trump-Benjamin-Netanyahu-Mar-a-Lago_06.jpg?ve=1&amp;tl=1\" alt=\"Donald Trump da la mano al primer ministro israel\u00ed Benjamin Netanyahu\" width=\"1200\" height=\"675\"\/><\/source><\/source><\/source><\/source><\/picture><\/div>\n<div class=\"info\">\n<div class=\"caption\">\n<p><span>El ex presidente Donald Trump da la mano al primer ministro israel\u00ed Benjamin Netanyahu durante su reuni\u00f3n en Mar-a-Lago Estate, en Palm Beach, Florida, el 26 de julio de 2024.<\/span> <span>(Amos Ben-Gershom (GPO)\/Handout\/Anadolu a trav\u00e9s de Getty Images)<\/span><\/p>\n<\/div>\n<\/div>\n<\/div>\n<p>Si bien Trump ha dicho que \u00abno estaba seguro\u00bb que el acuerdo de alto el fuego se mantendr\u00eda, su enviado del Medio Oriente Steve Witkoff visit\u00f3 a Israel la semana pasada y, seg\u00fan los informes, presion\u00f3 la implementaci\u00f3n de las tres fases. Seg\u00fan Netanyahu, Trump se ha comprometido a apoyar la reanudaci\u00f3n de la guerra si las negociaciones con Hamas demuestran \u00abin\u00fatil\u00bb.<\/p>\n<p>\u00abTambi\u00e9n puede haber una discusi\u00f3n sobre el futuro del tema palestino y las formas en que se puede revivir el Plan de Paz de Trump durante su primer t\u00e9rmino, as\u00ed como c\u00f3mo se puede concluir un impulso de normalizaci\u00f3n entre Israel y Arabia Saudita\u00bb, dijo Oren. \u00abCreo que el punto de presi\u00f3n principal ser\u00eda la palabra &#8216;P&#8217;, que se refiere a los sauditas que insisten en un camino a la estadidad palestina. Partes de la coalici\u00f3n de Netanyahu e incluso algunos dentro de su propio partido no discutir\u00e1n la palabra &#8216;P'\u00bb.<\/p>\n<p><strong><u>Ir\u00e1n Ocultaci\u00f3n de misiles, programas de drones bajo la apariencia del frente comercial para evadir las sanciones<\/u><\/strong><\/p>\n<div class=\"image-ct inline\">\n<div class=\"m\"><picture><source media=\"(max-width: 767px)\" srcset=\"https:\/\/a57.foxnews.com\/static.foxnews.com\/foxnews.com\/content\/uploads\/2025\/01\/343\/192\/idf-hostages.jpg?ve=1&amp;tl=1, https:\/\/a57.foxnews.com\/static.foxnews.com\/foxnews.com\/content\/uploads\/2025\/01\/686\/384\/idf-hostages.jpg?ve=1&amp;tl=1 2x\" height=\"192\" width=\"343\"><source media=\"(min-width: 768px) and (max-width: 1023px)\" srcset=\"https:\/\/a57.foxnews.com\/static.foxnews.com\/foxnews.com\/content\/uploads\/2025\/01\/672\/378\/idf-hostages.jpg?ve=1&amp;tl=1, https:\/\/a57.foxnews.com\/static.foxnews.com\/foxnews.com\/content\/uploads\/2025\/01\/1344\/756\/idf-hostages.jpg?ve=1&amp;tl=1 2x\" height=\"378\" width=\"672\"><source media=\"(min-width: 1024px) and (max-width: 1279px)\" srcset=\"https:\/\/a57.foxnews.com\/static.foxnews.com\/foxnews.com\/content\/uploads\/2025\/01\/931\/523\/idf-hostages.jpg?ve=1&amp;tl=1, https:\/\/a57.foxnews.com\/static.foxnews.com\/foxnews.com\/content\/uploads\/2025\/01\/1862\/1046\/idf-hostages.jpg?ve=1&amp;tl=1 2x\" height=\"523\" width=\"931\"><source media=\"(min-width: 1280px)\" srcset=\"https:\/\/a57.foxnews.com\/static.foxnews.com\/foxnews.com\/content\/uploads\/2025\/01\/720\/405\/idf-hostages.jpg?ve=1&amp;tl=1, https:\/\/a57.foxnews.com\/static.foxnews.com\/foxnews.com\/content\/uploads\/2025\/01\/1440\/810\/idf-hostages.jpg?ve=1&amp;tl=1 2x\" height=\"405\" width=\"720\"><img loading=\"lazy\" decoding=\"async\" src=\"https:\/\/a57.foxnews.com\/static.foxnews.com\/foxnews.com\/content\/uploads\/2025\/01\/1200\/675\/idf-hostages.jpg?ve=1&amp;tl=1\" alt=\"rehenes lanzados\" width=\"1200\" height=\"675\"\/><\/source><\/source><\/source><\/source><\/picture><\/div>\n<div class=\"info\">\n<div class=\"caption\">\n<p><span>Las familias de los cuatro rehenes publicaron reunidos con sus hijas el 25 de enero de 2025.<\/span> <span>(Unidad de Spokesman de las FDI)<\/span><\/p>\n<\/div>\n<\/div>\n<\/div>\n<p>En este punto, los dos l\u00edderes pueden estar alineados, con Trump insistiendo en que Gaza sea reconstruida \u00abde una manera diferente\u00bb. Tambi\u00e9n indic\u00f3 su deseo de reubicar a los gazanes a los pa\u00edses \u00e1rabes. \u00abEst\u00e1s hablando de probablemente un mill\u00f3n y medio de personas, y simplemente limpiamos [Gaza] Y di: &#8216;Sabes, se acab\u00f3&#8217; \u00ab, dijo.<\/p>\n<p>Durante su primer mandato, Trump sac\u00f3 a Washington del acuerdo nuclear de 2015 con Teher\u00e1n, que fue orquestado por la administraci\u00f3n Obama. Sin embargo, la administraci\u00f3n Biden desabroch\u00f3 la mayor parte de la campa\u00f1a de \u00abm\u00e1xima presi\u00f3n\u00bb de Trump en Teher\u00e1n, que consiste principalmente en sanciones paralizantes, al volver a colocar muchas pol\u00edticas de la era de Obama.<\/p>\n<p>\u00abCreo que Trump est\u00e1 preparado para retroceder inmediatamente las sanciones paralizadas y emitir una amenaza militar cre\u00edble para llevar a Ir\u00e1n a la mesa de negociaci\u00f3n para un acuerdo sobre su infraestructura nuclear, pruebas de misiles bal\u00edsticos y financiamiento de terroristas\u00bb, Danny Ayalon, ex diputado israel\u00ed extranjero extranjero El ministro y embajador en los Estados Unidos, dijo a Fox News Digital.<\/p>\n<p>\u00abSi no, los iran\u00edes estar\u00e1n sujetos a una operaci\u00f3n importante que puede ser a trav\u00e9s de una coalici\u00f3n liderada por Estados Unidos o estructuras diferentes con o sin Israel\u00bb, agreg\u00f3, al hacer referencia a un informe de Axios el mes pasado que el presidente de los Estados Unidos podr\u00eda \u00abapoyar un La huelga militar israel\u00ed contra las instalaciones nucleares de Ir\u00e1n &#8230; o incluso ordene una huelga estadounidense \u00ab. Sin embargo, Ayalon dijo que Trump expresar\u00e1 una preferencia por una soluci\u00f3n diplom\u00e1tica, posiblemente coloc\u00e1ndolo en desacuerdo con Netanyahu.<\/p>\n<p><strong>La semana ocupada por delante para Trump, las selecciones del gabinete<\/strong><\/p>\n<div class=\"image-ct inline\">\n<div class=\"m\"><picture><source media=\"(max-width: 767px)\" srcset=\"https:\/\/a57.foxnews.com\/static.foxnews.com\/foxnews.com\/content\/uploads\/2025\/02\/343\/192\/hamas-gathers-during-hostage-release-in-gaza.-tps-il.jpg?ve=1&amp;tl=1, https:\/\/a57.foxnews.com\/static.foxnews.com\/foxnews.com\/content\/uploads\/2025\/02\/686\/384\/hamas-gathers-during-hostage-release-in-gaza.-tps-il.jpg?ve=1&amp;tl=1 2x\" height=\"192\" width=\"343\"><source media=\"(min-width: 768px) and (max-width: 1023px)\" srcset=\"https:\/\/a57.foxnews.com\/static.foxnews.com\/foxnews.com\/content\/uploads\/2025\/02\/672\/378\/hamas-gathers-during-hostage-release-in-gaza.-tps-il.jpg?ve=1&amp;tl=1, https:\/\/a57.foxnews.com\/static.foxnews.com\/foxnews.com\/content\/uploads\/2025\/02\/1344\/756\/hamas-gathers-during-hostage-release-in-gaza.-tps-il.jpg?ve=1&amp;tl=1 2x\" height=\"378\" width=\"672\"><source media=\"(min-width: 1024px) and (max-width: 1279px)\" srcset=\"https:\/\/a57.foxnews.com\/static.foxnews.com\/foxnews.com\/content\/uploads\/2025\/02\/931\/523\/hamas-gathers-during-hostage-release-in-gaza.-tps-il.jpg?ve=1&amp;tl=1, https:\/\/a57.foxnews.com\/static.foxnews.com\/foxnews.com\/content\/uploads\/2025\/02\/1862\/1046\/hamas-gathers-during-hostage-release-in-gaza.-tps-il.jpg?ve=1&amp;tl=1 2x\" height=\"523\" width=\"931\"><source media=\"(min-width: 1280px)\" srcset=\"https:\/\/a57.foxnews.com\/static.foxnews.com\/foxnews.com\/content\/uploads\/2025\/02\/720\/405\/hamas-gathers-during-hostage-release-in-gaza.-tps-il.jpg?ve=1&amp;tl=1, https:\/\/a57.foxnews.com\/static.foxnews.com\/foxnews.com\/content\/uploads\/2025\/02\/1440\/810\/hamas-gathers-during-hostage-release-in-gaza.-tps-il.jpg?ve=1&amp;tl=1 2x\" height=\"405\" width=\"720\"><img loading=\"lazy\" decoding=\"async\" src=\"https:\/\/a57.foxnews.com\/static.foxnews.com\/foxnews.com\/content\/uploads\/2025\/02\/1200\/675\/hamas-gathers-during-hostage-release-in-gaza.-tps-il.jpg?ve=1&amp;tl=1\" alt=\"Terroristas de Hamas\" width=\"1200\" height=\"675\"\/><\/source><\/source><\/source><\/source><\/picture><\/div>\n<div class=\"info\">\n<div class=\"caption\">\n<p><span>Los terroristas de Hamas observan que cuatro rehenes son liberados a la Cruz Roja como parte de un acuerdo de alto el fuego con Israel.<\/span> <span>(TPS-IL)<\/span><\/p>\n<\/div>\n<\/div>\n<\/div>\n<p>Ayalon tambi\u00e9n se\u00f1al\u00f3 el aprecio de Netanyahu por la iniciativa de Trump de castigar al Tribunal Penal Internacional, que en noviembre emiti\u00f3 \u00f3rdenes de arresto para el primer ministro israel\u00ed y el entonces ministro de defensa Yoav Gallant por el enjuiciamiento de la guerra contra Hamas, al tiempo que sugiere que la normalizaci\u00f3n entre Jerusalem y Riadh ser criado como parte de un esfuerzo m\u00e1s amplio para remodelar el Medio Oriente.<\/p>\n<p>\u00abUn posible corredor econ\u00f3mico de Asia a Europa a Arabia Saudita, Israel, Jordania, tal vez incluso la Autoridad Palestina, trabaja muy bien con la agenda de Trump de contrarrestar el expansionismo chino agresivo a trav\u00e9s de la iniciativa del cintur\u00f3n y la carretera\u00bb, dijo Ayalon.<\/p>\n<p>Otros art\u00edculos de la agenda pueden incluir un posible impulso respaldado por los Estados Unidos para aplicar la soberan\u00eda israel\u00ed sobre partes de Cisjordania, tambi\u00e9n conocido por Israel como Judea y Samaria, un prospecto Netanyahu archivado durante el primer mandato de Trump a favor de forjar los acuerdos de Abraham, y expandir en general. Los lazos de defensa, incluso al avanzar en el objetivo del presidente estadounidense de desarrollar un escudo de misiles tipo c\u00fapula de hierro para los Estados Unidos.<\/p>\n<p>\u00abEs muy diferente de la administraci\u00f3n Biden. Por supuesto, es m\u00e1s agresivo, pero eso es solo parte de esto. Trump ve el problema de Gaza en una perspectiva m\u00e1s amplia\u00bb que incluye a los sauditas, qatar\u00edes, egipcios y otros actores regionales, bergant\u00edn. Gen. (res.) Hannan Gefen, el ex comandante de la Unidad Elite 8200 de las FDI, dijo a Fox News Digital.<\/p>\n<p>\u00abTrump, en su segundo mandato, est\u00e1 repitiendo su disposici\u00f3n a retirarse de la parte noreste controlada por el kurdo de Siria, que puede contrastar con el inter\u00e9s de Israel\u00bb, explic\u00f3. \u00abEn el L\u00edbano, podr\u00eda haber un desacuerdo si Israel ve a Hezbol\u00e1 [violating the ceasefire and] recuperar poder y quiere atacar bases terroristas. Con respecto a los hut\u00edes en Yemen, Israel y los sauditas intentar\u00e1n dirigir la pol\u00edtica de Trump a ser m\u00e1s asertiva que Biden hacia el poder iran\u00ed \u00ab.<\/p>\n<p><strong>Haga clic aqu\u00ed para obtener la aplicaci\u00f3n Fox News<\/strong><\/p>\n<div class=\"image-ct inline\">\n<div class=\"m\"><picture><source media=\"(max-width: 767px)\" srcset=\"https:\/\/a57.foxnews.com\/static.foxnews.com\/foxnews.com\/content\/uploads\/2024\/05\/343\/192\/Rafah-evacuation.jpg?ve=1&amp;tl=1, https:\/\/a57.foxnews.com\/static.foxnews.com\/foxnews.com\/content\/uploads\/2024\/05\/686\/384\/Rafah-evacuation.jpg?ve=1&amp;tl=1 2x\" height=\"192\" width=\"343\"><source media=\"(min-width: 768px) and (max-width: 1023px)\" srcset=\"https:\/\/a57.foxnews.com\/static.foxnews.com\/foxnews.com\/content\/uploads\/2024\/05\/672\/378\/Rafah-evacuation.jpg?ve=1&amp;tl=1, https:\/\/a57.foxnews.com\/static.foxnews.com\/foxnews.com\/content\/uploads\/2024\/05\/1344\/756\/Rafah-evacuation.jpg?ve=1&amp;tl=1 2x\" height=\"378\" width=\"672\"><source media=\"(min-width: 1024px) and (max-width: 1279px)\" srcset=\"https:\/\/a57.foxnews.com\/static.foxnews.com\/foxnews.com\/content\/uploads\/2024\/05\/931\/523\/Rafah-evacuation.jpg?ve=1&amp;tl=1, https:\/\/a57.foxnews.com\/static.foxnews.com\/foxnews.com\/content\/uploads\/2024\/05\/1862\/1046\/Rafah-evacuation.jpg?ve=1&amp;tl=1 2x\" height=\"523\" width=\"931\"><source media=\"(min-width: 1280px)\" srcset=\"https:\/\/a57.foxnews.com\/static.foxnews.com\/foxnews.com\/content\/uploads\/2024\/05\/720\/405\/Rafah-evacuation.jpg?ve=1&amp;tl=1, https:\/\/a57.foxnews.com\/static.foxnews.com\/foxnews.com\/content\/uploads\/2024\/05\/1440\/810\/Rafah-evacuation.jpg?ve=1&amp;tl=1 2x\" height=\"405\" width=\"720\"><img loading=\"lazy\" decoding=\"async\" src=\"https:\/\/a57.foxnews.com\/static.foxnews.com\/foxnews.com\/content\/uploads\/2024\/05\/1200\/675\/Rafah-evacuation.jpg?ve=1&amp;tl=1\" alt=\"Los palestinos huyen de Rafah\" width=\"1200\" height=\"675\"\/><\/source><\/source><\/source><\/source><\/picture><\/div>\n<div class=\"info\">\n<div class=\"caption\">\n<p><span>Los palestinos desplazados llegan al centro de Gaza despu\u00e9s de huir de la ciudad sur de Rafah el 9 de mayo.<\/span> <span>(AP\/Abdel Kareem Hana)<\/span><\/p>\n<\/div>\n<\/div>\n<\/div>\n<p>Si bien las brechas entre los lados se ver\u00e1n eclipsadas por la pompa y la circunstancia que acompa\u00f1a a una visita de Netanyahu a DC, el legislador de Likud Boaz Bismuth le dijo a Fox News Digital que el Primer Ministro \u00abno har\u00e1 ninguna concesi\u00f3n sobre temas relacionados con la seguridad nacional de Israel.<\/p>\n<p>\u00abNuestros intereses nacionales vienen por encima de todo: el estado tiene una obligaci\u00f3n hacia sus civiles y el derecho de defenderse\u00bb, dijo Bismuth. \u00abAfortunadamente, Trump tiene una relaci\u00f3n pr\u00f3spera con Israel y es un gran amigo nuestro\u00bb.<\/p>\n<\/div>\n\n","protected":false},"excerpt":{"rendered":"<p>\u00danase a Fox News para acceder a este contenido Adem\u00e1s de acceso especial a art\u00edculos seleccionados y otro contenido premium con su cuenta, de forma gratuita. Al ingresar su correo electr\u00f3nico y presionar continuar, usted acepta los t\u00e9rminos de uso y la pol\u00edtica de privacidad de Fox News, que incluye nuestro aviso de incentivo financiero. &hellip;<\/p>\n","protected":false},"author":1,"featured_media":13209,"comment_status":"open","ping_status":"open","sticky":false,"template":"","format":"standard","meta":{"fifu_image_url":"https:\/\/static.foxnews.com\/foxnews.com\/content\/uploads\/2024\/11\/trump-netanyahu.jpg","fifu_image_alt":"","footnotes":""},"categories":[13],"tags":[],"class_list":["post-13207","post","type-post","status-publish","format-standard","has-post-thumbnail","","category-mundo"],"_links":{"self":[{"href":"https:\/\/noticiasveraces.com\/index.php?rest_route=\/wp\/v2\/posts\/13207","targetHints":{"allow":["GET"]}}],"collection":[{"href":"https:\/\/noticiasveraces.com\/index.php?rest_route=\/wp\/v2\/posts"}],"about":[{"href":"https:\/\/noticiasveraces.com\/index.php?rest_route=\/wp\/v2\/types\/post"}],"author":[{"embeddable":true,"href":"https:\/\/noticiasveraces.com\/index.php?rest_route=\/wp\/v2\/users\/1"}],"replies":[{"embeddable":true,"href":"https:\/\/noticiasveraces.com\/index.php?rest_route=%2Fwp%2Fv2%2Fcomments&post=13207"}],"version-history":[{"count":0,"href":"https:\/\/noticiasveraces.com\/index.php?rest_route=\/wp\/v2\/posts\/13207\/revisions"}],"wp:featuredmedia":[{"embeddable":true,"href":"https:\/\/noticiasveraces.com\/index.php?rest_route=\/wp\/v2\/media\/13209"}],"wp:attachment":[{"href":"https:\/\/noticiasveraces.com\/index.php?rest_route=%2Fwp%2Fv2%2Fmedia&parent=13207"}],"wp:term":[{"taxonomy":"category","embeddable":true,"href":"https:\/\/noticiasveraces.com\/index.php?rest_route=%2Fwp%2Fv2%2Fcategories&post=13207"},{"taxonomy":"post_tag","embeddable":true,"href":"https:\/\/noticiasveraces.com\/index.php?rest_route=%2Fwp%2Fv2%2Ftags&post=13207"}],"curies":[{"name":"wp","href":"https:\/\/api.w.org\/{rel}","templated":true}]}}