{"id":13204,"date":"2025-02-04T04:21:25","date_gmt":"2025-02-04T08:21:25","guid":{"rendered":"https:\/\/noticiasveraces.com\/?p=13204"},"modified":"2025-02-04T04:21:25","modified_gmt":"2025-02-04T08:21:25","slug":"el-salvador-acepta-llevarnos-a-los-deportados-de-cualquier-nacionalidad","status":"publish","type":"post","link":"https:\/\/noticiasveraces.com\/?p=13204","title":{"rendered":"El Salvador acepta llevarnos a los deportados de cualquier nacionalidad"},"content":{"rendered":"<p> \n<\/p>\n<div>\n<p class=\"speakable\">El presidente de El Salvador, Nayib Bukele, ha ofrecido a los inmigrantes ilegales, de cualquier nacionalidad, enfrentando la deportaci\u00f3n en los Estados Unidos para ser reservado en el sistema penitenciario de su pa\u00eds a cambio de una tarifa.<\/p>\n<p class=\"speakable\">Esta propuesta se produce despu\u00e9s de que el Secretario de Estado Marco Rubio se reuni\u00f3 con Bukele en su casa de campo de Lakeside en las afueras de San Salvador el lunes.<\/p>\n<p>\u00abHemos ofrecido a los Estados Unidos de Am\u00e9rica la oportunidad de externalizar parte de su sistema penitenciario\u00bb, escribi\u00f3 Bukele el lunes por la noche. \u00abEstamos dispuestos a asumir solo delincuentes condenados (incluidos los ciudadanos estadounidenses condenados) a nuestra mega prisi\u00f3n (CECOT) a cambio de una tarifa. La tarifa ser\u00eda relativamente baja para los Estados Unidos pero significativo para nosotros, lo que hace que todo nuestro sistema penitenciario sea sostenible \u00ab<\/p>\n<p>Rubio dijo que el presidente salvadore\u00f1o \u00abha acordado el acuerdo migratorio extraordinario y extraordinario m\u00e1s sin precedentes en cualquier parte del mundo\u00bb.<\/p>\n<p><strong>Rubio se dirige a Panam\u00e1, Am\u00e9rica Latina para perseguir la agenda de la &#8216;Edad de Oro&#8217; de Trump<\/strong><\/p>\n<div class=\"image-ct inline\">\n<div class=\"m\"><picture><source media=\"(max-width: 767px)\" srcset=\"https:\/\/a57.foxnews.com\/static.foxnews.com\/foxnews.com\/content\/uploads\/2025\/02\/343\/192\/rubioelsalv.png?ve=1&amp;tl=1, https:\/\/a57.foxnews.com\/static.foxnews.com\/foxnews.com\/content\/uploads\/2025\/02\/686\/384\/rubioelsalv.png?ve=1&amp;tl=1 2x\" height=\"192\" width=\"343\"><source media=\"(min-width: 768px) and (max-width: 1023px)\" srcset=\"https:\/\/a57.foxnews.com\/static.foxnews.com\/foxnews.com\/content\/uploads\/2025\/02\/672\/378\/rubioelsalv.png?ve=1&amp;tl=1, https:\/\/a57.foxnews.com\/static.foxnews.com\/foxnews.com\/content\/uploads\/2025\/02\/1344\/756\/rubioelsalv.png?ve=1&amp;tl=1 2x\" height=\"378\" width=\"672\"><source media=\"(min-width: 1024px) and (max-width: 1279px)\" srcset=\"https:\/\/a57.foxnews.com\/static.foxnews.com\/foxnews.com\/content\/uploads\/2025\/02\/931\/523\/rubioelsalv.png?ve=1&amp;tl=1, https:\/\/a57.foxnews.com\/static.foxnews.com\/foxnews.com\/content\/uploads\/2025\/02\/1862\/1046\/rubioelsalv.png?ve=1&amp;tl=1 2x\" height=\"523\" width=\"931\"><source media=\"(min-width: 1280px)\" srcset=\"https:\/\/a57.foxnews.com\/static.foxnews.com\/foxnews.com\/content\/uploads\/2025\/02\/720\/405\/rubioelsalv.png?ve=1&amp;tl=1, https:\/\/a57.foxnews.com\/static.foxnews.com\/foxnews.com\/content\/uploads\/2025\/02\/1440\/810\/rubioelsalv.png?ve=1&amp;tl=1 2x\" height=\"405\" width=\"720\"><img loading=\"lazy\" decoding=\"async\" src=\"https:\/\/a57.foxnews.com\/static.foxnews.com\/foxnews.com\/content\/uploads\/2025\/02\/1200\/675\/rubioelsalv.png?ve=1&amp;tl=1\" alt=\"Marco Rubio se re\u00fane con Nayib Bukele\" width=\"1200\" height=\"675\"\/><\/source><\/source><\/source><\/source><\/picture><\/div>\n<div class=\"info\">\n<div class=\"caption\">\n<p><span>El secretario de Estado, Marco Rubio, se re\u00fane con el presidente de El Salvador, Nayib Bukele, en su residencia en Lake Coatepeque el lunes 3 de febrero de 2025.<\/span> <span>(AP)<\/span><\/p>\n<\/div>\n<\/div>\n<\/div>\n<p>\u00abPodemos enviarlos, y \u00e9l los pondr\u00e1 en sus c\u00e1rceles\u00bb, dijo Rubio a los periodistas, refiri\u00e9ndose a inmigrantes ilegales tras las rejas en las c\u00e1rceles de EE. UU. \u00abY tambi\u00e9n se ofreci\u00f3 a hacer lo mismo por los delincuentes peligrosos actualmente bajo custodia y cumplir sus sentencias en los Estados Unidos, a pesar de que son ciudadanos estadounidenses o residentes legales\u00bb.<\/p>\n<p>Si bien Bukele extendi\u00f3 la oferta de incluir criminales estadounidenses violentos, es muy poco probable que parte de la oferta realmente suceda, ya que es ilegal deportar a los ciudadanos estadounidenses. Un funcionario estadounidense dijo que la administraci\u00f3n Trump no tiene planes de deportar a los ciudadanos estadounidenses, pero se\u00f1al\u00f3 que la oferta de Bukele fue significativa.<\/p>\n<p>La propuesta con El Salvador, conocida como un acuerdo de \u00abtercer pa\u00eds seguro\u00bb, podr\u00eda ser una opci\u00f3n para los miembros de pandillas venezolanas condenados en los Estados Unidos si Venezuela se niega a aceptarlos, y Rubio dijo que Bukele ofreci\u00f3 aceptar a los detenidos de cualquier nacionalidad.<\/p>\n<p>Bukele tambi\u00e9n dijo que recuperar\u00eda ilegalmente a todos los miembros de pandillas Salvadoras MS-13 en los Estados Unidos, y prometi\u00f3 aceptar y encarcelar a los extranjeros ilegales criminales de cualquier pa\u00eds, especialmente aquellos afiliados a la pandilla Tren de Aragua de Venezuela.<\/p>\n<p>Manuel Flores, el Secretario General del Partido de la Oposici\u00f3n de Leftista Farabundo Mart\u00ed National Liberation Frente, argument\u00f3 que el plan de \u00abtercer pa\u00eds seguro\u00bb pintar\u00eda la regi\u00f3n como el \u00abpatio trasero del gobierno de los Estados Unidos para tirar la basura\u00bb.<\/p>\n<p><strong>Trump anuncia que Venezuela recuperar\u00e1 a los inmigrantes ilegales criminales<\/strong><\/p>\n<div class=\"image-ct inline\">\n<div class=\"m\"><picture><source media=\"(max-width: 767px)\" srcset=\"https:\/\/a57.foxnews.com\/static.foxnews.com\/foxnews.com\/content\/uploads\/2025\/02\/343\/192\/elsalv.png?ve=1&amp;tl=1, https:\/\/a57.foxnews.com\/static.foxnews.com\/foxnews.com\/content\/uploads\/2025\/02\/686\/384\/elsalv.png?ve=1&amp;tl=1 2x\" height=\"192\" width=\"343\"><source media=\"(min-width: 768px) and (max-width: 1023px)\" srcset=\"https:\/\/a57.foxnews.com\/static.foxnews.com\/foxnews.com\/content\/uploads\/2025\/02\/672\/378\/elsalv.png?ve=1&amp;tl=1, https:\/\/a57.foxnews.com\/static.foxnews.com\/foxnews.com\/content\/uploads\/2025\/02\/1344\/756\/elsalv.png?ve=1&amp;tl=1 2x\" height=\"378\" width=\"672\"><source media=\"(min-width: 1024px) and (max-width: 1279px)\" srcset=\"https:\/\/a57.foxnews.com\/static.foxnews.com\/foxnews.com\/content\/uploads\/2025\/02\/931\/523\/elsalv.png?ve=1&amp;tl=1, https:\/\/a57.foxnews.com\/static.foxnews.com\/foxnews.com\/content\/uploads\/2025\/02\/1862\/1046\/elsalv.png?ve=1&amp;tl=1 2x\" height=\"523\" width=\"931\"><source media=\"(min-width: 1280px)\" srcset=\"https:\/\/a57.foxnews.com\/static.foxnews.com\/foxnews.com\/content\/uploads\/2025\/02\/720\/405\/elsalv.png?ve=1&amp;tl=1, https:\/\/a57.foxnews.com\/static.foxnews.com\/foxnews.com\/content\/uploads\/2025\/02\/1440\/810\/elsalv.png?ve=1&amp;tl=1 2x\" height=\"405\" width=\"720\"><img loading=\"lazy\" decoding=\"async\" src=\"https:\/\/a57.foxnews.com\/static.foxnews.com\/foxnews.com\/content\/uploads\/2025\/02\/1200\/675\/elsalv.png?ve=1&amp;tl=1\" alt=\"El secretario de Estado de los Estados Unidos, Marco Rubio, se re\u00fane con el presidente de El Salvador, Nayib Bukele,\" width=\"1200\" height=\"675\"\/><\/source><\/source><\/source><\/source><\/picture><\/div>\n<div class=\"info\">\n<div class=\"caption\">\n<p><span>El secretario de Estado, Marco Rubio, se re\u00fane con el presidente de El Salvador, Nayib Bukele, en su residencia en Lake Coatepeque en El Salvador, el lunes 3 de febrero de 2025.<\/span> <span>(AP)<\/span><\/p>\n<\/div>\n<\/div>\n<\/div>\n<p>Rubio estaba visitando El Salvador para impulsar m\u00e1s ayuda para apoyar el plan de deportaci\u00f3n masiva del presidente Donald Trump. Lleg\u00f3 a San Salvador poco despu\u00e9s de ver un vuelo de deportaci\u00f3n financiado por Estados Unidos que llevaba 43 inmigrantes ilegales que salen de Panam\u00e1 a Colombia.<\/p>\n<p>El vuelo de deportaci\u00f3n ten\u00eda 32 hombres y 11 mujeres detenidas por las autoridades paname\u00f1as despu\u00e9s de cruzar ilegalmente la brecha de Darien desde Colombia. El Departamento de Estado dijo que las deportaciones env\u00edan un mensaje de disuasi\u00f3n.<\/p>\n<p>\u00abLa migraci\u00f3n masiva es una de las grandes tragedias en la era moderna\u00bb, dijo Rubio despu\u00e9s. \u00abImpacta a los pa\u00edses en todo el mundo. Reconocemos que muchas de las personas que buscan migraci\u00f3n masiva a menudo son v\u00edctimas y v\u00edctimas en el camino, y no es bueno para nadie\u00bb.<\/p>\n<div class=\"image-ct inline\">\n<div class=\"m\"><picture><source media=\"(max-width: 767px)\" srcset=\"https:\/\/a57.foxnews.com\/static.foxnews.com\/foxnews.com\/content\/uploads\/2025\/02\/343\/192\/elsalvminister.png?ve=1&amp;tl=1, https:\/\/a57.foxnews.com\/static.foxnews.com\/foxnews.com\/content\/uploads\/2025\/02\/686\/384\/elsalvminister.png?ve=1&amp;tl=1 2x\" height=\"192\" width=\"343\"><source media=\"(min-width: 768px) and (max-width: 1023px)\" srcset=\"https:\/\/a57.foxnews.com\/static.foxnews.com\/foxnews.com\/content\/uploads\/2025\/02\/672\/378\/elsalvminister.png?ve=1&amp;tl=1, https:\/\/a57.foxnews.com\/static.foxnews.com\/foxnews.com\/content\/uploads\/2025\/02\/1344\/756\/elsalvminister.png?ve=1&amp;tl=1 2x\" height=\"378\" width=\"672\"><source media=\"(min-width: 1024px) and (max-width: 1279px)\" srcset=\"https:\/\/a57.foxnews.com\/static.foxnews.com\/foxnews.com\/content\/uploads\/2025\/02\/931\/523\/elsalvminister.png?ve=1&amp;tl=1, https:\/\/a57.foxnews.com\/static.foxnews.com\/foxnews.com\/content\/uploads\/2025\/02\/1862\/1046\/elsalvminister.png?ve=1&amp;tl=1 2x\" height=\"523\" width=\"931\"><source media=\"(min-width: 1280px)\" srcset=\"https:\/\/a57.foxnews.com\/static.foxnews.com\/foxnews.com\/content\/uploads\/2025\/02\/720\/405\/elsalvminister.png?ve=1&amp;tl=1, https:\/\/a57.foxnews.com\/static.foxnews.com\/foxnews.com\/content\/uploads\/2025\/02\/1440\/810\/elsalvminister.png?ve=1&amp;tl=1 2x\" height=\"405\" width=\"720\"><img loading=\"lazy\" decoding=\"async\" src=\"https:\/\/a57.foxnews.com\/static.foxnews.com\/foxnews.com\/content\/uploads\/2025\/02\/1200\/675\/elsalvminister.png?ve=1&amp;tl=1\" alt=\"El ministro de Relaciones Exteriores de El Salvador, Alexandra Hill, Tinoco, da la bienvenida al Secretario de Estado de los Estados Unidos Marco Rubio\" width=\"1200\" height=\"675\"\/><\/source><\/source><\/source><\/source><\/picture><\/div>\n<div class=\"info\">\n<div class=\"caption\">\n<p><span>Rubio est\u00e1 casi a mitad de camino con su gira de Am\u00e9rica Central despu\u00e9s de la visita del lunes a El Salvador.<\/span> <span>(AP)<\/span><\/p>\n<\/div>\n<\/div>\n<\/div>\n<p><strong><u>Haga clic aqu\u00ed para obtener la aplicaci\u00f3n Fox News<\/u><\/strong><\/p>\n<p>El viaje de Rubio se produce durante una congelaci\u00f3n de la asistencia extranjera de EE. UU. Y las \u00f3rdenes de parada que han cerrado los programas financiados por los contribuyentes dirigidos a la inmigraci\u00f3n ilegal y el crimen en Am\u00e9rica Central. El Departamento de Estado dijo que el Secretario hab\u00eda aprobado exenciones para ciertos programas cr\u00edticos en pa\u00edses que est\u00e1 visitando.<\/p>\n<p>El Secretario continuar\u00e1 instando a los l\u00edderes extranjeros a hacer m\u00e1s para ayudar a los Estados Unidos a combatir la inmigraci\u00f3n ilegal, incluso en sus pr\u00f3ximas paradas en Costa Rica, Guatemala y la Rep\u00fablica Dominicana, que son parte de su gira centroamericana de cinco naciones despu\u00e9s de las visitas a Panam\u00e1 a Panam\u00e1. y El Salvador.<\/p>\n<p><i>Associated Press contribuy\u00f3 a este informe.<\/i><\/p>\n<p> <!----> <\/div>\n\n","protected":false},"excerpt":{"rendered":"<p>El presidente de El Salvador, Nayib Bukele, ha ofrecido a los inmigrantes ilegales, de cualquier nacionalidad, enfrentando la deportaci\u00f3n en los Estados Unidos para ser reservado en el sistema penitenciario de su pa\u00eds a cambio de una tarifa. Esta propuesta se produce despu\u00e9s de que el Secretario de Estado Marco Rubio se reuni\u00f3 con Bukele &hellip;<\/p>\n","protected":false},"author":1,"featured_media":13206,"comment_status":"open","ping_status":"open","sticky":false,"template":"","format":"standard","meta":{"fifu_image_url":"https:\/\/static.foxnews.com\/foxnews.com\/content\/uploads\/2025\/02\/rubioelsalv.png","fifu_image_alt":"","footnotes":""},"categories":[13],"tags":[],"class_list":["post-13204","post","type-post","status-publish","format-standard","has-post-thumbnail","","category-mundo"],"_links":{"self":[{"href":"https:\/\/noticiasveraces.com\/index.php?rest_route=\/wp\/v2\/posts\/13204","targetHints":{"allow":["GET"]}}],"collection":[{"href":"https:\/\/noticiasveraces.com\/index.php?rest_route=\/wp\/v2\/posts"}],"about":[{"href":"https:\/\/noticiasveraces.com\/index.php?rest_route=\/wp\/v2\/types\/post"}],"author":[{"embeddable":true,"href":"https:\/\/noticiasveraces.com\/index.php?rest_route=\/wp\/v2\/users\/1"}],"replies":[{"embeddable":true,"href":"https:\/\/noticiasveraces.com\/index.php?rest_route=%2Fwp%2Fv2%2Fcomments&post=13204"}],"version-history":[{"count":0,"href":"https:\/\/noticiasveraces.com\/index.php?rest_route=\/wp\/v2\/posts\/13204\/revisions"}],"wp:featuredmedia":[{"embeddable":true,"href":"https:\/\/noticiasveraces.com\/index.php?rest_route=\/wp\/v2\/media\/13206"}],"wp:attachment":[{"href":"https:\/\/noticiasveraces.com\/index.php?rest_route=%2Fwp%2Fv2%2Fmedia&parent=13204"}],"wp:term":[{"taxonomy":"category","embeddable":true,"href":"https:\/\/noticiasveraces.com\/index.php?rest_route=%2Fwp%2Fv2%2Fcategories&post=13204"},{"taxonomy":"post_tag","embeddable":true,"href":"https:\/\/noticiasveraces.com\/index.php?rest_route=%2Fwp%2Fv2%2Ftags&post=13204"}],"curies":[{"name":"wp","href":"https:\/\/api.w.org\/{rel}","templated":true}]}}