{"id":13174,"date":"2025-02-04T00:10:11","date_gmt":"2025-02-04T04:10:11","guid":{"rendered":"https:\/\/noticiasveraces.com\/?p=13174"},"modified":"2025-02-04T00:10:11","modified_gmt":"2025-02-04T04:10:11","slug":"tregua-en-guerra-arancelaria-de-trump-tambien-con-canada-dw-04-02-2025","status":"publish","type":"post","link":"https:\/\/noticiasveraces.com\/?p=13174","title":{"rendered":"Tregua en Guerra Arancelaria de Trump Tambi\u00e9n Con Canad\u00e1 &#8211; DW &#8211; 04\/02\/2025"},"content":{"rendered":"<p> \n<\/p>\n<div>\n<p>El Primer Ministro de Canad\u00e1, Justin Trudeau, Revel\u00f3 El Lunes (03.02.2025) Que Tras Conversar Con El Presidente Estadounidense, Donald Trump, Ee.uu. SPENDEND\u00c1 DURANTE 30 D\u00edas la Implementaci\u00f3n de Aranceles del 25 %, Cuya Entrada en Vigencia Estaba Prevista Para Ma\u00f1ana.<\/p>\n<p>En un Mensaje en Las Redes Sociales, Trudeau Declar\u00f3 que canad\u00e1 nombrarra un \u00abZar\u00bb Contra El Fentanilo \u00ab, incluir Fuerza Conjunta Canad\u00e1-eeuu para combatir el Crimen Organizado, El Fentanilo y El Lavado de Dinero \u00ab.<\/p>\n<p>El L\u00edder Canadiense, Que Calific\u00f3 como \u00abBuena\u00bb la conversaci\u00f3n con Trump, A\u00f1adi\u00f3 que ha firmado \u00abuna Nueva Directriz de Inteligencia Sobre El Crimen Organizado y El Fentanilo\u00bb Que -tenders -ASociados fondos de 200 Millones de los Millones (UNOS 136 Millones de D\u00f3denses de D\u00f3denses de D\u00f3lares de D\u00f3as ).<\/p>\n<p>\u00abLos Aranceles Propuestos Ser\u00e1n Pausados \u200b\u200bDurante al Menos 30 D\u00edas Mientras Trabajamos Juntos\u00bb, Concluyon Trudeau.<\/p>\n<blockquote class=\"tweet embed\" data-id=\"1886576655826571653\"\/>\n<p>El Cese temporal de los aranceles se produce Pocas horas antes de que estados unidos iniciasa la aplicacia de grav\u00e1menes del 10 % a las compras de petr\u00f3leo y canadiendas y del 25 % al resta de las importaciones.<\/p>\n<p>Canad\u00e1 anunci\u00f3 el s\u00e1bado que, en representaci\u00f3n por los aranceles, tambi\u00e9n aplicar\u00eda un partir del Martes grav\u00e1menes del 25 % a 30,000 milones de d\u00f3lares de exportaciones estadounidenses en el pa\u00eds.<\/p>\n<p>El Gobierno Canadiense Tambi\u00e9n hab\u00eda programado aplicar los Mismos Aranceles A OTROS 125.000 Millones de Importaciones Estadounidenses A Partir del 25 de Febero.<\/p>\n<p>Trudeau y Trump Mantuvieron una conversaci\u00f3n muy temprano, en la que acordaron volver a conversar a las 15.00 local (20.00 gmt) para intentar llegar a un acuerdo que suspendiese los aranceles.<\/p>\n<p>Antes de la Segunda Llamada, Trump Acord\u00f3 Con la Presidente de M\u00e9xico, Claudia Sheinbaum, La Pausa de Los Aranceles que ee.uu. iBa a empamar un aplicar A Los productos mexicanos un partir del Martes.<\/p>\n<p>El Presidente Estadounidense Tom\u00f3 la Decisi\u00f3n Despu\u00e9s de Que la Mandataria Mexicana Prometiese Enviar A la Frontera Con Estados Unidos 10.000 Soldados para Combatir el Tr\u00e1fico de Drogas y Personas.<\/p>\n<p>GS (AFP, Efe, Reuters)<\/p>\n<\/div>\n\n","protected":false},"excerpt":{"rendered":"<p>El Primer Ministro de Canad\u00e1, Justin Trudeau, Revel\u00f3 El Lunes (03.02.2025) Que Tras Conversar Con El Presidente Estadounidense, Donald Trump, Ee.uu. SPENDEND\u00c1 DURANTE 30 D\u00edas la Implementaci\u00f3n de Aranceles del 25 %, Cuya Entrada en Vigencia Estaba Prevista Para Ma\u00f1ana. En un Mensaje en Las Redes Sociales, Trudeau Declar\u00f3 que canad\u00e1 nombrarra un \u00abZar\u00bb Contra &hellip;<\/p>\n","protected":false},"author":1,"featured_media":13175,"comment_status":"open","ping_status":"open","sticky":false,"template":"","format":"standard","meta":{"fifu_image_url":"https:\/\/static.dw.com\/image\/70943754_6.jpg","fifu_image_alt":"","footnotes":""},"categories":[13],"tags":[],"class_list":["post-13174","post","type-post","status-publish","format-standard","has-post-thumbnail","","category-mundo"],"_links":{"self":[{"href":"https:\/\/noticiasveraces.com\/index.php?rest_route=\/wp\/v2\/posts\/13174","targetHints":{"allow":["GET"]}}],"collection":[{"href":"https:\/\/noticiasveraces.com\/index.php?rest_route=\/wp\/v2\/posts"}],"about":[{"href":"https:\/\/noticiasveraces.com\/index.php?rest_route=\/wp\/v2\/types\/post"}],"author":[{"embeddable":true,"href":"https:\/\/noticiasveraces.com\/index.php?rest_route=\/wp\/v2\/users\/1"}],"replies":[{"embeddable":true,"href":"https:\/\/noticiasveraces.com\/index.php?rest_route=%2Fwp%2Fv2%2Fcomments&post=13174"}],"version-history":[{"count":0,"href":"https:\/\/noticiasveraces.com\/index.php?rest_route=\/wp\/v2\/posts\/13174\/revisions"}],"wp:featuredmedia":[{"embeddable":true,"href":"https:\/\/noticiasveraces.com\/index.php?rest_route=\/wp\/v2\/media\/13175"}],"wp:attachment":[{"href":"https:\/\/noticiasveraces.com\/index.php?rest_route=%2Fwp%2Fv2%2Fmedia&parent=13174"}],"wp:term":[{"taxonomy":"category","embeddable":true,"href":"https:\/\/noticiasveraces.com\/index.php?rest_route=%2Fwp%2Fv2%2Fcategories&post=13174"},{"taxonomy":"post_tag","embeddable":true,"href":"https:\/\/noticiasveraces.com\/index.php?rest_route=%2Fwp%2Fv2%2Ftags&post=13174"}],"curies":[{"name":"wp","href":"https:\/\/api.w.org\/{rel}","templated":true}]}}