{"id":13158,"date":"2025-02-03T20:43:42","date_gmt":"2025-02-04T00:43:42","guid":{"rendered":"https:\/\/noticiasveraces.com\/?p=13158"},"modified":"2025-02-03T20:43:42","modified_gmt":"2025-02-04T00:43:42","slug":"esto-genera-un-cluva-de-deconfianza","status":"publish","type":"post","link":"https:\/\/noticiasveraces.com\/?p=13158","title":{"rendered":"\u00abESTO GENERA UN CLUVA DE DECONFIANZA &#8230;\u00bb"},"content":{"rendered":"<p> \n<\/p>\n<div id=\"intext\">\n<p>Ni 3 Horas Ha Tardado en Responder la <b>RFEF <\/b>a la <b>Dura Carta que el Real Madrid le Ha Enviado Este Lunes<\/b> -Con Copia al CSD- Criticando el Sistema Arbitral, que califica de \u00abdesacreditado\u00bb, Tildando a Mu\u00f1iz Ruiz de \u00abTergiversar y Falsear la Realidad\u00bb y Exigir la Entrega \u00abin Mediata\u00bb de los Audios del var de las jugadas pol\u00e9micas deles <b>Espanyol-Real Madrid (1-0)<\/b>.<\/p>\n<blockquote class=\"blockquote \">\n<p class=\"blockquote__quote\">\u00abDeslegitimar Constantement La Labor Arbitral &#8230; G\u00e9nero Un Clima de Desconfianza\u00bb<\/p>\n<\/blockquote>\n<p>En el Comunicado del Ente Federativo \u00abLamentan Profundamento el Tono y la Gravedad de Las Acusaciones\u00bb, a la Vez que invita a \u00ab<b>Reflexi\u00f3n Sobre las consecias de este Tipo de cuestionamientos sistemanos al arbitraje<\/b>. Deslegitimar Constantement La Labor Arbitral al Margen de los Cauces establecidos, g\u00e9nero un clima de desconfianza que no beneficia ni f\u00fatbol espa\u00f1ol ni a sus competatos \u00ab, dados parte parte delcrito official.<\/p>\n<p>Tambi\u00e9n Manda Un Mensaje Direto Al Club Blanco: \u00abESTO<b> No Puede Derivar en Se\u00f1alamientos Generalizados <\/b>Que Pongan en Duda Su <u>integridad<\/u> (La de los \u00c1rbitros) \u00ab:<\/p>\n<h2 class=\"title-h2\">La respuesta completa de la rfef al Real Madrid<\/h2>\n<p>\u00ab<i>Desde la Real Federaci\u00f3n Espa\u00f1ola de f\u00fatbol reafirmamos nuestro compromiso con la transparencia, la equidad y la constante mejora de los mecanismos arbitrales, pilares fundamentalos para garantizar el desarrollo y la integridad de nuestras compuestos.<\/i><\/p>\n<p><i>Profundamento de Lamentamos El Tono y la Gravedad de Las Acusaciones Que Cuestionan la Honorabilidad de Los Estamentos Arbitrales y el FuncionOmiento de la Competici\u00f3n en Su Conjunto. Entendemos que, en el desarrollo del f\u00fatbol Profesional, Puedan existir discrepanias SOBRE Determinadas Decisiones, Pero Confiamos en Que Todas Las Partes Act\u00faen Con la Responsabilidad y El Respeto Que Exige El M\u00e1ximo Nivel de Nuestro Deporto.<\/i><\/p>\n<p><i>En este Sentido, Queremos Trasladar Nuestro M\u00e1s Absoluto respeto y Consideraci\u00f3n A Todos nuestros \u00c1rbitros y \u00c1rbitras, Quienes Desempe\u00f1a Su Labor Con Profesionalidad, Rigor y Bajo una constante evaluaci\u00f3n eval\u00faa. La tarea arbitral, por su propia naturaleza, est\u00e1 sujeta a la revisi\u00f3n y al an\u00e1lisis, pero ello no puede derivar en se\u00f1alamientos generalizados que pongan en duda su integridad, pues ello no solo afecta a los propios colegiados, sino que erosiona la credibilidad del f\u00fatbol en su conjunto.<\/i><\/p>\n<p><i>Es importante reflexi\u00f3n SOBRE las consecias de este tipo de cuestionAmientos sistemantes al arbitraje. Deslegitimar Constantement la Labor Arbitral al Margen de los Cauces Establecidos, G\u00e9nero un clima de desconfianza que no hay beneficio ni al f\u00fatbol espa\u00f1ol ni a sus competatos. La cr\u00edtica constructiva es siempre bien recibida y necesaria para la mejora continua, pero debe realizarse dentro de los marcos establecidos y con el respeto que exigen Todas las las partes que integran nuestro Dej.<\/i><\/p>\n<p><i>La verdadera federaci\u00f3n espa\u00f1ola de f\u00fatbol est\u00e1 inmersa en un proceso de modernizaci\u00f3n y mejora estructural en todos los \u00e1mbitos del arbitraje, alineado con las mejores pr\u00e1cticas internacionales y con el apoyo de los organismo competentes en la material. Al Mismo Tiempo, en esta nueva etapa de di\u00e1logo y trabajo conjunto el objetivo es avanzar contando con todos los actores del f\u00fatbol espa\u00f1ol. En este Sentido Existen Foros y Reuniones, Como la que se Mantendr\u00e1 es semana con Todos los clubes Profesionales, Donde Todos ellos pueden expresar y contribuye a la mejora de este deporte.<\/i><\/p>\n<p><i>Reiteramos nuestro Compromiso Con la Transparencia y la Mejora Constante de Nuestras Competiones, Y Confiamos en que la Colaboracia de los Clubes, Con Esp\u00edritu Constructivo y Dentro del Marco Normaco, Contribuir\u00e1 a Seguir Fortalecieke el y f\u00fatbol Espra\u00f1ol<\/i>\u00ab.<\/p>\n<h2 class=\"title-h2\">Tebas se suma a la &#8216;Fiesta &#8230; Con Recado A Florentino&#8217;<\/h2>\n<p>El Presidente de Laliga, Javier Tebas, Responde Al Club de la Capital Minutos de Que Lo Hiciese la Rfef: \u00ab<b>No me ha sorprendido en absoluto<\/b> La Carta del Real Madrid, Ya que no Dice Nada Diferente de lo de lo su televisi\u00f3n Lleva Tiempo Repitiendo. Muchos Defendemos Un Cambio Radical en el Sistema Arbitral, Acerc\u00e1ndonos al Modelo Ingl\u00e9s o Al Alem\u00e1n, Con una organizaci\u00f3n final de la organizaci\u00f3n Diferente y Mucha m\u00e1s Transparencia en Todas las decisiones las Estructurales del Arbitraje espa\u00f1ol. Lo Verdaderampe Llamativo es Que, en una Reuni\u00f3n de Laliga El 19 de Abril de 2023<b>Debatimos e incluso Votamos Este Cambio,<\/b> Y <b>El Real Madrid se Opuso<\/b>Mostr\u00e1ndosais tibio y solucionados de defensores del pecado. \u00bfTender Algo que, en Aquel Momento, El Presidente de la Rfef era Rubiales y Florentino P\u00e9rez Miembro de la Junta Directiva de la Rfef? Y Ojo, El Caso &#8216;Negreira&#8217; Ya Estaba en El Juzgado, Y El Real Madrid Tard\u00f3 Semanas en Personarse. \u00bfPor qu\u00e9? Por Cierto, en lo que respeta a &#8216;Sistemas corruptos&#8217;, Pocas Leciones Pueden Dar. Y no me refiero al Real Madrid Como Instituci\u00f3n \u00ab.<\/p>\n<p><i>S\u00edguenos en nuestro canal de whatsapp y no te Pierdas la \u00daLtima Hora y Toda la actualidad de antena3noticias.com<\/i><\/p>\n<div class=\"recirculation-video\" data-mod=\"a3mod_recirculation_video\">\n<div class=\"recirculation-video-wrapper\">\n<div>\n<div class=\"video-wrapper\">\n  <picture class=\"video-main-picture\"><source media=\"(min-width: 481px)\" srcset=\"https:\/\/fotografias.antena3.com\/clipping\/cmsimages02\/2024\/01\/25\/C666779D-7D93-4BD8-B302-F5FF86805523\/luis-rubiales-saliendo-audiencia-nacional-madrid_94.jpg?crop=2378,1338,x0,y0&amp;width=800&amp;height=450&amp;optimize=medium&amp;format=webply\" width=\"800\" height=\"450\"><source media=\"(min-width: 391px) and (max-width: 480px)\" srcset=\"https:\/\/fotografias.antena3.com\/clipping\/cmsimages02\/2024\/01\/25\/C666779D-7D93-4BD8-B302-F5FF86805523\/luis-rubiales-saliendo-audiencia-nacional-madrid_70.jpg?crop=2378,1338,x0,y0&amp;width=480&amp;height=270&amp;optimize=high&amp;format=webply\" width=\"480\" height=\"270\"><source media=\"(min-width: 321px) and (max-width: 390px)\" srcset=\"https:\/\/fotografias.antena3.com\/clipping\/cmsimages02\/2024\/01\/25\/C666779D-7D93-4BD8-B302-F5FF86805523\/luis-rubiales-saliendo-audiencia-nacional-madrid_92.jpg?crop=2378,1335,x0,y0&amp;width=390&amp;height=219&amp;optimize=high&amp;format=webply\" width=\"390\" height=\"219\"><source media=\"(max-width: 320px)\" srcset=\"https:\/\/fotografias.antena3.com\/clipping\/cmsimages02\/2024\/01\/25\/C666779D-7D93-4BD8-B302-F5FF86805523\/luis-rubiales-saliendo-audiencia-nacional-madrid_52.jpg?crop=2378,1338,x0,y0&amp;width=320&amp;height=180&amp;optimize=high&amp;format=webply\" width=\"320\" height=\"180\"><img decoding=\"async\" title=\"Luis Rubiales Salido de la Audios Nacional de Madrid\" alt=\"Luis Rubiales Salido de la Audios Nacional de Madrid\" width=\"480\" height=\"270\" src=\"https:\/\/fotografias.antena3.com\/clipping\/cmsimages02\/2024\/01\/25\/C666779D-7D93-4BD8-B302-F5FF86805523\/luis-rubiales-saliendo-audiencia-nacional-madrid_70.jpg?crop=2378,1338,x0,y0&amp;width=480&amp;height=270&amp;optimize=high&amp;format=webply\" loading=\"lazy\" class=\"lazy\"\/><br \/>\n  <\/source><\/source><\/source><\/source><\/picture>\n <\/div>\n<\/div><\/div>\n<\/p><\/div>\n<\/div>\n\n","protected":false},"excerpt":{"rendered":"<p>Ni 3 Horas Ha Tardado en Responder la RFEF a la Dura Carta que el Real Madrid le Ha Enviado Este Lunes -Con Copia al CSD- Criticando el Sistema Arbitral, que califica de \u00abdesacreditado\u00bb, Tildando a Mu\u00f1iz Ruiz de \u00abTergiversar y Falsear la Realidad\u00bb y Exigir la Entrega \u00abin Mediata\u00bb de los Audios del var &hellip;<\/p>\n","protected":false},"author":1,"featured_media":13160,"comment_status":"open","ping_status":"open","sticky":false,"template":"","format":"standard","meta":{"fifu_image_url":"https:\/\/fotografias.antena3.com\/clipping\/cmsimages01\/2025\/02\/03\/A2EE1404-D73D-45E5-9998-CF8FDC236930\/rafael-louzan-presidente-rfef_69.jpg?crop=4107,2310,x0,y0&width=1280&height=720&optimize=low&format=jpg","fifu_image_alt":"","footnotes":""},"categories":[6],"tags":[],"class_list":["post-13158","post","type-post","status-publish","format-standard","has-post-thumbnail","","category-deportes"],"_links":{"self":[{"href":"https:\/\/noticiasveraces.com\/index.php?rest_route=\/wp\/v2\/posts\/13158","targetHints":{"allow":["GET"]}}],"collection":[{"href":"https:\/\/noticiasveraces.com\/index.php?rest_route=\/wp\/v2\/posts"}],"about":[{"href":"https:\/\/noticiasveraces.com\/index.php?rest_route=\/wp\/v2\/types\/post"}],"author":[{"embeddable":true,"href":"https:\/\/noticiasveraces.com\/index.php?rest_route=\/wp\/v2\/users\/1"}],"replies":[{"embeddable":true,"href":"https:\/\/noticiasveraces.com\/index.php?rest_route=%2Fwp%2Fv2%2Fcomments&post=13158"}],"version-history":[{"count":0,"href":"https:\/\/noticiasveraces.com\/index.php?rest_route=\/wp\/v2\/posts\/13158\/revisions"}],"wp:featuredmedia":[{"embeddable":true,"href":"https:\/\/noticiasveraces.com\/index.php?rest_route=\/wp\/v2\/media\/13160"}],"wp:attachment":[{"href":"https:\/\/noticiasveraces.com\/index.php?rest_route=%2Fwp%2Fv2%2Fmedia&parent=13158"}],"wp:term":[{"taxonomy":"category","embeddable":true,"href":"https:\/\/noticiasveraces.com\/index.php?rest_route=%2Fwp%2Fv2%2Fcategories&post=13158"},{"taxonomy":"post_tag","embeddable":true,"href":"https:\/\/noticiasveraces.com\/index.php?rest_route=%2Fwp%2Fv2%2Ftags&post=13158"}],"curies":[{"name":"wp","href":"https:\/\/api.w.org\/{rel}","templated":true}]}}