{"id":13126,"date":"2025-02-03T15:35:10","date_gmt":"2025-02-03T19:35:10","guid":{"rendered":"https:\/\/noticiasveraces.com\/?p=13126"},"modified":"2025-02-03T15:35:10","modified_gmt":"2025-02-03T19:35:10","slug":"protestas-contra-la-derecha-en-las-calles-de-alemania-dw-03-02-2025","status":"publish","type":"post","link":"https:\/\/noticiasveraces.com\/?p=13126","title":{"rendered":"Protestas Contra La Derecha en Las Calles de Alemania &#8211; DW &#8211; 03\/02\/2025"},"content":{"rendered":"<p> \n<\/p>\n<div>\n<p>Seg\u00fan los organizadores, Fueron 250,000 participantes, Mientras que las CIFRAS DE LA POLIC\u00cdA AFIRMAN QUERON ALREDOR DE 160.000 LAS PERSONAS QUE PROTESTARON Alemania (AFD).<\/p>\n<p>El Cord\u00f3n Sanitario es la forma en que los Partidos Marcan Distancias Con El Partido de Ultraderecha Afd, Oficialmental Considerada como \u00abParcialmento de Extra Derecha\u00bb.<\/p>\n<p>Las Protestas se inscribe en el contexto de la moci\u00f3n que friedrich Merz, presidente del partido dem\u00f3crata CDU, presente el pasado mi\u00e9rado (29.01.2025) en el bundestag (el parlamento de alemania), un favor de un upstico endurecimiento de la pol\u00edta . La Propuesta Fue Aprobada Gracias al Apoyo de Los Votos de Afd.<\/p>\n<p>Dos D\u00edas M\u00e1s Tarde, un proyecto de ley en este Sentido, Tambi\u00e9n presentado por los dem\u00f3cratas CDU\/CSU, fracas\u00f3 en el Bundestag. Afd vot\u00f3 un\u00e1nimemento un favor, pero no lo hicieron as\u00ed todos los diputados de cdu\/csu, ni del liberal partido dem\u00f3tico liberal (FDP).<\/p>\n<h2>\u00abError de la ONU inexcusable\u00bb<\/h2>\n<p>El Autor y Moderador Jud\u00edo Michel Friedman, que abandon\u00f3 el Partido Cdu Debido A Esa &#8216;Cooperaci\u00f3n&#8217; de Afd con la moci\u00f3n dem\u00f3crata, hobl\u00f3 en el Mit\u00edn de Apertura de la manifestaci\u00f3n en Berl\u00edn. Friedman describe un como Afd como \u00abPartido del Odio\u00bb Y Calific\u00f3 el Veto Conjunto de Cdu\/CSU con Afd como \u00abError inexcusable\u00bb.<\/p>\n<p>Los participantes Marcharon Desde el Edificio del Reichstag, Donde se Encuentra el Bundestag Alem\u00e1n, Hasta La Casa Konrad Adenauer, Sede del Partido Cdu. Los manifestantes de Loss Estaban Preocupados por Un Giro a la Derecha en Alemania.<\/p>\n<p>\u00abCreo Que es Muy, Muy IMPORTANTE DEJAR CLARO A Friedrich Merz, a la Cdu y Al Fdp -es Decir, un Los Partidos de Centro Democr\u00e1tico de Est\u00e1n en proceso de Contronarar El Centro Democr\u00e1tico. Si los Partidos no es Son son las conscientes de Elello, Hay Que Hac\u00e9rselo Saber \u00ab, Dijo A DW Uno de los participantes de la protesta.<\/p>\n<h2>\u00abSoja italiana y s\u00e9 lo que est\u00e1 pasando\u00bb<\/h2>\n<p>Una Joven Asegur\u00f3 a Deutsche Welle que se vio obligada un participar en la protesta porque es italiana y sabe \u00ablo que est\u00e1 pasando, desgraciadamento, no s\u00f3lo en italia s siero en todo el mundo, donde la extrema derecha est\u00e1 en auger\u00bb.<\/p>\n<p>OTRO MANIFESTANTE SE\u00f1al\u00f3: \u00abCreo que es importante Protestar Mientras Tengamos Derecho A Hacerlo. Y No Hay Que Olvidar Que Debemos Recordar El Pasado y Los Acontecimientos de Aquella \u00e9poca para un un futuro mejor\u00bb. El Hombre Alude Al Cap\u00edtulo M\u00e1s Oscuro de la Historia Alemana, La \u00e9poca nazi, que desemboc\u00f3 en la SEgunda Guerra Mundial y Caus\u00f3 Millones de Muertos.<\/p>\n<figure class=\"placeholder-image master_landscape big\"><img data-format=\"MASTER_LANDSCAPE\" data-id=\"71488498\" data-url=\"https:\/\/static.dw.com\/image\/71488498_${formatId}.jpg\" data-aspect-ratio=\"16\/9\" alt=\"Gente de Fondo. En Primer Plano, Una Pancarta Con la Imagen de Angela Merkel DiCiDO &quot;Mutti Sagt Nein&quot; (Mutti Dice Que no). \" style=\"padding-bottom: 56.25%; height: 0; max-height: 0;\"\/><figcaption class=\"img-caption\">Una Pancarta Alude Al Escrito de Angela Merkel Desaprobando la Cooperaci\u00f3n de Su Partido, Cdu, Con Afd. <small class=\"copyright\">Imagen: Hannes P Albert\/DPA\/Picture Alliance<\/small><\/figcaption><\/figure>\n<p>El Periodista de DW Alexander Gerst Acompa\u00f1\u00f3 la Manifestaci\u00f3n. Todas la Edades Estaban Representas, Desde Ni\u00f1os Hasta Ancianos, Y Gerst Describe la Protesta como \u00abRuidosa\u00bb, Pero \u00abPac\u00edfica\u00bb. \u00abS\u00f3lo, \u00e9l se ve un vez c\u00f3mo Arrancaban un Cartel Electoral de Cdu\u00bb.<\/p>\n<p>Por lo dem\u00e1s, no observ\u00f3 Da\u00f1os Materiales, ni muchos Menos Agresiones f\u00edsicas. LOS Manifestantes No Pudieron Llegar Hasta La Casa Konrad Adenauer, Donde Tuvo Lugar El Mit\u00edn Final. \u00abHab\u00eda Grandes Barreras y TODO Parec\u00eda Oscuro en la Sede de la Cdu\u00bb, Dice Gerst, El Reportero de DW.<\/p>\n<h2>\u00abFritz, Escucha A Mutti\u00bb<\/h2>\n<p>En la manifestaci\u00f3n de Berl\u00edn, una pancarta rezaba: \u00abFritz, escucha a mutti\u00bb, Mientras que en otra se lea\u00eda: \u00ab\u00a1Mutti Dice No!\u00bb. Fritz es una forma abreviada de friedrich, que el nombre de pila del candidato un cangiler, Friedrich Merz.<\/p>\n<p> Y \u00abMutti\u00bb (\u00abMami\u00bb) es El Apodo que los Alemanes Dan A Angela Merkel, Quien Presidi\u00f3 el Partido Cdu antes Que Friedrich Merz, Y Fue Canciller Entre 2005 y 2021. Merkel y Merz Nunca Tuvieron una Relaci\u00f3n Estrecha.<\/p>\n<p>Fue una Sorpresa que la Antigua L\u00edder Democristiana Declarara por Escrito, Un D\u00eda Despu\u00e9s de la Aprobaci\u00f3n de la Moci\u00f3n, Que la Cdu se Hab\u00eda equivocado al confiar en los votos de afd a la hor\u00e1 de endureper la pol\u00edtica migratoria. EL REPROCHE P\u00fablico de la Excitiller y expresidida de la Cdu no favorece La Campa\u00f1a Electoral de Su Partido, A Pocas Semanas de los Comicios en Alemania, el 23 de febrero de 2025.<\/p>\n<p><span data-slot-id=\"Article_InContent-1\" class=\"rich-text-ad\"\/><\/p>\n<h2>Manifestaciones en Todo el Pa\u00eds<\/h2>\n<p>La manifestaci\u00f3n de berl\u00edn fue la m\u00e1s numerosa, pero no la \u00fanica. Tambi\u00e9n en la Ciudad de Ratisbona Salieron A las Calles Unas Unas 20,000 Personas, Seg\u00fan La Polic\u00eda, Para Protestar Contra El Racismo y La Pol\u00edtica de Asilo de CDU\/CSU.<\/p>\n<p>Adem\u00e1s, Hubo Protestas en muchas otras ciudades. El d\u00eda anterior Ya se Celebraron Manifestaciones M\u00e1s Entre 65.000 y 80.000 Personas Salieron a la Calle en Hamburgo y Casi 45.000 en Colonia y Stuttgart, Seg\u00fan LOS Organizadores.<\/p>\n<p>Manifestaciones de heno m\u00e1s anunciadas. Las Iniciativas \u00abJuntos Contra la Derecha\u00bb Y \u00abViernes para el futuro\u00bb Han Convocado una concentraci\u00f3n de concentraci\u00f3n en Berl\u00edn Este Lunes por la Ma\u00f1ana Con Motivo de la Conferencia del Partido Cdu, que Tambi\u00e9n se Celebra en la Capital.<\/p>\n<p>Un pesar de las protestas, CDU pretenda aprobar un \u00abprograma inmediato\u00bb con los planos migratorios de friedrich Merz, que incluyen controla fronterizos permanentes y el rechazo de refugiados adocumentados en la frontera.<\/p>\n<p>(MS\/CP)<\/p>\n<\/div>\n\n","protected":false},"excerpt":{"rendered":"<p>Seg\u00fan los organizadores, Fueron 250,000 participantes, Mientras que las CIFRAS DE LA POLIC\u00cdA AFIRMAN QUERON ALREDOR DE 160.000 LAS PERSONAS QUE PROTESTARON Alemania (AFD). El Cord\u00f3n Sanitario es la forma en que los Partidos Marcan Distancias Con El Partido de Ultraderecha Afd, Oficialmental Considerada como \u00abParcialmento de Extra Derecha\u00bb. Las Protestas se inscribe en el &hellip;<\/p>\n","protected":false},"author":1,"featured_media":13127,"comment_status":"open","ping_status":"open","sticky":false,"template":"","format":"standard","meta":{"fifu_image_url":"https:\/\/static.dw.com\/image\/71487345_6.jpg","fifu_image_alt":"","footnotes":""},"categories":[13],"tags":[],"class_list":["post-13126","post","type-post","status-publish","format-standard","has-post-thumbnail","","category-mundo"],"_links":{"self":[{"href":"https:\/\/noticiasveraces.com\/index.php?rest_route=\/wp\/v2\/posts\/13126","targetHints":{"allow":["GET"]}}],"collection":[{"href":"https:\/\/noticiasveraces.com\/index.php?rest_route=\/wp\/v2\/posts"}],"about":[{"href":"https:\/\/noticiasveraces.com\/index.php?rest_route=\/wp\/v2\/types\/post"}],"author":[{"embeddable":true,"href":"https:\/\/noticiasveraces.com\/index.php?rest_route=\/wp\/v2\/users\/1"}],"replies":[{"embeddable":true,"href":"https:\/\/noticiasveraces.com\/index.php?rest_route=%2Fwp%2Fv2%2Fcomments&post=13126"}],"version-history":[{"count":0,"href":"https:\/\/noticiasveraces.com\/index.php?rest_route=\/wp\/v2\/posts\/13126\/revisions"}],"wp:featuredmedia":[{"embeddable":true,"href":"https:\/\/noticiasveraces.com\/index.php?rest_route=\/wp\/v2\/media\/13127"}],"wp:attachment":[{"href":"https:\/\/noticiasveraces.com\/index.php?rest_route=%2Fwp%2Fv2%2Fmedia&parent=13126"}],"wp:term":[{"taxonomy":"category","embeddable":true,"href":"https:\/\/noticiasveraces.com\/index.php?rest_route=%2Fwp%2Fv2%2Fcategories&post=13126"},{"taxonomy":"post_tag","embeddable":true,"href":"https:\/\/noticiasveraces.com\/index.php?rest_route=%2Fwp%2Fv2%2Ftags&post=13126"}],"curies":[{"name":"wp","href":"https:\/\/api.w.org\/{rel}","templated":true}]}}