{"id":13113,"date":"2025-02-03T12:43:46","date_gmt":"2025-02-03T16:43:46","guid":{"rendered":"https:\/\/noticiasveraces.com\/?p=13113"},"modified":"2025-02-03T12:43:46","modified_gmt":"2025-02-03T16:43:46","slug":"golf-pro-jason-day-llevaba-pantalones-de-chandal-en-pebble-beach-y-causo-un-furor-entre-los-fanaticos","status":"publish","type":"post","link":"https:\/\/noticiasveraces.com\/?p=13113","title":{"rendered":"Golf Pro Jason Day llevaba pantalones de ch\u00e1ndal en Pebble Beach y caus\u00f3 un furor entre los fan\u00e1ticos"},"content":{"rendered":"<p> \n<\/p>\n<div>\n<p class=\"body-graf\">El veterano de la PGA Jason Day se puso un traje de sudor gris completo el domingo en Pebble Beach, dibujando jadeos y duras cr\u00edticas de todo el mundo del golf consciente de la moda.<\/p>\n<p class=\"body-graf\">El d\u00eda de 37 a\u00f1os dispar\u00f3 un 69 en la ronda final en el famoso curso del norte de California, llegando empatado en el puesto 13 con un 12 bajo 269.<\/p>\n<figure class=\"styles_inlineImage__yAWZ0 styles_medium__OMa6x styles_portrait__NRWbO\"><picture class=\"styles_image__1qciH\" data-testid=\"picture\"><source media=\"(min-width: 1000px)\" srcset=\"https:\/\/media-cldnry.s-nbcnews.com\/image\/upload\/t_fit-560w,f_avif,q_auto:eco,dpr_2\/rockcms\/2025-02\/250203-jason-day-mb-1427-c600a4.jpg 2x, https:\/\/media-cldnry.s-nbcnews.com\/image\/upload\/t_fit-560w,f_auto,q_auto:best\/rockcms\/2025-02\/250203-jason-day-mb-1427-c600a4.jpg 1x\"\/><source media=\"(min-width: 320px)\" srcset=\"https:\/\/media-cldnry.s-nbcnews.com\/image\/upload\/t_fit-760w,f_avif,q_auto:eco,dpr_2\/rockcms\/2025-02\/250203-jason-day-mb-1427-c600a4.jpg 2x, https:\/\/media-cldnry.s-nbcnews.com\/image\/upload\/t_fit-760w,f_auto,q_auto:best\/rockcms\/2025-02\/250203-jason-day-mb-1427-c600a4.jpg 1x\"\/><img loading=\"lazy\" decoding=\"async\" src=\"https:\/\/media-cldnry.s-nbcnews.com\/image\/upload\/t_fit-760w,f_auto,q_auto:best\/rockcms\/2025-02\/250203-jason-day-mb-1427-c600a4.jpg\" alt=\"AT&#038;T Pebble Beach Pro -Am 2025 - Ronda final\" height=\"3750\" width=\"2500\"\/><\/picture><figcaption class=\"caption styles_caption__Pe5JC\" data-testid=\"caption\"><span class=\"caption__container\" data-testid=\"caption__container\">Jason Day dibuj\u00f3 cr\u00edticas duras por su atuendo en Pebble Beach Golf Links el domingo.<\/span><span class=\"caption__source\" data-testid=\"caption__source\">Ben Jared \/ PGA Tour a trav\u00e9s de Getty Images<\/span><\/figcaption><\/figure>\n<p class=\"body-graf\">Pero no fue su obra la que levant\u00f3 las cejas el domingo, era en lo que estaba jugando. <\/p>\n<p class=\"body-graf\">Day podr\u00eda haberse confundido f\u00e1cilmente con cualquier tipo al azar que coloque alrededor de un curso p\u00fablico de par 3 el domingo, vistiendo pantalones de ch\u00e1ndal grises y una sudadera de tripulaci\u00f3n gris que no ten\u00eda marcas distinguibles aparte de una cursiva en su cofre superior izquierdo.<\/p>\n<p class=\"body-graf\">La M representa a su patrocinador de ropa, Malbon Golf, que busca \u00abhonrar el patrimonio del golf mientras lo abre a una comunidad m\u00e1s amplia, combinando valores tradicionales con un esp\u00edritu fresco y creativo\u00bb, seg\u00fan la marca con sede en Los \u00c1ngeles. .<\/p>\n<p class=\"body-graf\">Un fan\u00e1tico del golf le pregunt\u00f3 al PGA: \u00ab\u00bfPodr\u00edas explicarnos c\u00f3mo Jason Day se le permiti\u00f3 jugar a Pebble Beach en un traje de sudor?\u00bb <\/p>\n<p class=\"body-graf\">Otro espectador dijo que la versi\u00f3n no tradicional de Day sobre el atuendo de golf est\u00e1 bien, pero \u00abusar un traje de sudor en el \u00faltimo d\u00eda en Pebble es rid\u00edculo\u00bb.<\/p>\n<p class=\"body-graf\">Si bien los golfistas profesionales no tienen un uniforme, similar a los deportes de equipo, su atuendo es relativamente est\u00e1ndar: caqui y una simple camisa de polo de manga corta.<\/p>\n<section class=\"embed-widget embedWidget embed-widget--medium\" data-testid=\"embed-widget\"\/>\n<p class=\"body-graf\">Trevor Immelman, el campe\u00f3n de Masters de 2008 y comentarista de CBS, especul\u00f3 c\u00f3micamente que Day debe haber estado usando esos trapos por desesperaci\u00f3n.<\/p>\n<p class=\"body-graf\">\u00ab\u00bfPerdi\u00f3 su equipaje?\u00bb Immelman dijo en el aire.<\/p>\n<p class=\"body-graf\">Y el golfista jug\u00f3 junto con el sabro de Immelman, publicando en Instagram: \u00abPerdi\u00f3 mi equipaje\u00bb. <\/p>\n<p class=\"body-graf\">Este no es el primer d\u00eda y Malbon ha empujado los bordes de la etiqueta de la vestimenta de golf.<\/p>\n<p class=\"body-graf\">En el maestro m\u00e1s reciente, Day usaba un chaleco de su\u00e9ter blanco fuerte con letras negras y rojas con: \u00abNo. 313. Malbon Golf Championship \u00ab.<\/p>\n<p class=\"endmark body-graf\">Un funcionario del Club Nacional de Golf de Augusta pidi\u00f3 a Day que cambiara de ese su\u00e9ter y cumpli\u00f3 respetuosamente.<\/p>\n<\/div>\n\n","protected":false},"excerpt":{"rendered":"<p>El veterano de la PGA Jason Day se puso un traje de sudor gris completo el domingo en Pebble Beach, dibujando jadeos y duras cr\u00edticas de todo el mundo del golf consciente de la moda. El d\u00eda de 37 a\u00f1os dispar\u00f3 un 69 en la ronda final en el famoso curso del norte de California, &hellip;<\/p>\n","protected":false},"author":1,"featured_media":13115,"comment_status":"open","ping_status":"open","sticky":false,"template":"","format":"standard","meta":{"fifu_image_url":"https:\/\/media-cldnry.s-nbcnews.com\/image\/upload\/t_nbcnews-fp-1200-630,f_auto,q_auto:best\/rockcms\/2025-02\/250203-jason-day-mb-1426-0c944a.jpg","fifu_image_alt":"","footnotes":""},"categories":[4],"tags":[],"class_list":["post-13113","post","type-post","status-publish","format-standard","has-post-thumbnail","","category-historias-destacadas"],"_links":{"self":[{"href":"https:\/\/noticiasveraces.com\/index.php?rest_route=\/wp\/v2\/posts\/13113","targetHints":{"allow":["GET"]}}],"collection":[{"href":"https:\/\/noticiasveraces.com\/index.php?rest_route=\/wp\/v2\/posts"}],"about":[{"href":"https:\/\/noticiasveraces.com\/index.php?rest_route=\/wp\/v2\/types\/post"}],"author":[{"embeddable":true,"href":"https:\/\/noticiasveraces.com\/index.php?rest_route=\/wp\/v2\/users\/1"}],"replies":[{"embeddable":true,"href":"https:\/\/noticiasveraces.com\/index.php?rest_route=%2Fwp%2Fv2%2Fcomments&post=13113"}],"version-history":[{"count":0,"href":"https:\/\/noticiasveraces.com\/index.php?rest_route=\/wp\/v2\/posts\/13113\/revisions"}],"wp:featuredmedia":[{"embeddable":true,"href":"https:\/\/noticiasveraces.com\/index.php?rest_route=\/wp\/v2\/media\/13115"}],"wp:attachment":[{"href":"https:\/\/noticiasveraces.com\/index.php?rest_route=%2Fwp%2Fv2%2Fmedia&parent=13113"}],"wp:term":[{"taxonomy":"category","embeddable":true,"href":"https:\/\/noticiasveraces.com\/index.php?rest_route=%2Fwp%2Fv2%2Fcategories&post=13113"},{"taxonomy":"post_tag","embeddable":true,"href":"https:\/\/noticiasveraces.com\/index.php?rest_route=%2Fwp%2Fv2%2Ftags&post=13113"}],"curies":[{"name":"wp","href":"https:\/\/api.w.org\/{rel}","templated":true}]}}