{"id":13110,"date":"2025-02-03T12:20:20","date_gmt":"2025-02-03T16:20:20","guid":{"rendered":"https:\/\/noticiasveraces.com\/?p=13110"},"modified":"2025-02-03T12:20:20","modified_gmt":"2025-02-03T16:20:20","slug":"corea-del-norte-golpea-la-etiqueta-del-estado-rebelde-de-rubio-como-tonterias","status":"publish","type":"post","link":"https:\/\/noticiasveraces.com\/?p=13110","title":{"rendered":"Corea del Norte golpea la etiqueta del &#8216;estado rebelde&#8217; de Rubio como &#8216;tonter\u00edas&#8217;"},"content":{"rendered":"<p> \n<\/p>\n<div>\n<p class=\"speakable\">Corea del Norte critica la descripci\u00f3n del secretario de Estado de Marco Rubio del pa\u00eds como un \u00abestado deshonesto\u00bb, llam\u00e1ndolo \u00abtonter\u00edas\u00bb mientras promete tomar una \u00abdif\u00edcil contraacci\u00f3n\u00bb a cualquier provocaci\u00f3n de la administraci\u00f3n Trump. <\/p>\n<p class=\"speakable\">Rubio hizo el comentario la semana pasada durante una aparici\u00f3n en \u00abThe Megyn Kelly Show\u00bb, donde estaba hablando sobre los objetivos de la pol\u00edtica exterior estadounidense. <\/p>\n<p>\u00abNo es normal que el mundo simplemente tenga un poder unipolar. Eso no fue, eso era una anomal\u00eda. Era un producto del fin de la Guerra Fr\u00eda, pero finalmente ibas a llegar a un punto en el que ten\u00edas un MUNDO MULITIVO, PODERES DE MULTIMAS en diferentes partes del planeta. Departamento de Estado. <\/p>\n<p>El Ministerio de Relaciones Exteriores de Corea del Norte dijo en respuesta que Rubio \u00abhabl\u00f3 sin sentido al calificar a la RPDC un\u00bb estado deshonesto \u00abmientras enumeraba la pol\u00edtica exterior de la nueva administraci\u00f3n de los Estados Unidos\u00bb. <\/p>\n<p><strong>La sugerencia de \u00abdesnuclearizaci\u00f3n\u00bb de Trump con Rusia y China: \u00bfc\u00f3mo funcionar\u00eda?<\/strong><strong> <\/strong><\/p>\n<div class=\"image-ct inline\">\n<div class=\"m\"><picture><source media=\"(max-width: 767px)\" srcset=\"https:\/\/a57.foxnews.com\/static.foxnews.com\/foxnews.com\/content\/uploads\/2025\/02\/343\/192\/kim-jong-un-and-marco-rubio.png?ve=1&amp;tl=1, https:\/\/a57.foxnews.com\/static.foxnews.com\/foxnews.com\/content\/uploads\/2025\/02\/686\/384\/kim-jong-un-and-marco-rubio.png?ve=1&amp;tl=1 2x\" height=\"192\" width=\"343\"><source media=\"(min-width: 768px) and (max-width: 1023px)\" srcset=\"https:\/\/a57.foxnews.com\/static.foxnews.com\/foxnews.com\/content\/uploads\/2025\/02\/672\/378\/kim-jong-un-and-marco-rubio.png?ve=1&amp;tl=1, https:\/\/a57.foxnews.com\/static.foxnews.com\/foxnews.com\/content\/uploads\/2025\/02\/1344\/756\/kim-jong-un-and-marco-rubio.png?ve=1&amp;tl=1 2x\" height=\"378\" width=\"672\"><source media=\"(min-width: 1024px) and (max-width: 1279px)\" srcset=\"https:\/\/a57.foxnews.com\/static.foxnews.com\/foxnews.com\/content\/uploads\/2025\/02\/931\/523\/kim-jong-un-and-marco-rubio.png?ve=1&amp;tl=1, https:\/\/a57.foxnews.com\/static.foxnews.com\/foxnews.com\/content\/uploads\/2025\/02\/1862\/1046\/kim-jong-un-and-marco-rubio.png?ve=1&amp;tl=1 2x\" height=\"523\" width=\"931\"><source media=\"(min-width: 1280px)\" srcset=\"https:\/\/a57.foxnews.com\/static.foxnews.com\/foxnews.com\/content\/uploads\/2025\/02\/720\/405\/kim-jong-un-and-marco-rubio.png?ve=1&amp;tl=1, https:\/\/a57.foxnews.com\/static.foxnews.com\/foxnews.com\/content\/uploads\/2025\/02\/1440\/810\/kim-jong-un-and-marco-rubio.png?ve=1&amp;tl=1 2x\" height=\"405\" width=\"720\"><img loading=\"lazy\" decoding=\"async\" src=\"https:\/\/a57.foxnews.com\/static.foxnews.com\/foxnews.com\/content\/uploads\/2025\/02\/1200\/675\/kim-jong-un-and-marco-rubio.png?ve=1&amp;tl=1\" alt=\"Kim Jong Un y Marco Rubio\" width=\"1200\" height=\"675\"\/><\/source><\/source><\/source><\/source><\/picture><\/div>\n<div class=\"info\">\n<div class=\"caption\">\n<p><span>L\u00edder de Corea del Norte Kim Jong Un, a la izquierda, y el secretario de Estado Marco Rubio.<\/span> <span>(Agencia de Noticias Central de Corea\/Servicio de Noticias de Corea\/AP\/Mark Schiefelbein)<\/span><\/p>\n<\/div>\n<\/div>\n<\/div>\n<p>\u00abEl Ministerio de Relaciones Exteriores de la Rep\u00fablica Deluvia considera que los comentarios hostiles del Secretario de Estado de EE. UU. Para empa\u00f1ar sin\u00f3nicos la imagen de un Estado soberano como una grave provocaci\u00f3n pol\u00edtica totalmente contraria al principio del derecho internacional que considera el respeto por la soberan\u00eda y la no interferencia en los asuntos internos de los dem\u00e1s, Su n\u00facleo y firmemente denuncia y lo rechaza \u00ab, se lee en un comunicado publicado por los medios de comunicaci\u00f3n norcoreanos. <\/p>\n<p>\u00abLos comentarios groseros y sin sentido de Rubio solo muestran directamente la visi\u00f3n incorrecta de la nueva administraci\u00f3n estadounidense en la RPDC y nunca ayudar\u00e1 a promover los intereses de los Estados Unidos como lo desee\u00bb, agreg\u00f3 el comunicado, golpeando a la administraci\u00f3n Trump. <\/p>\n<p><strong>Los soldados norcoreanos en Rusia recurren al suicidio en medio de la captura de primeros prisioneros de guerra de Ucrania<\/strong><strong> <\/strong><\/p>\n<div class=\"image-ct inline\">\n<div class=\"m\"><picture><source media=\"(max-width: 767px)\" srcset=\"https:\/\/a57.foxnews.com\/static.foxnews.com\/foxnews.com\/content\/uploads\/2025\/02\/343\/192\/kim-jong-un-and-donald-trump.jpg?ve=1&amp;tl=1, https:\/\/a57.foxnews.com\/static.foxnews.com\/foxnews.com\/content\/uploads\/2025\/02\/686\/384\/kim-jong-un-and-donald-trump.jpg?ve=1&amp;tl=1 2x\" height=\"192\" width=\"343\"><source media=\"(min-width: 768px) and (max-width: 1023px)\" srcset=\"https:\/\/a57.foxnews.com\/static.foxnews.com\/foxnews.com\/content\/uploads\/2025\/02\/672\/378\/kim-jong-un-and-donald-trump.jpg?ve=1&amp;tl=1, https:\/\/a57.foxnews.com\/static.foxnews.com\/foxnews.com\/content\/uploads\/2025\/02\/1344\/756\/kim-jong-un-and-donald-trump.jpg?ve=1&amp;tl=1 2x\" height=\"378\" width=\"672\"><source media=\"(min-width: 1024px) and (max-width: 1279px)\" srcset=\"https:\/\/a57.foxnews.com\/static.foxnews.com\/foxnews.com\/content\/uploads\/2025\/02\/931\/523\/kim-jong-un-and-donald-trump.jpg?ve=1&amp;tl=1, https:\/\/a57.foxnews.com\/static.foxnews.com\/foxnews.com\/content\/uploads\/2025\/02\/1862\/1046\/kim-jong-un-and-donald-trump.jpg?ve=1&amp;tl=1 2x\" height=\"523\" width=\"931\"><source media=\"(min-width: 1280px)\" srcset=\"https:\/\/a57.foxnews.com\/static.foxnews.com\/foxnews.com\/content\/uploads\/2025\/02\/720\/405\/kim-jong-un-and-donald-trump.jpg?ve=1&amp;tl=1, https:\/\/a57.foxnews.com\/static.foxnews.com\/foxnews.com\/content\/uploads\/2025\/02\/1440\/810\/kim-jong-un-and-donald-trump.jpg?ve=1&amp;tl=1 2x\" height=\"405\" width=\"720\"><img loading=\"lazy\" decoding=\"async\" src=\"https:\/\/a57.foxnews.com\/static.foxnews.com\/foxnews.com\/content\/uploads\/2025\/02\/1200\/675\/kim-jong-un-and-donald-trump.jpg?ve=1&amp;tl=1\" alt=\"Kim Jong Un y Donald Trump\" width=\"1200\" height=\"675\"\/><\/source><\/source><\/source><\/source><\/picture><\/div>\n<div class=\"info\">\n<div class=\"caption\">\n<p><span>El presidente Donald Trump, a la derecha, se reuni\u00f3 con Kim Jong Un en Singapur en junio de 2018 durante el primer mandato de Trump como presidente.<\/span> <span>(AP\/Evan Vucci)<\/span><\/p>\n<\/div>\n<\/div>\n<\/div>\n<p>\u00abNunca toleraremos ninguna provocaci\u00f3n de los EE. UU., Que siempre ha sido hostil a la RPDC y tambi\u00e9n seremos hostiles en el futuro, pero tambi\u00e9n tomar\u00e1 una contraaccionidad dif\u00edcil correspondiente a ella como de costumbre\u00bb, concluy\u00f3. <\/p>\n<p>Rubio dijo durante la entrevista que \u00abahora m\u00e1s que nunca, debemos recordar que la pol\u00edtica exterior siempre debe tratarse de promover el inter\u00e9s nacional de los Estados Unidos y hacerlo, en la medida de lo posible, evitando la guerra y el conflicto armado, que hemos visto Dos veces en el siglo pasado ser\u00e1n muy costosos.   <\/p>\n<div class=\"image-ct inline\">\n<div class=\"m\"><picture><source media=\"(max-width: 767px)\" srcset=\"https:\/\/a57.foxnews.com\/static.foxnews.com\/foxnews.com\/content\/uploads\/2025\/02\/343\/192\/marco-rubio-panama.jpg?ve=1&amp;tl=1, https:\/\/a57.foxnews.com\/static.foxnews.com\/foxnews.com\/content\/uploads\/2025\/02\/686\/384\/marco-rubio-panama.jpg?ve=1&amp;tl=1 2x\" height=\"192\" width=\"343\"><source media=\"(min-width: 768px) and (max-width: 1023px)\" srcset=\"https:\/\/a57.foxnews.com\/static.foxnews.com\/foxnews.com\/content\/uploads\/2025\/02\/672\/378\/marco-rubio-panama.jpg?ve=1&amp;tl=1, https:\/\/a57.foxnews.com\/static.foxnews.com\/foxnews.com\/content\/uploads\/2025\/02\/1344\/756\/marco-rubio-panama.jpg?ve=1&amp;tl=1 2x\" height=\"378\" width=\"672\"><source media=\"(min-width: 1024px) and (max-width: 1279px)\" srcset=\"https:\/\/a57.foxnews.com\/static.foxnews.com\/foxnews.com\/content\/uploads\/2025\/02\/931\/523\/marco-rubio-panama.jpg?ve=1&amp;tl=1, https:\/\/a57.foxnews.com\/static.foxnews.com\/foxnews.com\/content\/uploads\/2025\/02\/1862\/1046\/marco-rubio-panama.jpg?ve=1&amp;tl=1 2x\" height=\"523\" width=\"931\"><source media=\"(min-width: 1280px)\" srcset=\"https:\/\/a57.foxnews.com\/static.foxnews.com\/foxnews.com\/content\/uploads\/2025\/02\/720\/405\/marco-rubio-panama.jpg?ve=1&amp;tl=1, https:\/\/a57.foxnews.com\/static.foxnews.com\/foxnews.com\/content\/uploads\/2025\/02\/1440\/810\/marco-rubio-panama.jpg?ve=1&amp;tl=1 2x\" height=\"405\" width=\"720\"><img loading=\"lazy\" decoding=\"async\" src=\"https:\/\/a57.foxnews.com\/static.foxnews.com\/foxnews.com\/content\/uploads\/2025\/02\/1200\/675\/marco-rubio-panama.jpg?ve=1&amp;tl=1\" alt=\"Secretario de Estado Rubio en Panam\u00e1\" width=\"1200\" height=\"675\"\/><\/source><\/source><\/source><\/source><\/picture><\/div>\n<div class=\"info\">\n<div class=\"caption\">\n<p><span>El secretario de Estado Marco Rubio, a la derecha, saluda despu\u00e9s de ser recibido por el ministro de Relaciones Exteriores de Panam\u00e1, Javier Mart\u00ednez-CaCa, a la izquierda, a su llegada al Palacio Presidencial en la ciudad de Panam\u00e1 el domingo 2 de febrero. Panam\u00e1 es el primer viaje de Rubio en el extranjero como Secretario de Estado. .<\/span> <span>(AP\/Mark Schiefelbein)<\/span><\/p>\n<\/div>\n<\/div>\n<\/div>\n<p><strong>Haga clic aqu\u00ed para obtener la aplicaci\u00f3n Fox News<\/strong><strong> <\/strong><\/p>\n<p>\u00abEst\u00e1n celebrando el 80 aniversario este a\u00f1o del final de la Segunda Guerra Mundial. Eso, creo que si miras la escala y el alcance de la destrucci\u00f3n y la p\u00e9rdida de vidas que ocurrieron, ser\u00eda mucho peor si tuvi\u00e9ramos un global Conflicto ahora puede terminar la vida en el planeta \u00ab, dijo. \u00abY suena como una hip\u00e9rbole, pero eso es: ahora tienes varios pa\u00edses que tienen la capacidad de poner fin a la vida en la Tierra. Por lo tanto, necesitamos trabajar realmente duro para evitar conflictos armados tanto como sea posible, pero nunca a expensas de nuestro nacional Inter\u00e9s. <\/p>\n<p> <!----> <\/p>\n<div class=\"article-meta\">\n<div class=\"author-bio\">\n<p>Greg Norman es reportero de Fox News Digital.<\/p>\n<\/div>\n<\/div>\n<\/div>\n\n","protected":false},"excerpt":{"rendered":"<p>Corea del Norte critica la descripci\u00f3n del secretario de Estado de Marco Rubio del pa\u00eds como un \u00abestado deshonesto\u00bb, llam\u00e1ndolo \u00abtonter\u00edas\u00bb mientras promete tomar una \u00abdif\u00edcil contraacci\u00f3n\u00bb a cualquier provocaci\u00f3n de la administraci\u00f3n Trump. Rubio hizo el comentario la semana pasada durante una aparici\u00f3n en \u00abThe Megyn Kelly Show\u00bb, donde estaba hablando sobre los objetivos &hellip;<\/p>\n","protected":false},"author":1,"featured_media":13112,"comment_status":"open","ping_status":"open","sticky":false,"template":"","format":"standard","meta":{"fifu_image_url":"https:\/\/static.foxnews.com\/foxnews.com\/content\/uploads\/2025\/02\/kim-jong-un-and-marco-rubio.png","fifu_image_alt":"","footnotes":""},"categories":[13],"tags":[],"class_list":["post-13110","post","type-post","status-publish","format-standard","has-post-thumbnail","","category-mundo"],"_links":{"self":[{"href":"https:\/\/noticiasveraces.com\/index.php?rest_route=\/wp\/v2\/posts\/13110","targetHints":{"allow":["GET"]}}],"collection":[{"href":"https:\/\/noticiasveraces.com\/index.php?rest_route=\/wp\/v2\/posts"}],"about":[{"href":"https:\/\/noticiasveraces.com\/index.php?rest_route=\/wp\/v2\/types\/post"}],"author":[{"embeddable":true,"href":"https:\/\/noticiasveraces.com\/index.php?rest_route=\/wp\/v2\/users\/1"}],"replies":[{"embeddable":true,"href":"https:\/\/noticiasveraces.com\/index.php?rest_route=%2Fwp%2Fv2%2Fcomments&post=13110"}],"version-history":[{"count":0,"href":"https:\/\/noticiasveraces.com\/index.php?rest_route=\/wp\/v2\/posts\/13110\/revisions"}],"wp:featuredmedia":[{"embeddable":true,"href":"https:\/\/noticiasveraces.com\/index.php?rest_route=\/wp\/v2\/media\/13112"}],"wp:attachment":[{"href":"https:\/\/noticiasveraces.com\/index.php?rest_route=%2Fwp%2Fv2%2Fmedia&parent=13110"}],"wp:term":[{"taxonomy":"category","embeddable":true,"href":"https:\/\/noticiasveraces.com\/index.php?rest_route=%2Fwp%2Fv2%2Fcategories&post=13110"},{"taxonomy":"post_tag","embeddable":true,"href":"https:\/\/noticiasveraces.com\/index.php?rest_route=%2Fwp%2Fv2%2Ftags&post=13110"}],"curies":[{"name":"wp","href":"https:\/\/api.w.org\/{rel}","templated":true}]}}