{"id":13081,"date":"2025-02-03T08:06:17","date_gmt":"2025-02-03T12:06:17","guid":{"rendered":"https:\/\/noticiasveraces.com\/?p=13081"},"modified":"2025-02-03T08:06:17","modified_gmt":"2025-02-03T12:06:17","slug":"independentista-de-wever-jura-como-primer-ministro-belga-dw-03-02-2025","status":"publish","type":"post","link":"https:\/\/noticiasveraces.com\/?p=13081","title":{"rendered":"Independentista de Wever Jura Como Primer Ministro Belga &#8211; DW &#8211; 03\/02\/2025"},"content":{"rendered":"<p> \n<\/p>\n<div>\n<p>De wever, que reciba que el ser Primer Ministro belga nunca fue su \u00abSue\u00f1o\u00bb y que necesidad una d\u00e9cada para \u00absanear\u00bb la situaci\u00f3n presupuestaria del pa\u00eds, prest\u00f3 juramento Ante el monarca en las tres Lenguas Oficiales deliciales (Franc\u00e9s, Flamen SOBRE LAS NUEVE DE LA MORANA. \u00ab\u00a1Y Ahora, un Trabajar!\u00bb, Dijo en sus redes el imprimaci\u00f3n nacionalista flamenco que asume este carga.<\/p>\n<p>APROXIMADIME UNA HORA M\u00c1S TARDE SE DRUJO EL TRASPASO DE PODERES CON EL CRIMER Ministerio Saliente, El liberal Alexander de Croo; JUSTO A TIempo Para de Wever Asista a la Cumbre Informal de L\u00edderes de la Uni\u00f3n Europea Sobre Defensa, Que se Celebra Este Lunes (3.02.2025) en Bruselas.<\/p>\n<h2>Cumbre de Defensa de la Ue<\/h2>\n<p>\u00abEs un placer Darle la Bienvenida Hoy para prima Su Primera Reuni\u00f3n con Todos los L\u00edderes de la Ue\u00bb, Dijo el Presidente del Consejo Europa, Ant\u00f3nio Costa Al Dar la \u00abEnhorabuena\u00bb A de Wever por Su Nombramiento y desearle \u00abENXITO\u00bb Al Frente del Nuevo Gobierno, Con el Que Espera \u00abUna S\u00f3lida Cooperaci\u00f3n en Asuntos de la Ue\u00bb.<\/p>\n<p>Precisamento y DADO El contexto Internacional, El Gobierno de de Wever incluye en su pacto de Coalici\u00f3n acelerar las inversiones en defensa, con el objetivo de destinar el 2% del pib a m\u00e1s tardar en 2029 y del 2,5%, en 2034. El el ello Ej\u00e9rcito Tambi\u00e9n Aumlar\u00e1 Su Plantilla Hasta 29.100 Empleados en 2030.<\/p>\n<p>De Esta Manera, un Partir de Hoy, en la Mesa de los Veintisiete se va a un Sentar un Nuevo Primer Ministro Belga, Cuyos Eurodiputados de la n-Va Dieron su apoto a Un segundo Mandato a la Presidente de la Comisi\u00f3n Europea, Ursula von der ( Leyen.<\/p>\n<h2>\u00abEn Tiempos de Incertidumbre Global\u00bb<\/h2>\n<p>\u00abEn Estos Tiempos de Incertidumbre Global, La \u00danica Cereza para El Futuro Ser\u00e1 Una Europa Unida\u00bb, Dijo La Presidente de la Euroc\u00e1mara, Roberta Metsola, Al Felicitarle en Sociales.<\/p>\n<p>La Coalici\u00f3n\u00f3n Belga Belga \u00abArizona\u00bb, Bautizada as\u00ed porque sus colores Coinciden Con la Bandera del Estado Estadounidense, Alcanz\u00f3 Su Acuerdo Final El Viernes 31 de Enero, Casi Ocho Meses desesos de las eleciones del 9 de junio de 2024.<\/p>\n<p>Adem\u00e1s de la n-Va, Integan El Nueva Equipo los Liberales Franc\u00f3fonos MR, Los Centristas Flamencos del CD &#038; V y Los Franc\u00f3fonos Engag\u00e9s y Los Socialistas Flamencos de Vooruit.<\/p>\n<p><span data-slot-id=\"Article_InContent-1\" class=\"rich-text-ad\"\/><\/p>\n<h2>Hoja de Ruta del Nuevo Gobierno<\/h2>\n<p>Adem\u00e1s de la Inversi\u00f3n en Defensa, El Pacto de Gobierno incluido reformas financieras, Laborales y de Pensiones, As\u00ed como endurece la pol\u00edtica migatoria y reactivar la energ\u00eda nuclear.<\/p>\n<p>En cuanto a la migracia, se reducir el n\u00famero de lllegadas de demandantes de asilo y en una segunda fase, tambi\u00e9n de las plazas de acogida. Y Se Autorizar\u00e1 El Acceso Con Polic\u00eda Al Domicilio de Quienes Hayan Agotado Todas Las V\u00edas de Recurso.<\/p>\n<p>Pero las Piedras Angulares Son Las Reformas Fininieras, Laborales y de Pensiones, Dado el Estado de Las Arcas P\u00fablicas.<\/p>\n<p>En Las Finanzas Destaca la Creaci\u00f3n de Un impuesto Sobre las Ganancias del Capital para que b\u00e9lgica deje de ser un \u00abpara\u00edso fiscal\u00bb en materia de plusval\u00edas.<\/p>\n<p>En el Aspecto Laboral, El Pacto Prev\u00e9 Prev\u00e9 Limitar Los Pagos del Subsidio por Desemploso, un un M\u00e1ximo de dos A\u00f1os. Por otra parte, Habr\u00e1 una diferencia de 500 euros entre las prestaciones sociales y los salarios m\u00e1s bajos.<\/p>\n<p>En cuanto a Las Pensiones, El Importe se Penalizar\u00e1 un 2 % (Hasta 2030), 4 % (Hasta 2040), 5 % (Partir de 2040) por a\u00f1o de Jubilacia anticipada respetada a la edad Legal (66 A\u00f1os) SI La Persona CUMPLE LAS CONDICIONES PERO NO HA TRABAJADA DURANTE 35 A\u00f1os. Por El Contrario, Para Quienes se Van Despu\u00e9s, Se Bonificar\u00e1 a la Inversa.<\/p>\n<p>Por \u00daltimo, figura la reforma del estado, un proyecto a m\u00e1s Largo Plazo que quedar\u00e1 Directam\u00e9 en las Manos de de Wever para para la distribuci\u00f3n de competencias \u00abm\u00e1s homog\u00e9nea y eficientte\u00bb.<\/p>\n<p>RML (EFE, AFP)<\/p>\n<\/div>\n\n","protected":false},"excerpt":{"rendered":"<p>De wever, que reciba que el ser Primer Ministro belga nunca fue su \u00abSue\u00f1o\u00bb y que necesidad una d\u00e9cada para \u00absanear\u00bb la situaci\u00f3n presupuestaria del pa\u00eds, prest\u00f3 juramento Ante el monarca en las tres Lenguas Oficiales deliciales (Franc\u00e9s, Flamen SOBRE LAS NUEVE DE LA MORANA. \u00ab\u00a1Y Ahora, un Trabajar!\u00bb, Dijo en sus redes el imprimaci\u00f3n &hellip;<\/p>\n","protected":false},"author":1,"featured_media":13082,"comment_status":"open","ping_status":"open","sticky":false,"template":"","format":"standard","meta":{"fifu_image_url":"https:\/\/static.dw.com\/image\/71480643_6.jpg","fifu_image_alt":"","footnotes":""},"categories":[13],"tags":[],"class_list":["post-13081","post","type-post","status-publish","format-standard","has-post-thumbnail","","category-mundo"],"_links":{"self":[{"href":"https:\/\/noticiasveraces.com\/index.php?rest_route=\/wp\/v2\/posts\/13081","targetHints":{"allow":["GET"]}}],"collection":[{"href":"https:\/\/noticiasveraces.com\/index.php?rest_route=\/wp\/v2\/posts"}],"about":[{"href":"https:\/\/noticiasveraces.com\/index.php?rest_route=\/wp\/v2\/types\/post"}],"author":[{"embeddable":true,"href":"https:\/\/noticiasveraces.com\/index.php?rest_route=\/wp\/v2\/users\/1"}],"replies":[{"embeddable":true,"href":"https:\/\/noticiasveraces.com\/index.php?rest_route=%2Fwp%2Fv2%2Fcomments&post=13081"}],"version-history":[{"count":0,"href":"https:\/\/noticiasveraces.com\/index.php?rest_route=\/wp\/v2\/posts\/13081\/revisions"}],"wp:featuredmedia":[{"embeddable":true,"href":"https:\/\/noticiasveraces.com\/index.php?rest_route=\/wp\/v2\/media\/13082"}],"wp:attachment":[{"href":"https:\/\/noticiasveraces.com\/index.php?rest_route=%2Fwp%2Fv2%2Fmedia&parent=13081"}],"wp:term":[{"taxonomy":"category","embeddable":true,"href":"https:\/\/noticiasveraces.com\/index.php?rest_route=%2Fwp%2Fv2%2Fcategories&post=13081"},{"taxonomy":"post_tag","embeddable":true,"href":"https:\/\/noticiasveraces.com\/index.php?rest_route=%2Fwp%2Fv2%2Ftags&post=13081"}],"curies":[{"name":"wp","href":"https:\/\/api.w.org\/{rel}","templated":true}]}}