{"id":13068,"date":"2025-02-03T03:55:22","date_gmt":"2025-02-03T07:55:22","guid":{"rendered":"https:\/\/noticiasveraces.com\/?p=13068"},"modified":"2025-02-03T03:55:22","modified_gmt":"2025-02-03T07:55:22","slug":"entre-cabeza-fria-y-confrontacion-las-respuestas-de-latinoamerica-a-las-deportaciones-de-trump","status":"publish","type":"post","link":"https:\/\/noticiasveraces.com\/?p=13068","title":{"rendered":"Entre Cabeza Fr\u00eda y Confrontaci\u00f3n: Las respuestas de Latinoam\u00e9rica a Las Deportaciones de Trump"},"content":{"rendered":"<p> \n<br \/><img decoding=\"async\" src=\"https:\/\/s.france24.com\/media\/display\/1882e41a-e0da-11ef-80e3-005056a90284\/w:1024\/p:16x9\/000_36W39VJ.jpg\" \/><br \/>ESTE Episodio Analizamos el Abordaje de Los Presidentes de M\u00e9xico, Brasil y Colombia A Las Polyticas Migratorias y Arancelarias Que Impulsa Donald Trump, Presidente de EE. Uu. Adem\u00e1s, Profundizamos Sobre las consecias que tuvo el t-min para los pa\u00edses del norte del continente y repasamos por el magnate Puede Dinamitarlo.<br \/>\n<br \/>\n","protected":false},"excerpt":{"rendered":"<p>ESTE Episodio Analizamos el Abordaje de Los Presidentes de M\u00e9xico, Brasil y Colombia A Las Polyticas Migratorias y Arancelarias Que Impulsa Donald Trump, Presidente de EE. Uu. Adem\u00e1s, Profundizamos Sobre las consecias que tuvo el t-min para los pa\u00edses del norte del continente y repasamos por el magnate Puede Dinamitarlo.<\/p>\n","protected":false},"author":1,"featured_media":13070,"comment_status":"open","ping_status":"open","sticky":false,"template":"","format":"standard","meta":{"fifu_image_url":"https:\/\/s.france24.com\/media\/display\/1882e41a-e0da-11ef-80e3-005056a90284\/w:1024\/p:16x9\/000_36W39VJ.jpg","fifu_image_alt":"","footnotes":""},"categories":[13],"tags":[],"class_list":["post-13068","post","type-post","status-publish","format-standard","has-post-thumbnail","","category-mundo"],"_links":{"self":[{"href":"https:\/\/noticiasveraces.com\/index.php?rest_route=\/wp\/v2\/posts\/13068","targetHints":{"allow":["GET"]}}],"collection":[{"href":"https:\/\/noticiasveraces.com\/index.php?rest_route=\/wp\/v2\/posts"}],"about":[{"href":"https:\/\/noticiasveraces.com\/index.php?rest_route=\/wp\/v2\/types\/post"}],"author":[{"embeddable":true,"href":"https:\/\/noticiasveraces.com\/index.php?rest_route=\/wp\/v2\/users\/1"}],"replies":[{"embeddable":true,"href":"https:\/\/noticiasveraces.com\/index.php?rest_route=%2Fwp%2Fv2%2Fcomments&post=13068"}],"version-history":[{"count":0,"href":"https:\/\/noticiasveraces.com\/index.php?rest_route=\/wp\/v2\/posts\/13068\/revisions"}],"wp:featuredmedia":[{"embeddable":true,"href":"https:\/\/noticiasveraces.com\/index.php?rest_route=\/wp\/v2\/media\/13070"}],"wp:attachment":[{"href":"https:\/\/noticiasveraces.com\/index.php?rest_route=%2Fwp%2Fv2%2Fmedia&parent=13068"}],"wp:term":[{"taxonomy":"category","embeddable":true,"href":"https:\/\/noticiasveraces.com\/index.php?rest_route=%2Fwp%2Fv2%2Fcategories&post=13068"},{"taxonomy":"post_tag","embeddable":true,"href":"https:\/\/noticiasveraces.com\/index.php?rest_route=%2Fwp%2Fv2%2Ftags&post=13068"}],"curies":[{"name":"wp","href":"https:\/\/api.w.org\/{rel}","templated":true}]}}