{"id":13066,"date":"2025-02-03T02:50:12","date_gmt":"2025-02-03T06:50:12","guid":{"rendered":"https:\/\/noticiasveraces.com\/?p=13066"},"modified":"2025-02-03T02:50:12","modified_gmt":"2025-02-03T06:50:12","slug":"pyongyang-critica-a-marco-rubio-por-declaraciones-hostiles-dw-03-02-2025","status":"publish","type":"post","link":"https:\/\/noticiasveraces.com\/?p=13066","title":{"rendered":"Pyongyang Critica A Marco Rubio Por \u00abDeclaraciones Hostiles\u00bb &#8211; DW &#8211; 03\/02\/2025"},"content":{"rendered":"<p> \n<\/p>\n<div>\n<p>Corea del Norte Critic\u00f3 Este Lunes (03.02.2025) Al Secretario de Estado Estadounidense, Marco Rubio, Por Calificar al Pa\u00eds Asifico de \u00abEstado Delincuente\u00bb, y Asegur\u00f3 Que no Tolerar\u00e1 nuna \u00abNinguna Provoci\u00f3non\u00bb de Washington.<\/p>\n<p>SE TRATA DE LA PRIMERA CR\u00cdTICA DE PYONGYANG A LA ADMINICI\u00d3N DE NUEVA Del Presidente Donald Trump.<\/p>\n<p>\u00abLas Groseras y Absurdas Declarativas de Rubio Tan S\u00f3lo Muestran Claramete la Vis\u00f3n Incorrecta de la Nueva Administraci\u00f3n \u00ab, A\u00f1ade El Texto.<\/p>\n<p>\u00abNo vamos a tolerar nuna ninguna provocacia de Estados Unidos\u00bb, declar\u00f3 un portavoz del ministerio de relaciones que exteri\u00f1a norcoroano en un comunicado citado por la Agencia de Kcna.<\/p>\n<p>\u00abTomaremos Vigorosas medidas en Respesta, Como siempre\u00bb, A\u00f1adi\u00f3.<\/p>\n<p>En una reciente entrevista, Rubio Calific\u00f3 a Corea del Norte e Ir\u00e1n de \u00abEstados Delincuentes\u00bb de \u00ablos que hay que ocuparse\u00bb.<\/p>\n<h2>Pyongyang: ES \u00abUNA GRAVE Provoci\u00f3n Pol\u00edtica\u00bb.<\/h2>\n<p>El Portavoz Norcoreano Critic\u00f3 Las \u00abDeclaraciones Hostiles Tendientes Afectar la Imagen de Un Estado Soberano\u00bb Y A\u00f1adio Que Son \u00abUNA Grave Provocacia Pol\u00edtica\u00bb.<\/p>\n<p>Para el Analista Hong Min, del Instituto de Corea para la la uni\u00f3n Nacional, la Declaraci\u00f3n Norcoreana \u00abInteresentements es una Se\u00f1al Mixte\u00bb.<\/p>\n<p>\u00abHACIA AFUERA CR\u00cdTICA A ESTADOS UNIDOS, PERO SUTILMETE DEFINE LAS EXPERIONES DE COREA DEL NORTE. ESENCIALMENTE BRINDA UNA GU\u00cdA DE C\u00d3MO COREA DEL NORTE ESPERA QUE EL GOBIERNO DE TRUMP ABORDE LA Diplomacia Hacia El Futuro\u00bb, Declar\u00f3 Hong. Afp.<\/p>\n<p>Corea del Norte Ha Sido Objeto de Fuertes Sanciones Internacionales por Su Programa de Armas Nucleares, Un Punto de Discordia con Estados Unidos desde Hace A\u00f1os.<\/p>\n<p>LA SEMANA PASADA, COREA DEL NORTE PROMETIO QUE SU Programa Nuclear Continuar\u00e1 \u00abIndefinidamento\u00bb.<\/p>\n<p>En su Primer Gobierno, Trump Sostuvo una Serie de Reuniones Con El L\u00edder Norcoreano, Kim Jong Un, y Enero DiJo que lo contactar\u00eda de Nuevo.<\/p>\n<p>JC (AFP, AP, Efe)<\/p>\n<\/div>\n\n","protected":false},"excerpt":{"rendered":"<p>Corea del Norte Critic\u00f3 Este Lunes (03.02.2025) Al Secretario de Estado Estadounidense, Marco Rubio, Por Calificar al Pa\u00eds Asifico de \u00abEstado Delincuente\u00bb, y Asegur\u00f3 Que no Tolerar\u00e1 nuna \u00abNinguna Provoci\u00f3non\u00bb de Washington. SE TRATA DE LA PRIMERA CR\u00cdTICA DE PYONGYANG A LA ADMINICI\u00d3N DE NUEVA Del Presidente Donald Trump. \u00abLas Groseras y Absurdas Declarativas de &hellip;<\/p>\n","protected":false},"author":1,"featured_media":13067,"comment_status":"open","ping_status":"open","sticky":false,"template":"","format":"standard","meta":{"fifu_image_url":"https:\/\/static.dw.com\/image\/66567443_6.jpg","fifu_image_alt":"","footnotes":""},"categories":[13],"tags":[],"class_list":["post-13066","post","type-post","status-publish","format-standard","has-post-thumbnail","","category-mundo"],"_links":{"self":[{"href":"https:\/\/noticiasveraces.com\/index.php?rest_route=\/wp\/v2\/posts\/13066","targetHints":{"allow":["GET"]}}],"collection":[{"href":"https:\/\/noticiasveraces.com\/index.php?rest_route=\/wp\/v2\/posts"}],"about":[{"href":"https:\/\/noticiasveraces.com\/index.php?rest_route=\/wp\/v2\/types\/post"}],"author":[{"embeddable":true,"href":"https:\/\/noticiasveraces.com\/index.php?rest_route=\/wp\/v2\/users\/1"}],"replies":[{"embeddable":true,"href":"https:\/\/noticiasveraces.com\/index.php?rest_route=%2Fwp%2Fv2%2Fcomments&post=13066"}],"version-history":[{"count":0,"href":"https:\/\/noticiasveraces.com\/index.php?rest_route=\/wp\/v2\/posts\/13066\/revisions"}],"wp:featuredmedia":[{"embeddable":true,"href":"https:\/\/noticiasveraces.com\/index.php?rest_route=\/wp\/v2\/media\/13067"}],"wp:attachment":[{"href":"https:\/\/noticiasveraces.com\/index.php?rest_route=%2Fwp%2Fv2%2Fmedia&parent=13066"}],"wp:term":[{"taxonomy":"category","embeddable":true,"href":"https:\/\/noticiasveraces.com\/index.php?rest_route=%2Fwp%2Fv2%2Fcategories&post=13066"},{"taxonomy":"post_tag","embeddable":true,"href":"https:\/\/noticiasveraces.com\/index.php?rest_route=%2Fwp%2Fv2%2Ftags&post=13066"}],"curies":[{"name":"wp","href":"https:\/\/api.w.org\/{rel}","templated":true}]}}