{"id":13025,"date":"2025-02-02T20:35:11","date_gmt":"2025-02-03T00:35:11","guid":{"rendered":"https:\/\/noticiasveraces.com\/?p=13025"},"modified":"2025-02-02T20:35:11","modified_gmt":"2025-02-03T00:35:11","slug":"el-triste-mensaje-delogio-de-futbol-en-el-que-jugaba-el-menor-de-16-anos-asesinado-en-cordoba-le-arrebataron-la-vida","status":"publish","type":"post","link":"https:\/\/noticiasveraces.com\/?p=13025","title":{"rendered":"El Triste Mensaje delogio de f\u00fatbol en el que Jugaba El Menor de 16 A\u00f1os Asesinado en C\u00f3rdoba: \u00abLe Arrebataron la Vida &#8230;\u00bb"},"content":{"rendered":"<p> \n<\/p>\n<div id=\"intext\">\n<p>Alejandro Lozano, <b>menor de 16 a\u00f1os<\/b> cola <b>Muri\u00f3 Este Pasado S\u00e1bado Tras Ser Apu\u00f1alado<\/b> en una pelea en <b>C\u00f3rdoba<\/b>era Tambi\u00e9n Jugador del Equipo de F\u00fatbol<b> CD Azahara del Guadalquivir<\/b>El Cual ha confirmado la triste noticia en sus redes sociales y ha escrito un mensaje de dolor en su perfil de Instagram.<\/p>\n<blockquote class=\"blockquote \">\n<p class=\"blockquote__quote\">\u00abLe Arrebataron la Vida Cuando lo \u00danico que Hac\u00eda Era Disfrutars Cos Sus Amigos &#8230;\u00bb<\/p>\n<\/blockquote>\n<p>\u00abNos Levantamos Con Las Peores de Las Noticias, un Jugador Nuestro Alex Ortega<b> Le Arrebataron la Vida<\/b> aturdir <b>Cuando lo \u00danico que Hac\u00eda Era Disfrutars Cos Sus Amigos, Qu\u00e9 Triste es Esta Vida<\/b> y Aqu\u00ed Nos Dejas a Todos desestrozados, desde chiquito nos tiene ense\u00f1ado que la vida era Lucha y Lucha que T\u00fa Mismo siempre tiene Llevado por Bandera, Te Llevaremos siempre en Nuestros Corazones y este, tu club, SiMpre, Siemp. Padres, OS Acompa\u00f1amos en EsteR Dolor que Llev\u00e1is en Vuerestras Entrinas y Aqu\u00ed Estaremos para lo que Necesit\u00e9is. Alex, Cari\u00f1o, Vuela Alto y Disfruta All\u00e1 Donde Est\u00e9s, Te Queremos Chiquit\u00edn \u00ab.<\/p>\n<p>Varios Clubes de la Provincia y de la Comunidad Andaluza Han Querido Sumarse A Las Condolencias Por El Tr\u00e1fico Desenlace, incluido Fundaci\u00f3n C\u00f3rdoba cf: Miras de LA Categor\u00eda Infantil de la Semilla Blanquiverde.<\/p>\n<h2 class=\"title-h2\">\u00bfComo sucedi\u00f3?<\/h2>\n<p>El suceso Ocurri\u00f3 Sobre las 22:30 Horas de Este Pasado S\u00e1bado, Cuando Varias alertaron al 112 SOBRE UN Gravemento JOUNTO HERIDO EN LA CALLE JUDERIA <b>botel\u00f3n<\/b>. Al Llegar, Los Agentes de la Polic\u00eda Nacional y Los Sanitarios Encontraron al Menor Con una <b>tumba Herida de Arma Blanca en el Abdome<\/b>norte. De Inmediato, Fue Trasladado de Urgencia al Hospital Universitario Reina Sof\u00eda, Donde los Servicios M\u00e9dicos no Pudieron Hacer Nada y Falleci\u00f3 Poco Despu\u00e9s.<\/p>\n<p>Adem\u00e1s, el \u00faito juvenil del azahara del guadalquivir no disput\u00f3 el partido que ten\u00eda previsto para este domingo a las 12:00 y es que, al parecer, los componeros del fallecido estuvieron en el hospital Esperando noticias y una vez conocieron fallecimiento no se vieran -vierando -hospando Esperando noticias y una vez conocieron fallecimiento no se vieran -vierano -hospando Esperando noticias y una vez conocieron caen ca\u00edda Con Fuerzas para Saltar Al C\u00e9sped Apenas Unas Horas Despu\u00e9s.<\/p>\n<p>En Estos Momentos la Polic\u00eda Todav\u00eda no ha detenido al Autor del Apu\u00f1alamiento, y Tampoco Ha Encontrado El Arma del Crimen.<\/p>\n<p><i>S\u00edguenos en nuestro canal de whatsapp y no te Pierdas la \u00daLtima Hora y Toda la actualidad de antena3noticias.com<\/i><\/p>\n<div class=\"recirculation-video\" data-mod=\"a3mod_recirculation_video\">\n<div class=\"recirculation-video-wrapper\">\n<div>\n<div class=\"video-wrapper\">\n  <picture class=\"video-main-picture\"><source media=\"(min-width: 481px)\" srcset=\"https:\/\/fotografias.antena3.com\/clipping\/cmsimages02\/2025\/02\/02\/B252B1DE-C175-41D0-9311-3F537026E809\/antonio-rudiger-marcha-lesionado-espanyol-real-madrid_94.jpg?crop=3901,2194,x0,y0&amp;width=800&amp;height=450&amp;optimize=medium&amp;format=webply\" width=\"800\" height=\"450\"><source media=\"(min-width: 391px) and (max-width: 480px)\" srcset=\"https:\/\/fotografias.antena3.com\/clipping\/cmsimages02\/2025\/02\/02\/B252B1DE-C175-41D0-9311-3F537026E809\/antonio-rudiger-marcha-lesionado-espanyol-real-madrid_70.jpg?crop=3901,2194,x0,y0&amp;width=480&amp;height=270&amp;optimize=high&amp;format=webply\" width=\"480\" height=\"270\"><source media=\"(min-width: 321px) and (max-width: 390px)\" srcset=\"https:\/\/fotografias.antena3.com\/clipping\/cmsimages02\/2025\/02\/02\/B252B1DE-C175-41D0-9311-3F537026E809\/antonio-rudiger-marcha-lesionado-espanyol-real-madrid_92.jpg?crop=3901,2191,x0,y0&amp;width=390&amp;height=219&amp;optimize=high&amp;format=webply\" width=\"390\" height=\"219\"><source media=\"(max-width: 320px)\" srcset=\"https:\/\/fotografias.antena3.com\/clipping\/cmsimages02\/2025\/02\/02\/B252B1DE-C175-41D0-9311-3F537026E809\/antonio-rudiger-marcha-lesionado-espanyol-real-madrid_52.jpg?crop=3901,2194,x0,y0&amp;width=320&amp;height=180&amp;optimize=high&amp;format=webply\" width=\"320\" height=\"180\"><img decoding=\"async\" title=\"Antonio R\u00fcdiger SE Marcha Lesi\u00f3n en el Espanyol-Real Madrid\" alt=\"Antonio R\u00fcdiger SE Marcha Lesi\u00f3n en el Espanyol-Real Madrid\" width=\"480\" height=\"270\" src=\"https:\/\/fotografias.antena3.com\/clipping\/cmsimages02\/2025\/02\/02\/B252B1DE-C175-41D0-9311-3F537026E809\/antonio-rudiger-marcha-lesionado-espanyol-real-madrid_70.jpg?crop=3901,2194,x0,y0&amp;width=480&amp;height=270&amp;optimize=high&amp;format=webply\" loading=\"lazy\" class=\"lazy\"\/><br \/>\n  <\/source><\/source><\/source><\/source><\/picture>\n <\/div>\n<\/div><\/div>\n<\/p><\/div>\n<\/div>\n\n","protected":false},"excerpt":{"rendered":"<p>Alejandro Lozano, menor de 16 a\u00f1os cola Muri\u00f3 Este Pasado S\u00e1bado Tras Ser Apu\u00f1alado en una pelea en C\u00f3rdobaera Tambi\u00e9n Jugador del Equipo de F\u00fatbol CD Azahara del GuadalquivirEl Cual ha confirmado la triste noticia en sus redes sociales y ha escrito un mensaje de dolor en su perfil de Instagram. \u00abLe Arrebataron la Vida &hellip;<\/p>\n","protected":false},"author":1,"featured_media":13027,"comment_status":"open","ping_status":"open","sticky":false,"template":"","format":"standard","meta":{"fifu_image_url":"https:\/\/fotografias.antena3.com\/clipping\/cmsimages01\/2025\/02\/02\/6A770C34-894B-4F5E-9422-E4B78309F55C\/publicacion-azahara-guadalquivir_69.jpg?crop=409,230,x0,y28&width=1280&height=720&optimize=low&format=jpg","fifu_image_alt":"","footnotes":""},"categories":[6],"tags":[],"class_list":["post-13025","post","type-post","status-publish","format-standard","has-post-thumbnail","","category-deportes"],"_links":{"self":[{"href":"https:\/\/noticiasveraces.com\/index.php?rest_route=\/wp\/v2\/posts\/13025","targetHints":{"allow":["GET"]}}],"collection":[{"href":"https:\/\/noticiasveraces.com\/index.php?rest_route=\/wp\/v2\/posts"}],"about":[{"href":"https:\/\/noticiasveraces.com\/index.php?rest_route=\/wp\/v2\/types\/post"}],"author":[{"embeddable":true,"href":"https:\/\/noticiasveraces.com\/index.php?rest_route=\/wp\/v2\/users\/1"}],"replies":[{"embeddable":true,"href":"https:\/\/noticiasveraces.com\/index.php?rest_route=%2Fwp%2Fv2%2Fcomments&post=13025"}],"version-history":[{"count":0,"href":"https:\/\/noticiasveraces.com\/index.php?rest_route=\/wp\/v2\/posts\/13025\/revisions"}],"wp:featuredmedia":[{"embeddable":true,"href":"https:\/\/noticiasveraces.com\/index.php?rest_route=\/wp\/v2\/media\/13027"}],"wp:attachment":[{"href":"https:\/\/noticiasveraces.com\/index.php?rest_route=%2Fwp%2Fv2%2Fmedia&parent=13025"}],"wp:term":[{"taxonomy":"category","embeddable":true,"href":"https:\/\/noticiasveraces.com\/index.php?rest_route=%2Fwp%2Fv2%2Fcategories&post=13025"},{"taxonomy":"post_tag","embeddable":true,"href":"https:\/\/noticiasveraces.com\/index.php?rest_route=%2Fwp%2Fv2%2Ftags&post=13025"}],"curies":[{"name":"wp","href":"https:\/\/api.w.org\/{rel}","templated":true}]}}