{"id":12991,"date":"2025-02-02T14:55:55","date_gmt":"2025-02-02T18:55:55","guid":{"rendered":"https:\/\/noticiasveraces.com\/?p=12991"},"modified":"2025-02-02T14:55:55","modified_gmt":"2025-02-02T18:55:55","slug":"160-000-personas-protestan-en-berlin-contra-la-ultraderecha-dw-02-02-2025","status":"publish","type":"post","link":"https:\/\/noticiasveraces.com\/?p=12991","title":{"rendered":"160.000 Personas Protestan en Berl\u00edn Contra La Ultraderecha &#8211; DW &#8211; 02\/02\/2025"},"content":{"rendered":"<p> \n<\/p>\n<div>\n<p>Al Menos 160.000 Personas SE Congregaron Este Domingo (02.02.2025) en Berl\u00edn para Manifiesto Contra la Ultraderecha y Exigir a Los Partidos Pol\u00cdticos un distanciamiento Claro de alternativa para alemania (afd). La protesta se produce desprendidos de que el bloque conservador cdu\/csu sacara adelante est\u00e1 semana, con el apoyo de los ultraderechistas, una propuesta de resoluci\u00f3n para frenar la inmigraci\u00f3ni irregular.<\/p>\n<p>La polic\u00eda estima que unas 160.000 personas llegaron a la convocatoria, aunque los organizadores -que esperaban unas 20.000 personas- elevan esa cifra hasta 250.000 berlineses congregados en el coraz\u00f3n de la capital alemana, tras una marcha que llev\u00f3 a la multitud hasta la sede de la Uni\u00f3n Cristianodem\u00f3crata (CDU). ESTA MOVILIZ\u00d3N SE PRODUCTA UN TRES SEMANAS DE LAS ELECCIONES Legislativas en Alemania.<\/p>\n<p>El publicista Michel Friedman, Que Hace Unos D\u00edas se sali\u00f3 de la Cdu en Se\u00f1al de Protesta, Record\u00f3 en la Aperta del Acto el Art\u00cdculo 1 de la Ley Fundamental Alemana Que Afirma Que \u00abLa Dignidad del ser humano es inviolable\u00bb, Al Tiempo que se\u00f1al\u00f3 Que \u00abEl Odio no Est\u00e1 Amparado por la Libertad de expresi\u00f3n\u00bb Y Que \u00abEl Odio es Violencia\u00bb. Agreg\u00f3 que \u00abla Cdu es un Partido Dem\u00f3tico, Pero no El Partido del Odio\u00bb.<\/p>\n<figure class=\"placeholder-image master_landscape big\"><img data-format=\"MASTER_LANDSCAPE\" data-id=\"71487451\" data-url=\"https:\/\/static.dw.com\/image\/71487451_${formatId}.jpg\" data-aspect-ratio=\"16\/9\" alt=\"La Figura de Friedrich Merz, L\u00edder de la Cdu, Estuvo en el Centro de las Cr\u00edtas.\" style=\"padding-bottom: 56.25%; height: 0; max-height: 0;\"\/><figcaption class=\"img-caption\">La Figura de Friedrich Merz, L\u00edder de la Cdu, Estuvo en el Centro de las Cr\u00edtas.<small class=\"copyright\">Imagen: Omer Messinger\/Getty Images<\/small><\/figcaption><\/figure>\n<h2>\u00abUno de Cada Cinco Vota A AfD\u00bb<\/h2>\n<p>\u00abEste Partido del Odio se ha convertido en un problema para el pa\u00eds\u00bb, dijo friedman en alusi\u00f3n a la afd, y calific\u00f3 de \u00aberror inexcusable\u00bb que la cdu\/csu votara junto con la formaci\u00f3n ultraderechista un favor de una pol\u00edtica migratoria m\u00e1s . \u00abNo Cambiemos nuestro Enfocque y no nos lo pongamos Demasiado f\u00e1cil cuando nos abalancemos Sobre la cdu en Lugar de Se\u00f1alar que una de Cada Cinco Personas en el Pa\u00eds Vota a la Afd\u00bb, A\u00f1adi\u00f3, citado por el DiArio <em>Berliner Morgenpost<\/em>.<\/p>\n<p><span data-slot-id=\"Article_InContent-1\" class=\"rich-text-ad\"\/><\/p>\n<p>Tambi\u00e9n Esta Jornada Hubo Manifestaciones Multitudinaria en oTras Ciudades de Alemania, Como Potsdam y Bonn. La Polic\u00eda Espera de Nuevo Grandes Protestas El Lunes, Coincidie -Con Un Congreso de la Cdu en El Recinto Ferial de Berl\u00edn. De Momento Ya Hay Programadas Ocho Concentazions en Las Inmediacionas, Aunque Su N\u00famica Podr\u00eda Auminar.<\/p>\n<p>Adem\u00e1s de la Aprobaci\u00f3n El Mi\u00e9rcoles de la Propuesta de Resoluci\u00f3 no Vinculante para una \u00abProhibici\u00f3nica de facto\u00bb a la entrada de migrantes sin documentos v\u00e1lidos cons apoyos del bloque conservador, los liberales libales del fdp, el el elbupo parlamamentos de la cdu\/ cdu de la cdu de la cdu de la cdu de la cdu de la cdu\/ afraS de la afeS afins afe la afds afe la afds afeS afe la afds afe la afds afe la afds afe la afds afe la afds afe la afds afe lafu\/ afe lafu\/ afraS de la afe la afina de la fdp, el el elbupo parlamamento de la cdu de la cdu\/ la afina de la afina de la afina de la fdp, el urrupo parlamamentos de la cdu\/ cdu\/ afraS. CSU Present\u00f3 El Viernes A Votaci\u00f3n Un Proyecto de Ley en Materia Migatoria que Finalmento no OBVUNO la Mayor\u00eda en el Bundestag a Pesar del Veto Decisivo de la Afd.<\/p>\n<p>DZC (EFE, AFP, RBB24.de)<\/p>\n<\/div>\n\n","protected":false},"excerpt":{"rendered":"<p>Al Menos 160.000 Personas SE Congregaron Este Domingo (02.02.2025) en Berl\u00edn para Manifiesto Contra la Ultraderecha y Exigir a Los Partidos Pol\u00cdticos un distanciamiento Claro de alternativa para alemania (afd). La protesta se produce desprendidos de que el bloque conservador cdu\/csu sacara adelante est\u00e1 semana, con el apoyo de los ultraderechistas, una propuesta de resoluci\u00f3n &hellip;<\/p>\n","protected":false},"author":1,"featured_media":12992,"comment_status":"open","ping_status":"open","sticky":false,"template":"","format":"standard","meta":{"fifu_image_url":"https:\/\/static.dw.com\/image\/71487524_6.jpg","fifu_image_alt":"","footnotes":""},"categories":[13],"tags":[],"class_list":["post-12991","post","type-post","status-publish","format-standard","has-post-thumbnail","","category-mundo"],"_links":{"self":[{"href":"https:\/\/noticiasveraces.com\/index.php?rest_route=\/wp\/v2\/posts\/12991","targetHints":{"allow":["GET"]}}],"collection":[{"href":"https:\/\/noticiasveraces.com\/index.php?rest_route=\/wp\/v2\/posts"}],"about":[{"href":"https:\/\/noticiasveraces.com\/index.php?rest_route=\/wp\/v2\/types\/post"}],"author":[{"embeddable":true,"href":"https:\/\/noticiasveraces.com\/index.php?rest_route=\/wp\/v2\/users\/1"}],"replies":[{"embeddable":true,"href":"https:\/\/noticiasveraces.com\/index.php?rest_route=%2Fwp%2Fv2%2Fcomments&post=12991"}],"version-history":[{"count":0,"href":"https:\/\/noticiasveraces.com\/index.php?rest_route=\/wp\/v2\/posts\/12991\/revisions"}],"wp:featuredmedia":[{"embeddable":true,"href":"https:\/\/noticiasveraces.com\/index.php?rest_route=\/wp\/v2\/media\/12992"}],"wp:attachment":[{"href":"https:\/\/noticiasveraces.com\/index.php?rest_route=%2Fwp%2Fv2%2Fmedia&parent=12991"}],"wp:term":[{"taxonomy":"category","embeddable":true,"href":"https:\/\/noticiasveraces.com\/index.php?rest_route=%2Fwp%2Fv2%2Fcategories&post=12991"},{"taxonomy":"post_tag","embeddable":true,"href":"https:\/\/noticiasveraces.com\/index.php?rest_route=%2Fwp%2Fv2%2Ftags&post=12991"}],"curies":[{"name":"wp","href":"https:\/\/api.w.org\/{rel}","templated":true}]}}