{"id":12976,"date":"2025-02-02T11:45:45","date_gmt":"2025-02-02T15:45:45","guid":{"rendered":"https:\/\/noticiasveraces.com\/?p=12976"},"modified":"2025-02-02T11:45:45","modified_gmt":"2025-02-02T15:45:45","slug":"el-ex-primer-ministro-de-la-carcel-imran-khan-atrae-paralelos-al-presidente-trump-en-lucha-por-la-justicia","status":"publish","type":"post","link":"https:\/\/noticiasveraces.com\/?p=12976","title":{"rendered":"El ex primer ministro de la c\u00e1rcel, Imran Khan, atrae paralelos al presidente Trump en lucha por la justicia"},"content":{"rendered":"<p> \n<\/p>\n<div>\n<div class=\"article-gating gated-overlay\">\n<div class=\"article-gating-wrapper\">\n<p>\u00danase a Fox News para acceder a este contenido<\/p>\n<p>Adem\u00e1s de acceso especial a art\u00edculos seleccionados y otro contenido premium con su cuenta, de forma gratuita.<\/p>\n<div class=\"article-gating-legal tablet-desktop\">Al ingresar su correo electr\u00f3nico y presionar continuar, usted acepta los t\u00e9rminos de uso y la pol\u00edtica de privacidad de Fox News, que incluye nuestro aviso de incentivo financiero.\n    <\/div>\n<p><span>Por favor, introduce una direcci\u00f3n de correo electr\u00f3nico v\u00e1lida.<\/span><\/p>\n<footer class=\"article-gating-footer\">\u00bfTiene problemas? Haga clic aqu\u00ed.<\/footer>\n<\/div>\n<\/div>\n<p class=\"speakable\"><strong>Primero en Fox: <\/strong>El ex primer ministro de Pakist\u00e1n, Imran Khan, quien fue encarcelado el mes pasado por cargos de corrupci\u00f3n, est\u00e1 siendo comparado por los partidarios con el presidente Donald Trump, dado la forma en que dicen que las autoridades en Pakist\u00e1n lo han perseguido. <\/p>\n<p class=\"speakable\">Muchos han vinculado su situaci\u00f3n con la de Trump y culp\u00f3 al gobierno por encarcelar al popular ex primer ministro. La dif\u00edcil situaci\u00f3n de Khan tambi\u00e9n ha sido destacada por el antiguo aliado de Trump y el asesor Richard Grenell, quien recurri\u00f3 a las redes sociales a fines del a\u00f1o pasado cuando tuite\u00f3: \u00ab\u00a1Libre Imran Khan!\u00bb<\/p>\n<p>Un tribunal paquistan\u00ed sentenci\u00f3 a Khan y su esposa, Bushra Bibi, a 14 y siete a\u00f1os de c\u00e1rcel despu\u00e9s de encontrarlos culpables de corrupci\u00f3n. Fueron condenados por supuestamente aceptar tierras como un soborno a trav\u00e9s de la confianza al-Qadir, que hab\u00edan establecido mientras Khan estaba en el cargo. Khan, sin embargo, mantiene su inocencia, describiendo los eventos como una \u00abcaza de brujas\u00bb en comentarios exclusivos a Fox News Digital. Es solo uno de los m\u00e1s de 100 casos que enfrenta.  <\/p>\n<p><strong>Sentencias de la corte pakistan\u00ed Ex-PM Imran Khan y su esposa a 14 y 7 a\u00f1os de prisi\u00f3n en caso de injerto<\/strong><\/p>\n<div class=\"image-ct inline\">\n<div class=\"m\"><picture><source media=\"(max-width: 767px)\" srcset=\"https:\/\/a57.foxnews.com\/static.foxnews.com\/foxnews.com\/content\/uploads\/2025\/02\/343\/192\/trump-khan.jpg?ve=1&amp;tl=1, https:\/\/a57.foxnews.com\/static.foxnews.com\/foxnews.com\/content\/uploads\/2025\/02\/686\/384\/trump-khan.jpg?ve=1&amp;tl=1 2x\" height=\"192\" width=\"343\"><source media=\"(min-width: 768px) and (max-width: 1023px)\" srcset=\"https:\/\/a57.foxnews.com\/static.foxnews.com\/foxnews.com\/content\/uploads\/2025\/02\/672\/378\/trump-khan.jpg?ve=1&amp;tl=1, https:\/\/a57.foxnews.com\/static.foxnews.com\/foxnews.com\/content\/uploads\/2025\/02\/1344\/756\/trump-khan.jpg?ve=1&amp;tl=1 2x\" height=\"378\" width=\"672\"><source media=\"(min-width: 1024px) and (max-width: 1279px)\" srcset=\"https:\/\/a57.foxnews.com\/static.foxnews.com\/foxnews.com\/content\/uploads\/2025\/02\/931\/523\/trump-khan.jpg?ve=1&amp;tl=1, https:\/\/a57.foxnews.com\/static.foxnews.com\/foxnews.com\/content\/uploads\/2025\/02\/1862\/1046\/trump-khan.jpg?ve=1&amp;tl=1 2x\" height=\"523\" width=\"931\"><source media=\"(min-width: 1280px)\" srcset=\"https:\/\/a57.foxnews.com\/static.foxnews.com\/foxnews.com\/content\/uploads\/2025\/02\/720\/405\/trump-khan.jpg?ve=1&amp;tl=1, https:\/\/a57.foxnews.com\/static.foxnews.com\/foxnews.com\/content\/uploads\/2025\/02\/1440\/810\/trump-khan.jpg?ve=1&amp;tl=1 2x\" height=\"405\" width=\"720\"><img loading=\"lazy\" decoding=\"async\" src=\"https:\/\/a57.foxnews.com\/static.foxnews.com\/foxnews.com\/content\/uploads\/2025\/02\/1200\/675\/trump-khan.jpg?ve=1&amp;tl=1\" alt=\"Trump y Pakist\u00e1n Primer Ministro\" width=\"1200\" height=\"675\"\/><\/source><\/source><\/source><\/source><\/picture><\/div>\n<div class=\"info\">\n<div class=\"caption\">\n<p><span>El presidente Donald Trump saluda al primer ministro de Pakist\u00e1n, Imran Khan, en la Casa Blanca, el 22 de julio de 2019.<\/span> <span>(Photo AP\/Jacquelyn Martin)<\/span><\/p>\n<\/div>\n<\/div>\n<\/div>\n<p>En respuesta a las preguntas digitales de Fox News sobre la condena de Khan, el ministro federal de informaci\u00f3n y transmisi\u00f3n de Pakist\u00e1n, Ata Ullah Tararin, defendi\u00f3 la condena de Khan. \u00abEl caso de 190 millones de libras es uno de los mayores casos de corrupci\u00f3n en la historia de Pakist\u00e1n, y es una mega estafa en la que el ex primer ministro Imran Khan, y su esposa, Bushra Bibi, han sido culpables. Hay irrefutable. Evidencia de que no solo usaron el puesto oficial para otorgar favor ilegal a un magnate de la propiedad, sino que tambi\u00e9n recibieron una gratificaci\u00f3n y formaron un fideicomiso simulado para otorgar este favor a un magnate de la propiedad \u00ab.<\/p>\n<p>Continu\u00f3: \u00abEsta es la corrupci\u00f3n del m\u00e1s alto orden, y el ex primer ministro ha sido condenado por evidencia irrefutable de corrupci\u00f3n y esta estafa, que es la mayor estafa en la historia de Pakist\u00e1n, ha llegado a su conclusi\u00f3n legal \u00ab<\/p>\n<p>Khan ha negado los cargos y dice que su arresto de 2023 y la consiguiente sentencia fue un complot para evitar que regrese al cargo.<\/p>\n<div class=\"image-ct inline\">\n<div class=\"m\"><picture><source media=\"(max-width: 767px)\" srcset=\"https:\/\/a57.foxnews.com\/static.foxnews.com\/foxnews.com\/content\/uploads\/2024\/03\/343\/192\/Pakistan-Elections.jpg?ve=1&amp;tl=1, https:\/\/a57.foxnews.com\/static.foxnews.com\/foxnews.com\/content\/uploads\/2024\/03\/686\/384\/Pakistan-Elections.jpg?ve=1&amp;tl=1 2x\" height=\"192\" width=\"343\"><source media=\"(min-width: 768px) and (max-width: 1023px)\" srcset=\"https:\/\/a57.foxnews.com\/static.foxnews.com\/foxnews.com\/content\/uploads\/2024\/03\/672\/378\/Pakistan-Elections.jpg?ve=1&amp;tl=1, https:\/\/a57.foxnews.com\/static.foxnews.com\/foxnews.com\/content\/uploads\/2024\/03\/1344\/756\/Pakistan-Elections.jpg?ve=1&amp;tl=1 2x\" height=\"378\" width=\"672\"><source media=\"(min-width: 1024px) and (max-width: 1279px)\" srcset=\"https:\/\/a57.foxnews.com\/static.foxnews.com\/foxnews.com\/content\/uploads\/2024\/03\/931\/523\/Pakistan-Elections.jpg?ve=1&amp;tl=1, https:\/\/a57.foxnews.com\/static.foxnews.com\/foxnews.com\/content\/uploads\/2024\/03\/1862\/1046\/Pakistan-Elections.jpg?ve=1&amp;tl=1 2x\" height=\"523\" width=\"931\"><source media=\"(min-width: 1280px)\" srcset=\"https:\/\/a57.foxnews.com\/static.foxnews.com\/foxnews.com\/content\/uploads\/2024\/03\/720\/405\/Pakistan-Elections.jpg?ve=1&amp;tl=1, https:\/\/a57.foxnews.com\/static.foxnews.com\/foxnews.com\/content\/uploads\/2024\/03\/1440\/810\/Pakistan-Elections.jpg?ve=1&amp;tl=1 2x\" height=\"405\" width=\"720\"><img loading=\"lazy\" decoding=\"async\" src=\"https:\/\/a57.foxnews.com\/static.foxnews.com\/foxnews.com\/content\/uploads\/2024\/03\/1200\/675\/Pakistan-Elections.jpg?ve=1&amp;tl=1\" alt=\"Los partidarios del ex primer ministro encarcelado de Pakist\u00e1n Imran Khan\" width=\"1200\" height=\"675\"\/><\/source><\/source><\/source><\/source><\/picture><\/div>\n<div class=\"info\">\n<div class=\"caption\">\n<p><span>Los partidarios de Imran Khan cantan lemas durante una protesta contra la Comisi\u00f3n Electoral de Pakist\u00e1n, en Lahore, Pakist\u00e1n, 10 de marzo de 2024.<\/span> <span>(Photo AP\/KM Chaudary)<\/span><\/p>\n<\/div>\n<\/div>\n<\/div>\n<p>Las respuestas de Khan a las preguntas digitales de Fox News se produjeron a trav\u00e9s de sus portavoces, quien las comunic\u00f3 con el ex primer ministro. Khan se\u00f1al\u00f3 los paralelos entre \u00e9l y Trump, diciendo que los dos compartieron experiencias similares. \u00abEl mundo de hoy necesita un liderazgo firme que defiende la paz, la democracia y los derechos humanos, y espero que su liderazgo pueda contribuir a esa visi\u00f3n\u00bb. <\/p>\n<p>Las experiencias de Trump y Khan con las autoridades comparten son una similitud clave, pero sus historias se reflejan entre s\u00ed de manera que van m\u00e1s all\u00e1 de eso.<\/p>\n<p>Mientras Trump transform\u00f3 la escena pol\u00edtica estadounidense con su movimiento \u00abMake America Great Again Again\u00bb, Khan energiz\u00f3 a los pakistan\u00edes con su visi\u00f3n \u00abNaya Pakist\u00e1n\u00bb (nueva Pakist\u00e1n). Y de una manera similar a Trump, Khan elimin\u00f3 el elitismo de la pol\u00edtica, centr\u00e1ndose en la persona promedio.<\/p>\n<p>Khan le dijo a Fox News Digital que su partido pol\u00edtico \u00abes un partido inclusivo que representa el tejido diverso de Pakist\u00e1n\u00bb. Se\u00f1al\u00f3 que si bien Pakist\u00e1n Tehreek-e-Insaf (PTI) fue inicialmente percibido como un partido de la \u00e9lite educada, esa noci\u00f3n se \u00abdisip\u00f3 r\u00e1pidamente\u00bb.<\/p>\n<p><strong>El ex primer ministro de Pakist\u00e1n, Imran Khan, arrest\u00f3 a cargos de corrupci\u00f3n por parte de la polic\u00eda<\/strong><\/p>\n<div class=\"image-ct inline\">\n<div class=\"m\"><picture><source media=\"(max-width: 767px)\" srcset=\"https:\/\/a57.foxnews.com\/static.foxnews.com\/foxnews.com\/content\/uploads\/2024\/02\/343\/192\/Imran-Khan.jpg?ve=1&amp;tl=1, https:\/\/a57.foxnews.com\/static.foxnews.com\/foxnews.com\/content\/uploads\/2024\/02\/686\/384\/Imran-Khan.jpg?ve=1&amp;tl=1 2x\" height=\"192\" width=\"343\"><source media=\"(min-width: 768px) and (max-width: 1023px)\" srcset=\"https:\/\/a57.foxnews.com\/static.foxnews.com\/foxnews.com\/content\/uploads\/2024\/02\/672\/378\/Imran-Khan.jpg?ve=1&amp;tl=1, https:\/\/a57.foxnews.com\/static.foxnews.com\/foxnews.com\/content\/uploads\/2024\/02\/1344\/756\/Imran-Khan.jpg?ve=1&amp;tl=1 2x\" height=\"378\" width=\"672\"><source media=\"(min-width: 1024px) and (max-width: 1279px)\" srcset=\"https:\/\/a57.foxnews.com\/static.foxnews.com\/foxnews.com\/content\/uploads\/2024\/02\/931\/523\/Imran-Khan.jpg?ve=1&amp;tl=1, https:\/\/a57.foxnews.com\/static.foxnews.com\/foxnews.com\/content\/uploads\/2024\/02\/1862\/1046\/Imran-Khan.jpg?ve=1&amp;tl=1 2x\" height=\"523\" width=\"931\"><source media=\"(min-width: 1280px)\" srcset=\"https:\/\/a57.foxnews.com\/static.foxnews.com\/foxnews.com\/content\/uploads\/2024\/02\/720\/405\/Imran-Khan.jpg?ve=1&amp;tl=1, https:\/\/a57.foxnews.com\/static.foxnews.com\/foxnews.com\/content\/uploads\/2024\/02\/1440\/810\/Imran-Khan.jpg?ve=1&amp;tl=1 2x\" height=\"405\" width=\"720\"><img loading=\"lazy\" decoding=\"async\" src=\"https:\/\/a57.foxnews.com\/static.foxnews.com\/foxnews.com\/content\/uploads\/2024\/02\/1200\/675\/Imran-Khan.jpg?ve=1&amp;tl=1\" alt=\"Imran Khan\" width=\"1200\" height=\"675\"\/><\/source><\/source><\/source><\/source><\/picture><\/div>\n<div class=\"info\">\n<div class=\"caption\">\n<p><span>El ex primer ministro Imran Khan y Bushra Bibi, su esposa, hablan con los medios de comunicaci\u00f3n en una oficina del Tribunal Superior de Lahore en Lahore, Pakist\u00e1n, el 17 de julio de 2023.<\/span> <span>(AP Photo\/KM Chaudary, archivo)<\/span><\/p>\n<\/div>\n<\/div>\n<\/div>\n<p>Khan continu\u00f3, el \u00abPTI resuena con personas de todos los \u00e1mbitos de la vida, rural y urbano, de clase media y marginada, y es porque nuestras pol\u00edticas priorizan la inclusi\u00f3n, el m\u00e9rito y la justicia\u00bb. Agreg\u00f3: \u00abRepresentamos todas las provincias, castas y religiones, asegurando que cada voz tenga un lugar para dar forma al futuro de Pakist\u00e1n. Esta inclusi\u00f3n es lo que nos convierte en el partido nacional m\u00e1s grande, que une a Pakist\u00e1n bajo los principios de equidad y justicia\u00bb. <\/p>\n<p>Zuhair Ahmed, un camarero de Lahore, le dijo a Fox News Digital: \u00abImran Khan resuena con una multitud diversa de todos los grupos \u00e9tnicos y sectas religiosas. Nunca hemos visto a un l\u00edder que tiene esta base de apoyo de base. Esa es la belleza de ella, Y estamos seguros de que volver\u00e1 al poder y mejorar\u00e1 el pa\u00eds \u00ab.<\/p>\n<div class=\"image-ct inline\">\n<div class=\"m\"><picture><source media=\"(max-width: 767px)\" srcset=\"https:\/\/a57.foxnews.com\/static.foxnews.com\/foxnews.com\/content\/uploads\/2024\/01\/343\/192\/Pakistan-Tehreek.jpg?ve=1&amp;tl=1, https:\/\/a57.foxnews.com\/static.foxnews.com\/foxnews.com\/content\/uploads\/2024\/01\/686\/384\/Pakistan-Tehreek.jpg?ve=1&amp;tl=1 2x\" height=\"192\" width=\"343\"><source media=\"(min-width: 768px) and (max-width: 1023px)\" srcset=\"https:\/\/a57.foxnews.com\/static.foxnews.com\/foxnews.com\/content\/uploads\/2024\/01\/672\/378\/Pakistan-Tehreek.jpg?ve=1&amp;tl=1, https:\/\/a57.foxnews.com\/static.foxnews.com\/foxnews.com\/content\/uploads\/2024\/01\/1344\/756\/Pakistan-Tehreek.jpg?ve=1&amp;tl=1 2x\" height=\"378\" width=\"672\"><source media=\"(min-width: 1024px) and (max-width: 1279px)\" srcset=\"https:\/\/a57.foxnews.com\/static.foxnews.com\/foxnews.com\/content\/uploads\/2024\/01\/931\/523\/Pakistan-Tehreek.jpg?ve=1&amp;tl=1, https:\/\/a57.foxnews.com\/static.foxnews.com\/foxnews.com\/content\/uploads\/2024\/01\/1862\/1046\/Pakistan-Tehreek.jpg?ve=1&amp;tl=1 2x\" height=\"523\" width=\"931\"><source media=\"(min-width: 1280px)\" srcset=\"https:\/\/a57.foxnews.com\/static.foxnews.com\/foxnews.com\/content\/uploads\/2024\/01\/720\/405\/Pakistan-Tehreek.jpg?ve=1&amp;tl=1, https:\/\/a57.foxnews.com\/static.foxnews.com\/foxnews.com\/content\/uploads\/2024\/01\/1440\/810\/Pakistan-Tehreek.jpg?ve=1&amp;tl=1 2x\" height=\"405\" width=\"720\"><img loading=\"lazy\" decoding=\"async\" src=\"https:\/\/a57.foxnews.com\/static.foxnews.com\/foxnews.com\/content\/uploads\/2024\/01\/1200\/675\/Pakistan-Tehreek.jpg?ve=1&amp;tl=1\" alt=\"Partidarios de Pakist\u00e1n Tehreek-e-Insaf\" width=\"1200\" height=\"675\"\/><\/source><\/source><\/source><\/source><\/picture><\/div>\n<div class=\"info\">\n<div class=\"caption\">\n<p><span>Los partidarios de Pakist\u00e1n Tehreek-e-Insaf, el partido pol\u00edtico del ex primer ministro Imran Khan, celebran una manifestaci\u00f3n el 14 de enero de 2024.<\/span> <span>(AP Photo\/Fareed Khan)<\/span><\/p>\n<\/div>\n<\/div>\n<\/div>\n<p><strong>Pakist\u00e1n se prepara para la elecci\u00f3n fundamental, ya que uno de los principales candidatos sirve a la c\u00e1rcel<\/strong><\/p>\n<p>En la pol\u00edtica turbulenta de Pakist\u00e1n, algunos analistas han observado que \u00abAllah, el Ej\u00e9rcito y Am\u00e9rica\u00bb \u200b\u200bson la clave para gobernar. Desde el regreso de Trump al cargo, la naci\u00f3n del sur de Asia ha estado llena de especulaciones y esperanza sobre si forzar\u00e1 la liberaci\u00f3n de Khan. Los dos tienen una relaci\u00f3n amistosa, con Trump llamando a Khan \u00abun muy buen amigo m\u00edo\u00bb en un foro de 2020 en Davos. Los dos se conocieron por primera vez en Washington en julio de 2019, que en ese momento se consideraba un reinicio para las relaciones entre Estados Unidos y Pakist\u00e1n.<\/p>\n<p>Poco despu\u00e9s de la victoria de Trump en noviembre, Grenell escribi\u00f3 en X \u00abWatch Pakist\u00e1n &#8230; su l\u00edder de Trump est\u00e1 en prisi\u00f3n por cargos falsos, y la gente se ha inspirado en la ola roja de los Estados Unidos. \u00a1Detente los enjuiciamientos pol\u00edticos en todo el mundo!\u00bb <\/p>\n<div class=\"image-ct inline\">\n<div class=\"m\"><picture><source media=\"(max-width: 767px)\" srcset=\"https:\/\/a57.foxnews.com\/static.foxnews.com\/foxnews.com\/content\/uploads\/2024\/12\/343\/192\/ric-grenell-and-donald-trump.jpg?ve=1&amp;tl=1, https:\/\/a57.foxnews.com\/static.foxnews.com\/foxnews.com\/content\/uploads\/2024\/12\/686\/384\/ric-grenell-and-donald-trump.jpg?ve=1&amp;tl=1 2x\" height=\"192\" width=\"343\"><source media=\"(min-width: 768px) and (max-width: 1023px)\" srcset=\"https:\/\/a57.foxnews.com\/static.foxnews.com\/foxnews.com\/content\/uploads\/2024\/12\/672\/378\/ric-grenell-and-donald-trump.jpg?ve=1&amp;tl=1, https:\/\/a57.foxnews.com\/static.foxnews.com\/foxnews.com\/content\/uploads\/2024\/12\/1344\/756\/ric-grenell-and-donald-trump.jpg?ve=1&amp;tl=1 2x\" height=\"378\" width=\"672\"><source media=\"(min-width: 1024px) and (max-width: 1279px)\" srcset=\"https:\/\/a57.foxnews.com\/static.foxnews.com\/foxnews.com\/content\/uploads\/2024\/12\/931\/523\/ric-grenell-and-donald-trump.jpg?ve=1&amp;tl=1, https:\/\/a57.foxnews.com\/static.foxnews.com\/foxnews.com\/content\/uploads\/2024\/12\/1862\/1046\/ric-grenell-and-donald-trump.jpg?ve=1&amp;tl=1 2x\" height=\"523\" width=\"931\"><source media=\"(min-width: 1280px)\" srcset=\"https:\/\/a57.foxnews.com\/static.foxnews.com\/foxnews.com\/content\/uploads\/2024\/12\/720\/405\/ric-grenell-and-donald-trump.jpg?ve=1&amp;tl=1, https:\/\/a57.foxnews.com\/static.foxnews.com\/foxnews.com\/content\/uploads\/2024\/12\/1440\/810\/ric-grenell-and-donald-trump.jpg?ve=1&amp;tl=1 2x\" height=\"405\" width=\"720\"><img loading=\"lazy\" decoding=\"async\" src=\"https:\/\/a57.foxnews.com\/static.foxnews.com\/foxnews.com\/content\/uploads\/2024\/12\/1200\/675\/ric-grenell-and-donald-trump.jpg?ve=1&amp;tl=1\" alt=\"Ric Grenell y Donald Trump en la mesa\" width=\"1200\" height=\"675\"\/><\/source><\/source><\/source><\/source><\/picture><\/div>\n<div class=\"info\">\n<div class=\"caption\">\n<p><span>Richard Grenell ha declarado su apoyo para liberar a Imran Khan en las redes sociales.<\/span> <span>(Justin Merriman\/Bloomberg a trav\u00e9s de Getty Images)<\/span><\/p>\n<\/div>\n<\/div>\n<\/div>\n<p>Zulfikar Bukhari, asistente especial de Khan, dijo a Fox News Digital \u00ab, dicen que Grenell parece ser el segundo hombre m\u00e1s popular en Pakist\u00e1n debido a su tweet apoyando a Khan\u00bb. Agreg\u00f3 que Trump prevaleci\u00f3 en una situaci\u00f3n similar y \u00abes solo cuesti\u00f3n de tiempo antes de que Khan tambi\u00e9n regrese\u00bb.<\/p>\n<p>Khan tuite\u00f3 su felicitaci\u00f3n a Trump por ganar las elecciones presidenciales de noviembre, se\u00f1alando: \u00abLa voluntad del pueblo estadounidense se mantuvo en contra de todas las probabilidades\u00bb. <\/p>\n<p>Cuando se trata de prioridades nacionales, Trump y Khan han puesto la econom\u00eda a la vanguardia. Khan tambi\u00e9n ha afirmado que Pakist\u00e1n prosperar\u00e1 cuando regrese. La econom\u00eda del pa\u00eds se ha tambaleado al borde del colapso en los \u00faltimos a\u00f1os. <\/p>\n<p>\u00abLa diplomacia econ\u00f3mica ser\u00e1 fundamental para mi enfoque. Pakist\u00e1n es rico en recursos naturales, pero apenas hemos ara\u00f1ado la superficie de nuestro potencial en la agricultura, la industrializaci\u00f3n y la misma\u00bb, dijo Khan. \u00abEstos sectores tienen una inmensa promesa, tanto a nivel nacional como global\u00bb.<\/p>\n<p><strong><u>Haga clic aqu\u00ed para obtener la aplicaci\u00f3n Fox News<\/u><\/strong><\/p>\n<p>Al explicar sus aspiraciones, Khan concluy\u00f3: \u00abEn lugar de depender de los folletos, debemos centrarnos en la autosuficiencia y aprovechar nuestras fortalezas para construir relaciones econ\u00f3micas sostenibles. Con una poblaci\u00f3n de 250 millones, lo que tiene \u00e9xito internamente puede y debe posicionarse a nivel mundial, creando oportunidades, creando oportunidades. para comercio e inversi\u00f3n que benefician tanto a la naci\u00f3n como a nuestros socios internacionales \u00ab. <\/p>\n<p>El mensaje de Khan a sus seguidores y enemigos por igual, \u00abLa gente de Pakist\u00e1n nunca ha estado m\u00e1s despierta o m\u00e1s decidida. Ven con claridad lo que le est\u00e1 sucediendo a su naci\u00f3n, y entienden las fuerzas en juego. Creo firmemente que la verdad y la justicia finalmente prevalece.<\/p>\n<\/div>\n\n","protected":false},"excerpt":{"rendered":"<p>\u00danase a Fox News para acceder a este contenido Adem\u00e1s de acceso especial a art\u00edculos seleccionados y otro contenido premium con su cuenta, de forma gratuita. Al ingresar su correo electr\u00f3nico y presionar continuar, usted acepta los t\u00e9rminos de uso y la pol\u00edtica de privacidad de Fox News, que incluye nuestro aviso de incentivo financiero. &hellip;<\/p>\n","protected":false},"author":1,"featured_media":12978,"comment_status":"open","ping_status":"open","sticky":false,"template":"","format":"standard","meta":{"fifu_image_url":"https:\/\/static.foxnews.com\/foxnews.com\/content\/uploads\/2025\/02\/trump-khan.jpg","fifu_image_alt":"","footnotes":""},"categories":[13],"tags":[],"class_list":["post-12976","post","type-post","status-publish","format-standard","has-post-thumbnail","","category-mundo"],"_links":{"self":[{"href":"https:\/\/noticiasveraces.com\/index.php?rest_route=\/wp\/v2\/posts\/12976","targetHints":{"allow":["GET"]}}],"collection":[{"href":"https:\/\/noticiasveraces.com\/index.php?rest_route=\/wp\/v2\/posts"}],"about":[{"href":"https:\/\/noticiasveraces.com\/index.php?rest_route=\/wp\/v2\/types\/post"}],"author":[{"embeddable":true,"href":"https:\/\/noticiasveraces.com\/index.php?rest_route=\/wp\/v2\/users\/1"}],"replies":[{"embeddable":true,"href":"https:\/\/noticiasveraces.com\/index.php?rest_route=%2Fwp%2Fv2%2Fcomments&post=12976"}],"version-history":[{"count":0,"href":"https:\/\/noticiasveraces.com\/index.php?rest_route=\/wp\/v2\/posts\/12976\/revisions"}],"wp:featuredmedia":[{"embeddable":true,"href":"https:\/\/noticiasveraces.com\/index.php?rest_route=\/wp\/v2\/media\/12978"}],"wp:attachment":[{"href":"https:\/\/noticiasveraces.com\/index.php?rest_route=%2Fwp%2Fv2%2Fmedia&parent=12976"}],"wp:term":[{"taxonomy":"category","embeddable":true,"href":"https:\/\/noticiasveraces.com\/index.php?rest_route=%2Fwp%2Fv2%2Fcategories&post=12976"},{"taxonomy":"post_tag","embeddable":true,"href":"https:\/\/noticiasveraces.com\/index.php?rest_route=%2Fwp%2Fv2%2Ftags&post=12976"}],"curies":[{"name":"wp","href":"https:\/\/api.w.org\/{rel}","templated":true}]}}