{"id":12953,"date":"2025-02-02T08:33:11","date_gmt":"2025-02-02T12:33:11","guid":{"rendered":"https:\/\/noticiasveraces.com\/?p=12953"},"modified":"2025-02-02T08:33:11","modified_gmt":"2025-02-02T12:33:11","slug":"cuanto-tiempo-estara-de-baja-el-aleman","status":"publish","type":"post","link":"https:\/\/noticiasveraces.com\/?p=12953","title":{"rendered":"\u00bfCu\u00e1nto tiempo estar\u00e1 de Baja el Alem\u00e1n?"},"content":{"rendered":"<p> \n<\/p>\n<div id=\"intext\">\n<p>Decepci\u00f3n, Enfado y Tristeza Fueron las Tres Sensaciones que Experiment\u00f3 Este S\u00e1bado por la Noche El <b>L\u00edder de la Liga<\/b> Tras <b>Caer en Cornell\u00e1 Ante El Espanyol<\/b> (1-0) en un <b>Partido NFASTO de Los de Ancelotti<\/b>que se vio acentuado con una <b>inexplicable sin intervenci\u00f3n del var<\/b> (Romero Debio Ser Expulsado y Termin\u00f3 Marcando El Gol Perico), y una &#8216;<b>Lesi\u00f3n de R\u00fcdiger de Esperada<\/b>El Central por Excelencia que DiJo Basta en El Minuto 15 Ante Un Aluvi\u00f3n de Minutos (El Que M\u00e1s de Toda la Plantilla). Ten\u00eda que Caer.<\/p>\n<h2 class=\"title-h2\">Dos o Tres semanas ko<\/h2>\n<p>Los Blancos se Fueron de Vac\u00edo de Cornell\u00e1 (0 Puntos) y adem\u00e1s perder\u00e1n a su mejor Jugador defensivo <b>Durante dos o Tres semanas<\/b>.<\/p>\n<p>\u00abTras Las Pruebas Realizadas A Nuestro Jugador Antonio R\u00fcdiger por Los Servicios M\u00e9dicos del Real Madrid Se Le Ha Diagnosticado una <b>Lesi\u00f3n en el B\u00cdCEPS FEMORAL DE LA PIERNA DERECHA<\/b>. Pendiente de Evoluci\u00f3n \u00ab, Informaba El Club Merengue en sus Redes Sociales Esta Ma\u00f1ana.<\/p>\n<h2 class=\"title-h2\">\u00bfQu\u00e9 Partidos se Percer\u00e1 R\u00fcdiger?<\/h2>\n<p>Una lesi\u00f3n que trastoca los planos de ancelotti y obligaci\u00f3n al italiano a elegir dos Jugadores Entre asencio, tchouam\u00e9ni y el ya recuperado alaba que parec\u00eda que pod\u00eda haber salido de inicio el brest o el el pospanyol. Lucas V\u00e1zquez, Salvo Sorpresa, Seguir\u00e1 Ocupando El Lateral Derecho y El Izquierdo estar\u00e1 Entre Mendy y Fran Garc\u00eda, dependiente de lo que busque ancelotti en los pr\u00f3xos Partidos. Sin Obstante, R\u00fcdiger se Perder\u00e1 los Sigoleses Encuentros:<\/p>\n<ul>\n<li><b>Legan\u00e9s &#8211; Real Madrid<\/b>: 5 de febrero, Cuartos de Final de la Copa del Rey.<\/li>\n<li><b>Real Madrid &#8211; Atl\u00e9tico de Madrid<\/b>: 8 de febrero, Jornada 23 de la Liga.<\/li>\n<li><b>Manchester City &#8211; Real Madrid<\/b>: 11 de febrero, Ida de los Octavos de Final de la la LA Campeones.<\/li>\n<li><b>Osasuna &#8211; Real Madrid<\/b>: 15 de febrero, Jornada 24 de la Liga.<\/li>\n<\/ul>\n<p>Si Est\u00e1 de Baja M\u00e1s de Dos Semanas &#8230;<\/p>\n<ul>\n<li><b>Real Madrid &#8211; Manchester City<\/b>: 19 de febrero, Vuelta de Los Octavos de Final de la LA Campeones.<\/li>\n<li><b>Real Madrid &#8211; Girona<\/b>: 23 de febrero, Jornada 25 de la Liga.<\/li>\n<\/ul>\n<p>Un Claro Varapalo para Los Blancos, Que Afrontan Unas Semanas Clave en las que se Jugar\u00e1n Seguir Vivos en Dos Comiciones (COPA DEL REY Y CAMPEONES) Y NADA M\u00c1S Y NADA MENOS El Atleti en El Bernab\u00e9u). R\u00fcdiger se suma a las ausencias de camavosa, militao y Carvajal. Valverde es El \u00fanico Jugador que Todav\u00eda no ha ca\u00eddo lesionado.<\/p>\n<p><i>S\u00edguenos en nuestro canal de whatsapp y no te Pierdas la \u00daLtima Hora y Toda la actualidad de antena3noticias.com<\/i><\/p>\n<div class=\"recirculation-video\" data-mod=\"a3mod_recirculation_video\">\n<div class=\"recirculation-video-wrapper\">\n<div>\n<div class=\"video-wrapper\">\n  <picture class=\"video-main-picture\"><source media=\"(min-width: 481px)\" srcset=\"https:\/\/fotografias.antena3.com\/clipping\/cmsimages02\/2025\/01\/31\/82ED6E43-9032-42F9-A8A2-A8AC926B79EE\/nisa-aleman-campeona-mundo-culturismo-natural-fue-muy-duro-camino-sufri-depresion_94.jpg?crop=423,238,x1,y0&amp;width=800&amp;height=450&amp;optimize=medium&amp;format=webply\" width=\"800\" height=\"450\"><source media=\"(min-width: 391px) and (max-width: 480px)\" srcset=\"https:\/\/fotografias.antena3.com\/clipping\/cmsimages02\/2025\/01\/31\/82ED6E43-9032-42F9-A8A2-A8AC926B79EE\/nisa-aleman-campeona-mundo-culturismo-natural-fue-muy-duro-camino-sufri-depresion_70.jpg?crop=423,238,x1,y0&amp;width=480&amp;height=270&amp;optimize=high&amp;format=webply\" width=\"480\" height=\"270\"><source media=\"(min-width: 321px) and (max-width: 390px)\" srcset=\"https:\/\/fotografias.antena3.com\/clipping\/cmsimages02\/2025\/01\/31\/82ED6E43-9032-42F9-A8A2-A8AC926B79EE\/nisa-aleman-campeona-mundo-culturismo-natural-fue-muy-duro-camino-sufri-depresion_92.jpg?crop=424,238,x1,y0&amp;width=390&amp;height=219&amp;optimize=high&amp;format=webply\" width=\"390\" height=\"219\"><source media=\"(max-width: 320px)\" srcset=\"https:\/\/fotografias.antena3.com\/clipping\/cmsimages02\/2025\/01\/31\/82ED6E43-9032-42F9-A8A2-A8AC926B79EE\/nisa-aleman-campeona-mundo-culturismo-natural-fue-muy-duro-camino-sufri-depresion_52.jpg?crop=423,238,x1,y0&amp;width=320&amp;height=180&amp;optimize=high&amp;format=webply\" width=\"320\" height=\"180\"><img decoding=\"async\" title=\"Nisa Alem\u00e1n, Campaona del Mundo de Culturismo Natural: &quot;Fue Muy Duro, Por El Camino Sufr\u00ed Una Depresi\u00f3n&quot;\" alt=\"Nisa Alem\u00e1n, Campaona del Mundo de Culturismo Natural: &quot;Fue Muy Duro, Por El Camino Sufr\u00ed Una Depresi\u00f3n&quot;\" width=\"480\" height=\"270\" src=\"https:\/\/fotografias.antena3.com\/clipping\/cmsimages02\/2025\/01\/31\/82ED6E43-9032-42F9-A8A2-A8AC926B79EE\/nisa-aleman-campeona-mundo-culturismo-natural-fue-muy-duro-camino-sufri-depresion_70.jpg?crop=423,238,x1,y0&amp;width=480&amp;height=270&amp;optimize=high&amp;format=webply\" loading=\"lazy\" class=\"lazy\"\/><br \/>\n  <\/source><\/source><\/source><\/source><\/picture>\n <\/div>\n<\/div><\/div>\n<\/p><\/div>\n<\/div>\n\n","protected":false},"excerpt":{"rendered":"<p>Decepci\u00f3n, Enfado y Tristeza Fueron las Tres Sensaciones que Experiment\u00f3 Este S\u00e1bado por la Noche El L\u00edder de la Liga Tras Caer en Cornell\u00e1 Ante El Espanyol (1-0) en un Partido NFASTO de Los de Ancelottique se vio acentuado con una inexplicable sin intervenci\u00f3n del var (Romero Debio Ser Expulsado y Termin\u00f3 Marcando El Gol &hellip;<\/p>\n","protected":false},"author":1,"featured_media":12955,"comment_status":"open","ping_status":"open","sticky":false,"template":"","format":"standard","meta":{"fifu_image_url":"https:\/\/fotografias.antena3.com\/clipping\/cmsimages02\/2025\/02\/02\/B252B1DE-C175-41D0-9311-3F537026E809\/antonio-rudiger-marcha-lesionado-espanyol-real-madrid_69.jpg?crop=3901,2194,x0,y0&width=1280&height=720&optimize=low&format=jpg","fifu_image_alt":"","footnotes":""},"categories":[6],"tags":[],"class_list":["post-12953","post","type-post","status-publish","format-standard","has-post-thumbnail","","category-deportes"],"_links":{"self":[{"href":"https:\/\/noticiasveraces.com\/index.php?rest_route=\/wp\/v2\/posts\/12953","targetHints":{"allow":["GET"]}}],"collection":[{"href":"https:\/\/noticiasveraces.com\/index.php?rest_route=\/wp\/v2\/posts"}],"about":[{"href":"https:\/\/noticiasveraces.com\/index.php?rest_route=\/wp\/v2\/types\/post"}],"author":[{"embeddable":true,"href":"https:\/\/noticiasveraces.com\/index.php?rest_route=\/wp\/v2\/users\/1"}],"replies":[{"embeddable":true,"href":"https:\/\/noticiasveraces.com\/index.php?rest_route=%2Fwp%2Fv2%2Fcomments&post=12953"}],"version-history":[{"count":0,"href":"https:\/\/noticiasveraces.com\/index.php?rest_route=\/wp\/v2\/posts\/12953\/revisions"}],"wp:featuredmedia":[{"embeddable":true,"href":"https:\/\/noticiasveraces.com\/index.php?rest_route=\/wp\/v2\/media\/12955"}],"wp:attachment":[{"href":"https:\/\/noticiasveraces.com\/index.php?rest_route=%2Fwp%2Fv2%2Fmedia&parent=12953"}],"wp:term":[{"taxonomy":"category","embeddable":true,"href":"https:\/\/noticiasveraces.com\/index.php?rest_route=%2Fwp%2Fv2%2Fcategories&post=12953"},{"taxonomy":"post_tag","embeddable":true,"href":"https:\/\/noticiasveraces.com\/index.php?rest_route=%2Fwp%2Fv2%2Ftags&post=12953"}],"curies":[{"name":"wp","href":"https:\/\/api.w.org\/{rel}","templated":true}]}}