{"id":12937,"date":"2025-02-02T06:36:29","date_gmt":"2025-02-02T10:36:29","guid":{"rendered":"https:\/\/noticiasveraces.com\/?p=12937"},"modified":"2025-02-02T06:36:29","modified_gmt":"2025-02-02T10:36:29","slug":"netanyahu-de-israel-se-va-para-que-nos-reunamos-con-trump-con-la-esperanza-de-fortalecer-los-lazos-con-washington","status":"publish","type":"post","link":"https:\/\/noticiasveraces.com\/?p=12937","title":{"rendered":"Netanyahu de Israel se va para que nos reunamos con Trump, con la esperanza de fortalecer los lazos con Washington"},"content":{"rendered":"<p> \n<\/p>\n<div>\n<p class=\"speakable\">El primer ministro israel\u00ed, Benjamin Netanyahu, se fue a los Estados Unidos el domingo para reunirse con el presidente de los Estados Unidos, Donald Trump, buscando fortalecer los lazos con el gobierno de los Estados Unidos despu\u00e9s de las tensiones con la administraci\u00f3n Biden sobre la guerra en Gaza.<\/p>\n<p class=\"speakable\">Netanyahu parti\u00f3 hacia Washington en medio del alto el fuego con Hamas, que incluye lanzamientos de rehenes, a\u00fan vigente y negociaciones para una segunda fase que se espera que comience esta semana. Ser\u00e1 el primer l\u00edder extranjero en visitar Trump desde su inauguraci\u00f3n el 20 de enero.<\/p>\n<p>\u00abEl hecho de que este sea su primera reuni\u00f3n con un l\u00edder de un pa\u00eds extranjero desde que su inauguraci\u00f3n tiene una gran importancia para el estado de Israel\u00bb, dijo Netanyahu en un comunicado.<\/p>\n<p><strong>Hamas lanza 3 rehenes m\u00e1s, incluido el ciudadano estadounidense, como parte del acuerdo de alto el fuego fr\u00e1gil<\/strong><\/p>\n<div class=\"image-ct inline\">\n<div class=\"m\"><picture><source media=\"(max-width: 767px)\" srcset=\"https:\/\/a57.foxnews.com\/static.foxnews.com\/foxnews.com\/content\/uploads\/2024\/07\/343\/192\/Donald-Trump-Benjamin-Netanyahu-Mar-a-Lago_06.jpg?ve=1&amp;tl=1, https:\/\/a57.foxnews.com\/static.foxnews.com\/foxnews.com\/content\/uploads\/2024\/07\/686\/384\/Donald-Trump-Benjamin-Netanyahu-Mar-a-Lago_06.jpg?ve=1&amp;tl=1 2x\" height=\"192\" width=\"343\"><source media=\"(min-width: 768px) and (max-width: 1023px)\" srcset=\"https:\/\/a57.foxnews.com\/static.foxnews.com\/foxnews.com\/content\/uploads\/2024\/07\/672\/378\/Donald-Trump-Benjamin-Netanyahu-Mar-a-Lago_06.jpg?ve=1&amp;tl=1, https:\/\/a57.foxnews.com\/static.foxnews.com\/foxnews.com\/content\/uploads\/2024\/07\/1344\/756\/Donald-Trump-Benjamin-Netanyahu-Mar-a-Lago_06.jpg?ve=1&amp;tl=1 2x\" height=\"378\" width=\"672\"><source media=\"(min-width: 1024px) and (max-width: 1279px)\" srcset=\"https:\/\/a57.foxnews.com\/static.foxnews.com\/foxnews.com\/content\/uploads\/2024\/07\/931\/523\/Donald-Trump-Benjamin-Netanyahu-Mar-a-Lago_06.jpg?ve=1&amp;tl=1, https:\/\/a57.foxnews.com\/static.foxnews.com\/foxnews.com\/content\/uploads\/2024\/07\/1862\/1046\/Donald-Trump-Benjamin-Netanyahu-Mar-a-Lago_06.jpg?ve=1&amp;tl=1 2x\" height=\"523\" width=\"931\"><source media=\"(min-width: 1280px)\" srcset=\"https:\/\/a57.foxnews.com\/static.foxnews.com\/foxnews.com\/content\/uploads\/2024\/07\/720\/405\/Donald-Trump-Benjamin-Netanyahu-Mar-a-Lago_06.jpg?ve=1&amp;tl=1, https:\/\/a57.foxnews.com\/static.foxnews.com\/foxnews.com\/content\/uploads\/2024\/07\/1440\/810\/Donald-Trump-Benjamin-Netanyahu-Mar-a-Lago_06.jpg?ve=1&amp;tl=1 2x\" height=\"405\" width=\"720\"><img loading=\"lazy\" decoding=\"async\" src=\"https:\/\/a57.foxnews.com\/static.foxnews.com\/foxnews.com\/content\/uploads\/2024\/07\/1200\/675\/Donald-Trump-Benjamin-Netanyahu-Mar-a-Lago_06.jpg?ve=1&amp;tl=1\" alt=\"Donald Trump da la mano al primer ministro israel\u00ed Benjamin Netanyahu\" width=\"1200\" height=\"675\"\/><\/source><\/source><\/source><\/source><\/picture><\/div>\n<div class=\"info\">\n<div class=\"caption\">\n<p><span>El presidente Donald Trump (L) se da la mano con el primer ministro israel\u00ed Benjamin Netanyahu (R) mientras representan para una foto durante su reuni\u00f3n en Mar-a-Lago, en Palm Beach, Florida, el 26 de julio de 2024.<\/span> <span>(Amos Ben-Gershom (GPO) \/ Handout \/ Anadolu a trav\u00e9s de Getty Images)<\/span><\/p>\n<\/div>\n<\/div>\n<\/div>\n<p>\u00abEn primer lugar, indica la fuerza de la alianza entre Israel y los Estados Unidos. En segundo lugar, tambi\u00e9n refleja la fuerza de nuestra conexi\u00f3n; una conexi\u00f3n que ya ha producido grandes cosas para el estado de Israel y la regi\u00f3n, y tambi\u00e9n ha Trajeron los acuerdos de paz hist\u00f3ricos entre Israel y cuatro pa\u00edses \u00e1rabes, los &#8216;Acuerdos de Abraham&#8217; que el presidente Trump dirigi\u00f3 \u00ab, continu\u00f3 el primer ministro.<\/p>\n<p>Esto ocurre casi 16 meses despu\u00e9s de que comenz\u00f3 la guerra en Gaza, provocada por el ataque de Hamas el 7 de octubre de 2023 contra Israel, lo que lleva a represalias militares por parte de las fuerzas israel\u00edes.<\/p>\n<p><strong><u>La mujer israel\u00ed describe valientemente el horror como reh\u00e9n de Hamas: \u00abEstaban disfrutando de lastimarme\u00bb<\/u><\/strong><\/p>\n<div class=\"image-ct inline\">\n<div class=\"m\"><picture><source media=\"(max-width: 767px)\" srcset=\"https:\/\/a57.foxnews.com\/static.foxnews.com\/foxnews.com\/content\/uploads\/2025\/01\/343\/192\/61ae9d70-netanyahu.jpg?ve=1&amp;tl=1, https:\/\/a57.foxnews.com\/static.foxnews.com\/foxnews.com\/content\/uploads\/2025\/01\/686\/384\/61ae9d70-netanyahu.jpg?ve=1&amp;tl=1 2x\" height=\"192\" width=\"343\"><source media=\"(min-width: 768px) and (max-width: 1023px)\" srcset=\"https:\/\/a57.foxnews.com\/static.foxnews.com\/foxnews.com\/content\/uploads\/2025\/01\/672\/378\/61ae9d70-netanyahu.jpg?ve=1&amp;tl=1, https:\/\/a57.foxnews.com\/static.foxnews.com\/foxnews.com\/content\/uploads\/2025\/01\/1344\/756\/61ae9d70-netanyahu.jpg?ve=1&amp;tl=1 2x\" height=\"378\" width=\"672\"><source media=\"(min-width: 1024px) and (max-width: 1279px)\" srcset=\"https:\/\/a57.foxnews.com\/static.foxnews.com\/foxnews.com\/content\/uploads\/2025\/01\/931\/523\/61ae9d70-netanyahu.jpg?ve=1&amp;tl=1, https:\/\/a57.foxnews.com\/static.foxnews.com\/foxnews.com\/content\/uploads\/2025\/01\/1862\/1046\/61ae9d70-netanyahu.jpg?ve=1&amp;tl=1 2x\" height=\"523\" width=\"931\"><source media=\"(min-width: 1280px)\" srcset=\"https:\/\/a57.foxnews.com\/static.foxnews.com\/foxnews.com\/content\/uploads\/2025\/01\/720\/405\/61ae9d70-netanyahu.jpg?ve=1&amp;tl=1, https:\/\/a57.foxnews.com\/static.foxnews.com\/foxnews.com\/content\/uploads\/2025\/01\/1440\/810\/61ae9d70-netanyahu.jpg?ve=1&amp;tl=1 2x\" height=\"405\" width=\"720\"><img loading=\"lazy\" decoding=\"async\" src=\"https:\/\/a57.foxnews.com\/static.foxnews.com\/foxnews.com\/content\/uploads\/2025\/01\/1200\/675\/61ae9d70-netanyahu.jpg?ve=1&amp;tl=1\" alt=\"Primer Ministro israel\u00ed Benjamin Netanyahu\" width=\"1200\" height=\"675\"\/><\/source><\/source><\/source><\/source><\/picture><\/div>\n<div class=\"info\">\n<div class=\"caption\">\n<p><span> El primer ministro israel\u00ed Benjamin Netanyahu habla durante una conferencia de prensa en Jerusal\u00e9n el 9 de diciembre de 2024.<\/span> <span>(Maya Alleruzzo\/Pool\/AFP a trav\u00e9s de Getty Images)<\/span><\/p>\n<\/div>\n<\/div>\n<\/div>\n<p>\u00abLas decisiones que tomamos durante la guerra, combinadas con la valent\u00eda de nuestros soldados de las FDI, ya han cambiado la cara del Medio Oriente\u00bb, dijo Netanyahu. \u00abLo han cambiado m\u00e1s all\u00e1 del reconocimiento. Creo que con el trabajo duro junto con el presidente Trump, podemos cambiarlo a\u00fan m\u00e1s para mejor\u00bb.<\/p>\n<p>\u00abNuestras decisiones y el coraje de nuestros soldados han redise\u00f1ado el mapa. Pero creo que trabajar estrechamente con el presidente Trump, podemos volver a dibujarlo a\u00fan m\u00e1s y para mejor\u00bb, agreg\u00f3.<\/p>\n<p>Netanyahu y el ex presidente de los Estados Unidos, Joe Biden, experimentaron tensi\u00f3n en su relaci\u00f3n durante la \u00faltima administraci\u00f3n en Washington, y el Primer Ministro israel\u00ed no ha visitado la Casa Blanca desde que regres\u00f3 al cargo a fines de 2022.<\/p>\n<div class=\"image-ct inline\">\n<div class=\"m\"><picture><source media=\"(max-width: 767px)\" srcset=\"https:\/\/a57.foxnews.com\/static.foxnews.com\/foxnews.com\/content\/uploads\/2024\/07\/343\/192\/Donald-Trump-Benjamin-Netanyahu-Mar-a-Lago_01.jpg?ve=1&amp;tl=1, https:\/\/a57.foxnews.com\/static.foxnews.com\/foxnews.com\/content\/uploads\/2024\/07\/686\/384\/Donald-Trump-Benjamin-Netanyahu-Mar-a-Lago_01.jpg?ve=1&amp;tl=1 2x\" height=\"192\" width=\"343\"><source media=\"(min-width: 768px) and (max-width: 1023px)\" srcset=\"https:\/\/a57.foxnews.com\/static.foxnews.com\/foxnews.com\/content\/uploads\/2024\/07\/672\/378\/Donald-Trump-Benjamin-Netanyahu-Mar-a-Lago_01.jpg?ve=1&amp;tl=1, https:\/\/a57.foxnews.com\/static.foxnews.com\/foxnews.com\/content\/uploads\/2024\/07\/1344\/756\/Donald-Trump-Benjamin-Netanyahu-Mar-a-Lago_01.jpg?ve=1&amp;tl=1 2x\" height=\"378\" width=\"672\"><source media=\"(min-width: 1024px) and (max-width: 1279px)\" srcset=\"https:\/\/a57.foxnews.com\/static.foxnews.com\/foxnews.com\/content\/uploads\/2024\/07\/931\/523\/Donald-Trump-Benjamin-Netanyahu-Mar-a-Lago_01.jpg?ve=1&amp;tl=1, https:\/\/a57.foxnews.com\/static.foxnews.com\/foxnews.com\/content\/uploads\/2024\/07\/1862\/1046\/Donald-Trump-Benjamin-Netanyahu-Mar-a-Lago_01.jpg?ve=1&amp;tl=1 2x\" height=\"523\" width=\"931\"><source media=\"(min-width: 1280px)\" srcset=\"https:\/\/a57.foxnews.com\/static.foxnews.com\/foxnews.com\/content\/uploads\/2024\/07\/720\/405\/Donald-Trump-Benjamin-Netanyahu-Mar-a-Lago_01.jpg?ve=1&amp;tl=1, https:\/\/a57.foxnews.com\/static.foxnews.com\/foxnews.com\/content\/uploads\/2024\/07\/1440\/810\/Donald-Trump-Benjamin-Netanyahu-Mar-a-Lago_01.jpg?ve=1&amp;tl=1 2x\" height=\"405\" width=\"720\"><img loading=\"lazy\" decoding=\"async\" src=\"https:\/\/a57.foxnews.com\/static.foxnews.com\/foxnews.com\/content\/uploads\/2024\/07\/1200\/675\/Donald-Trump-Benjamin-Netanyahu-Mar-a-Lago_01.jpg?ve=1&amp;tl=1\" alt=\"Donald Trump se re\u00fane con el primer ministro israel\u00ed Benjamin Netanyahu en su finca Mar-a-Lago\" width=\"1200\" height=\"675\"\/><\/source><\/source><\/source><\/source><\/picture><\/div>\n<div class=\"info\">\n<div class=\"caption\">\n<p><span>El presidente Donald Trump se re\u00fane con el primer ministro israel\u00ed Benjamin Netanyahu en su finca Mar-a-Lago, el viernes 26 de julio de 2024, en Palm Beach, Florida.<\/span> <span>(AP Photo\/Alex Brandon)<\/span><\/p>\n<\/div>\n<\/div>\n<\/div>\n<p><strong><u>Haga clic aqu\u00ed para obtener la aplicaci\u00f3n Fox News<\/u><\/strong><\/p>\n<p>\u00abPodemos fortalecer la seguridad de Israel, podemos expandir a\u00fan m\u00e1s el c\u00edrculo de la paz, y podemos lograr una era maravillosa con la que nunca so\u00f1amos. Una era de prosperidad, seguridad y paz desde una posici\u00f3n de fuerza\u00bb, dijo Netanyahu. \u00abLa fuerza de nuestros soldados, la fuerza de nuestros ciudadanos, la fuerza de Israel y la fuerza de la alianza entre Israel y los Estados Unidos\u00bb.<\/p>\n<p><i>Yael Rotem-Kuriel y Reuters de Fox News contribuyeron a este informe.<\/i><\/p>\n<p> <!----> <\/div>\n\n","protected":false},"excerpt":{"rendered":"<p>El primer ministro israel\u00ed, Benjamin Netanyahu, se fue a los Estados Unidos el domingo para reunirse con el presidente de los Estados Unidos, Donald Trump, buscando fortalecer los lazos con el gobierno de los Estados Unidos despu\u00e9s de las tensiones con la administraci\u00f3n Biden sobre la guerra en Gaza. Netanyahu parti\u00f3 hacia Washington en medio &hellip;<\/p>\n","protected":false},"author":1,"featured_media":12939,"comment_status":"open","ping_status":"open","sticky":false,"template":"","format":"standard","meta":{"fifu_image_url":"https:\/\/static.foxnews.com\/foxnews.com\/content\/uploads\/2024\/07\/Donald-Trump-Benjamin-Netanyahu-Mar-a-Lago_06.jpg","fifu_image_alt":"","footnotes":""},"categories":[13],"tags":[],"class_list":["post-12937","post","type-post","status-publish","format-standard","has-post-thumbnail","","category-mundo"],"_links":{"self":[{"href":"https:\/\/noticiasveraces.com\/index.php?rest_route=\/wp\/v2\/posts\/12937","targetHints":{"allow":["GET"]}}],"collection":[{"href":"https:\/\/noticiasveraces.com\/index.php?rest_route=\/wp\/v2\/posts"}],"about":[{"href":"https:\/\/noticiasveraces.com\/index.php?rest_route=\/wp\/v2\/types\/post"}],"author":[{"embeddable":true,"href":"https:\/\/noticiasveraces.com\/index.php?rest_route=\/wp\/v2\/users\/1"}],"replies":[{"embeddable":true,"href":"https:\/\/noticiasveraces.com\/index.php?rest_route=%2Fwp%2Fv2%2Fcomments&post=12937"}],"version-history":[{"count":0,"href":"https:\/\/noticiasveraces.com\/index.php?rest_route=\/wp\/v2\/posts\/12937\/revisions"}],"wp:featuredmedia":[{"embeddable":true,"href":"https:\/\/noticiasveraces.com\/index.php?rest_route=\/wp\/v2\/media\/12939"}],"wp:attachment":[{"href":"https:\/\/noticiasveraces.com\/index.php?rest_route=%2Fwp%2Fv2%2Fmedia&parent=12937"}],"wp:term":[{"taxonomy":"category","embeddable":true,"href":"https:\/\/noticiasveraces.com\/index.php?rest_route=%2Fwp%2Fv2%2Fcategories&post=12937"},{"taxonomy":"post_tag","embeddable":true,"href":"https:\/\/noticiasveraces.com\/index.php?rest_route=%2Fwp%2Fv2%2Ftags&post=12937"}],"curies":[{"name":"wp","href":"https:\/\/api.w.org\/{rel}","templated":true}]}}