{"id":12930,"date":"2025-02-02T04:33:00","date_gmt":"2025-02-02T08:33:00","guid":{"rendered":"https:\/\/noticiasveraces.com\/?p=12930"},"modified":"2025-02-02T04:33:00","modified_gmt":"2025-02-02T08:33:00","slug":"adios-a-ex-expresidente-aleman-humilde-dw-02-02-2025","status":"publish","type":"post","link":"https:\/\/noticiasveraces.com\/?p=12930","title":{"rendered":"Adi\u00f3s A Ex expresidente Alem\u00e1n Humilde &#8211; DW &#8211; 02\/02\/2025"},"content":{"rendered":"<p> \n<\/p>\n<div>\n<p>Horst K\u00f6hler Nunca Fue un Hombre que Buscara El Progonismo. Sin embargo, en la Primavera de 2010, Durante Semanas Acapar\u00f3 las Portadas de Los Medios Alemanes. Entonces era el Presidente de Alemania, ONU Cargo en Gran Medida Ceremonial. En ise Rol, Dio una Entrevista en la Que Coment\u00f3 el Papel de Las Fuerzas Armadas Almasas.<\/p>\n<p>Entonces de 67 A\u00f1os, K\u00f6hler dijo que \u00abun pa\u00eds de nuestro tama\u00f1a, que est\u00e1 orientado hacia el comercio exterior y, porto es muy dependiente del mismo, tambi\u00e9n Debe saber que en lo en duda de duda, en una emergencia, intervenciones militars podr\u00edan NECESARIAS Para Defensor Nuestros Intereses, Como eJemplo, paraegurar rutas comerciales \u00ab.<\/p>\n<h2>Indignaci\u00f3n en berl\u00edn<\/h2>\n<p>R\u00e1pidamete se Hizo evidente que estas declaraciones hab\u00eda sido un error. El intento de justificar el controverstido despliegue militar en afganist\u00e1n con el aseguramiento de rutas comerciales desat\u00f3 cryticas en los partidos. \u00abAmbiguo\u00bb, \u00abun paso en Falso presidencial\u00bb, \u00abPosici\u00f3n\u00f3n extremo\u00bb y \u00absumamento peligroso\u00bb Fueron s\u00f3lo algunas de las reacciones quir\u00fargidas en los c\u00edrculos polficos berlineses.<\/p>\n<p>El hecho de que K\u00f6hler despu\u00e9s dijera que sus palabras no se refer\u00edan al despliegue en Afganist\u00e1n, sino a un compromiso de las Fuerzas Armadas alemanas contra la pirater\u00eda, y que sus declaraciones eran coherentes con un Libro Blanco de la Bundeswehr publicado en 2006, por lo que se trataba de una pol\u00edtica de los datos de la larga, no lo ayuda.<\/p>\n<p>K\u00f6hler, Profundamento Afectado Por la Escala de la Reaci\u00f3n, Dej\u00f3 Su Cargo. Seg\u00fan \u00c9l, Las Cryticas Eran Injustificadas y Carec\u00eda \u00abDel Necesario respeto a mi puesto\u00bb. El c\u00e1ncer de Ni La Angela Merkel Ni la Alt\u00edsima Popularidad del Presidente Puderon Evitar que Dimitiera.<\/p>\n<h2>Mete\u00d3\u00f3rico Ascenso de Un Experto en Finanzas<\/h2>\n<p>La Imagen P\u00fablica de K\u00f6hler Qued\u00f3 Marcada en Alemania para siempre por esas declaraciones y su dimisi\u00f3n posterior. Embargo de pecado, Su Vida P\u00fablica iba Mucho m\u00e1s All\u00e1 de Eso.<\/p>\n<p>S\u00e9ptimo de Ocho Hermanos, Naci\u00f3 en 1943 en Skierbieszow, una Ciudad Polaca Entonces Ocupada por Los Nazis. Crecio En Sajonia y Baden-W\u00fcrttemberg y R\u00e1pidamete Hizo Carrera Tras Estudiar Econom\u00eda en Turingia y Unirse A Las Filas de la Conservadora Uni\u00f3n Cristianodem\u00f3crata (CDU) A Comienzos de Los Ochenta.<\/p>\n<figure class=\"placeholder-image master_landscape big\"><img data-format=\"MASTER_LANDSCAPE\" data-id=\"71480718\" data-url=\"https:\/\/static.dw.com\/image\/71480718_${formatId}.jpg\" data-aspect-ratio=\"16\/9\" alt=\"K\u00f6hler (Segundo desde la Izquierda) Fue Presidente de Alemania Durante Seis A\u00f1os.\" style=\"padding-bottom: 56.25%; height: 0; max-height: 0;\"\/><figcaption class=\"img-caption\">K\u00f6hler (Segundo desde la Izquierda) Fue Presidente de Alemania Durante Seis A\u00f1os.<small class=\"copyright\">Imagen: DPA\/Picture Alliance<\/small><\/figcaption><\/figure>\n<p>COMO Funcionario de Alto Nivel en el Ministerio de Finanzas, Estuvo involucrado en Las Negociaciones para la Reunificaci\u00f3n de Alemania y El Tratado de Maastrich de la Uni\u00f3n Europea. EL A\u00f1o 2000 SE Convirti\u00f3 en el director Gerente del Fondo Monetario Internacional, por sugerencia del c\u00e1ncer de entonces Alem\u00e1n Gerhard Schr\u00f6der, El Partido Socialdem\u00f3crata (SPD).<\/p>\n<p>Pese A OCUPAR PUESTOS DE ENME RESPONSABILIDAD, K\u00f6hler Sigui\u00f3 Sido un desconocido para el P\u00fablico. Tanto Era As\u00ed que cuando Asumi\u00f3 el Cargo de Presidente Alem\u00e1n en El Verano Boreal de 2004, Uno de Los Grandes Tableides del Pa\u00eds Titul\u00f3 \u00ab\u00bfHorst &#8230; qui\u00e9n?\u00bb.<\/p>\n<p>Pese a Estas difunde las condiciones Iniciales, K\u00f6hler Logr\u00f3 Convertirse en Uno de los Pol\u00cdticos m\u00e1s populares de alemania. En Los Sondeos de Opini\u00f3 Realizados Durante sus Seis A\u00f1os en el Cargo, M\u00e1s del 70 por ciento de los consultados dec\u00eda estar \u00abmuy satisfecho\u00bb con su trabajo como presidenta.<\/p>\n<p>Este se debi\u00f3 tambi\u00e9n a su gesti\u00f3n de la crisis financiera global, que en Esos a\u00f1os amenazaba con golpear con dureza a Alemania. Como Exbanquero, K\u00f6hler Conoc\u00eda el Tema y no Oculaba Su Desprecio por la Avaricia en la Industria. En Mayo de 2008 describe un Los Mercados Finicieros como \u00abMonstruo\u00bb que Necesitaba Ser \u00abPUESTO EN Su Lugar\u00bb.<\/p>\n<p>K\u00f6hler Denunci\u00f3 Las Injusticias No Solo en Relaci\u00f3n Conse Sector, Sino Tambi\u00e9n Respeto a \u00c1frica, Continente al Que Ve\u00eda Languid\u00e9cer debido a la ignorancia y falta de Escr\u00fapulos del Llamado \u00abPrimer Mundo\u00bb.<\/p>\n<p><span data-slot-id=\"Article_InContent-1\" class=\"rich-text-ad\"\/><\/p>\n<h2>Inter\u00e9s especial<\/h2>\n<p>Desde Su Presidencia Hasta Poco Antes de su Muerte, K\u00f6hler se Dedic\u00f3 Principalmente a la Pol\u00edtica Exterior. SUS Sucesors Lo Convocaron Reglyment para Representar A Alemania en Asuntos Internacionales, Especialmental en \u00e1crica.<\/p>\n<p>Su inter\u00e9s porse continente, Los proyectos sociales, los negocios sostenibles y una globalizaci\u00f3na humana con reglas confiables no s\u00f3lo fue altruista, sino que se basaba en el realismo pol\u00e9co o \u00abrealpolitik\u00bb. Un eJemplo lo vemos en un discurso de que pronunci\u00f3 en hamburgo a Comienzos de 2018: \u00abDar Perspectivas a la Juventud Africana es Uno de Los Mayores Desaf\u00edos delglo XXI. All\u00ed Crece Un Poder Que Hay Que Tener en Cuenta, Para Bien O para Mal\u00bb .<\/p>\n<p>EN 2017, K\u00f6hler se convirti\u00f3 en enviado especial de naciones unidas para el s\u00e1hara occidental. Su Tarea era buscar salidas al conflicto Sobre ese territorio disputado con marruecos. Cuando Dej\u00f3 El Cargo en Mayo de 2019 Por Razones de Salud, Ambas Partes -El Gobierno de Rabat y El Frente Polisario- Lamentaron la decisi\u00f3n y Expresaron su Gratitud por Los Esfuerzos de K\u00f6hler.<\/p>\n<p>Tras su dimisi\u00f3n como presidente, K\u00f6hler Apenas Coment\u00f3 Asuntos de la Pol\u00edta Interna de Alemania. EN 2021, Demostr\u00f3 que la Proteci\u00f3n del Clima era un asunto relevante paral cuando asumi\u00f3 el Patrocinio del Primer Consejo CiADadano Nacional para la Pol\u00edtica Clim\u00e1tica. UNA Fundaci\u00f3n CREADA POREL Y SU ESCISA PROMUEVE TAMBI\u00c9N INVESTIGACIONES DE DEFERMEDADES RARAS.<\/p>\n<p>Un Horst K\u00f6hler, que vivio entre berl\u00edn y chiemgau, en baviera, lo Sobreviven Su Esposa Eva Luise, Dos Hijos y Varios Nietos.<\/p>\n<p>(DZC\/LGC)<\/p>\n<\/div>\n\n","protected":false},"excerpt":{"rendered":"<p>Horst K\u00f6hler Nunca Fue un Hombre que Buscara El Progonismo. Sin embargo, en la Primavera de 2010, Durante Semanas Acapar\u00f3 las Portadas de Los Medios Alemanes. Entonces era el Presidente de Alemania, ONU Cargo en Gran Medida Ceremonial. En ise Rol, Dio una Entrevista en la Que Coment\u00f3 el Papel de Las Fuerzas Armadas Almasas. &hellip;<\/p>\n","protected":false},"author":1,"featured_media":12931,"comment_status":"open","ping_status":"open","sticky":false,"template":"","format":"standard","meta":{"fifu_image_url":"https:\/\/static.dw.com\/image\/71480950_6.jpg","fifu_image_alt":"","footnotes":""},"categories":[13],"tags":[],"class_list":["post-12930","post","type-post","status-publish","format-standard","has-post-thumbnail","","category-mundo"],"_links":{"self":[{"href":"https:\/\/noticiasveraces.com\/index.php?rest_route=\/wp\/v2\/posts\/12930","targetHints":{"allow":["GET"]}}],"collection":[{"href":"https:\/\/noticiasveraces.com\/index.php?rest_route=\/wp\/v2\/posts"}],"about":[{"href":"https:\/\/noticiasveraces.com\/index.php?rest_route=\/wp\/v2\/types\/post"}],"author":[{"embeddable":true,"href":"https:\/\/noticiasveraces.com\/index.php?rest_route=\/wp\/v2\/users\/1"}],"replies":[{"embeddable":true,"href":"https:\/\/noticiasveraces.com\/index.php?rest_route=%2Fwp%2Fv2%2Fcomments&post=12930"}],"version-history":[{"count":0,"href":"https:\/\/noticiasveraces.com\/index.php?rest_route=\/wp\/v2\/posts\/12930\/revisions"}],"wp:featuredmedia":[{"embeddable":true,"href":"https:\/\/noticiasveraces.com\/index.php?rest_route=\/wp\/v2\/media\/12931"}],"wp:attachment":[{"href":"https:\/\/noticiasveraces.com\/index.php?rest_route=%2Fwp%2Fv2%2Fmedia&parent=12930"}],"wp:term":[{"taxonomy":"category","embeddable":true,"href":"https:\/\/noticiasveraces.com\/index.php?rest_route=%2Fwp%2Fv2%2Fcategories&post=12930"},{"taxonomy":"post_tag","embeddable":true,"href":"https:\/\/noticiasveraces.com\/index.php?rest_route=%2Fwp%2Fv2%2Ftags&post=12930"}],"curies":[{"name":"wp","href":"https:\/\/api.w.org\/{rel}","templated":true}]}}