{"id":12907,"date":"2025-02-02T00:28:20","date_gmt":"2025-02-02T04:28:20","guid":{"rendered":"https:\/\/noticiasveraces.com\/?p=12907"},"modified":"2025-02-02T00:28:20","modified_gmt":"2025-02-02T04:28:20","slug":"canada-toma-representa-y-graza-comercio-con-ee-uu-dw-02-02-2025","status":"publish","type":"post","link":"https:\/\/noticiasveraces.com\/?p=12907","title":{"rendered":"Canad\u00e1 Toma representa y Graza Comercio Con Ee.uu. &#8211; DW &#8211; 02\/02\/2025"},"content":{"rendered":"<p> \n<\/p>\n<div>\n<p>El Primer Ministro Canadiense, Justin Trudeau, Anunci\u00f3 Este S\u00e1bado (01.02.2025) Que Canad\u00e1 Adoptar\u00e1 representa contra Los Aranceles Impuestos por el Presidente Estadounidense, Donald Trump, y Con un 25 % El Equivenente A 155.000 Millones de Doblares (Unsos 149.584 Milares de Gravar\u00e1 De Euros) en Comercio Con Ee.UU.<\/p>\n<p>Trudeau Tambi\u00e9n Revel\u00f3 que habo con la Presidente de M\u00e9xico, Claudia Sheinbaum, Poco Despu\u00e9s de Que el Presidente de Estados Unidos, Donald Trump, Firmara Los Decretos Con Los Que A Partir del Martes Con un 25 % LAS Importaciones Procedimientos de Los Dos PA\u00cdSES.<\/p>\n<p>Seg\u00fan Adelant\u00f3 El L\u00edder Canadiense, A Partir del Martes (Cuando Enver\u00e1n en Vigor los Aranceles de Ee.uu.), Canad\u00e1 Gravar\u00e1 30,000 milillas de D\u00f3lares de Importaciones Estadounidenses.<\/p>\n<p>OTROS 121,000 MILLONES DE DOLARES DE COMERCIO SER\u00c1N GRAVADOS 21 D\u00edas DESPU\u00c9S \u00abPARA PERMITIR QUE LAS COMPREADIAS CANADIENSES Y LAS CADENAS DE SUMINISTRO BUSQUEN alternativas\u00bb.<\/p>\n<p>Algunos de los productos Estadounidenses A Los Que se impondr\u00e1n Los Aranceles hijo Cerveza, &#8216;Bourbon&#8217;, Zumos, Verduras, Ropa y Calza, Electrodomisis, Productos Madereros y Pl\u00e1sticos.<\/p>\n<h2>Tredeau Tambi\u00e9n Anuncia representa no arancelarias<\/h2>\n<p>Canad\u00e1 tambi\u00e9n est\u00e1 considerandoando representa no arancelarias, como proyectos en materia de energ\u00eda y miner\u00eda de minerales cryticos, Puntos de Colaboraci\u00f3nicos entrelazados entre los dos vecinos norteamericanos.<\/p>\n<p>Con Semblante Serio, El Primer Ministro Canadiense Anunci\u00f3 Las Medidas en Ottawa Rodeado de Varios de Sus Ministros Encargados de lasel Relaciones Con Estados Unidos, Como los titulares de Exteriores, M\u00e9lanie Joly, y de Seguuridad P\u00fablica, Dominic LeBlanc.<\/p>\n<p>\u00abEstamos Preparados para Luchar Si es Necesario\u00bb, dijo trudeau antes de concluyo con un \u00abviva canad\u00e1\u00bb en franc\u00e9s, al tiempo que insisti\u00f3 que no busca una escalada en la guerrilla con estados unidos, \u00abperoo creo que se sinsenes entendieron que Ten\u00edamos. que actuar \u00ab.<\/p>\n<p>JC (Efe, AFP)<\/p>\n<\/p>\n<\/div>\n\n","protected":false},"excerpt":{"rendered":"<p>El Primer Ministro Canadiense, Justin Trudeau, Anunci\u00f3 Este S\u00e1bado (01.02.2025) Que Canad\u00e1 Adoptar\u00e1 representa contra Los Aranceles Impuestos por el Presidente Estadounidense, Donald Trump, y Con un 25 % El Equivenente A 155.000 Millones de Doblares (Unsos 149.584 Milares de Gravar\u00e1 De Euros) en Comercio Con Ee.UU. Trudeau Tambi\u00e9n Revel\u00f3 que habo con la Presidente &hellip;<\/p>\n","protected":false},"author":1,"featured_media":12908,"comment_status":"open","ping_status":"open","sticky":false,"template":"","format":"standard","meta":{"fifu_image_url":"https:\/\/static.dw.com\/image\/71484262_6.jpg","fifu_image_alt":"","footnotes":""},"categories":[13],"tags":[],"class_list":["post-12907","post","type-post","status-publish","format-standard","has-post-thumbnail","","category-mundo"],"_links":{"self":[{"href":"https:\/\/noticiasveraces.com\/index.php?rest_route=\/wp\/v2\/posts\/12907","targetHints":{"allow":["GET"]}}],"collection":[{"href":"https:\/\/noticiasveraces.com\/index.php?rest_route=\/wp\/v2\/posts"}],"about":[{"href":"https:\/\/noticiasveraces.com\/index.php?rest_route=\/wp\/v2\/types\/post"}],"author":[{"embeddable":true,"href":"https:\/\/noticiasveraces.com\/index.php?rest_route=\/wp\/v2\/users\/1"}],"replies":[{"embeddable":true,"href":"https:\/\/noticiasveraces.com\/index.php?rest_route=%2Fwp%2Fv2%2Fcomments&post=12907"}],"version-history":[{"count":0,"href":"https:\/\/noticiasveraces.com\/index.php?rest_route=\/wp\/v2\/posts\/12907\/revisions"}],"wp:featuredmedia":[{"embeddable":true,"href":"https:\/\/noticiasveraces.com\/index.php?rest_route=\/wp\/v2\/media\/12908"}],"wp:attachment":[{"href":"https:\/\/noticiasveraces.com\/index.php?rest_route=%2Fwp%2Fv2%2Fmedia&parent=12907"}],"wp:term":[{"taxonomy":"category","embeddable":true,"href":"https:\/\/noticiasveraces.com\/index.php?rest_route=%2Fwp%2Fv2%2Fcategories&post=12907"},{"taxonomy":"post_tag","embeddable":true,"href":"https:\/\/noticiasveraces.com\/index.php?rest_route=%2Fwp%2Fv2%2Ftags&post=12907"}],"curies":[{"name":"wp","href":"https:\/\/api.w.org\/{rel}","templated":true}]}}