{"id":12895,"date":"2025-02-01T22:25:01","date_gmt":"2025-02-02T02:25:01","guid":{"rendered":"https:\/\/noticiasveraces.com\/?p=12895"},"modified":"2025-02-01T22:25:01","modified_gmt":"2025-02-02T02:25:01","slug":"el-rey-charles-dice-nuestros-corazones-con-nosotros-despues-de-perdida-de-vida-devastadora-en-el-accidente-aereo-de-dc","status":"publish","type":"post","link":"https:\/\/noticiasveraces.com\/?p=12895","title":{"rendered":"El rey Charles dice &#8216;nuestros corazones&#8217; con nosotros despu\u00e9s de &#8216;p\u00e9rdida de vida devastadora&#8217; en el accidente a\u00e9reo de DC"},"content":{"rendered":"<p> \n<\/p>\n<div>\n<p class=\"speakable\">El rey Carlos III envi\u00f3 condolencias el s\u00e1bado a los Estados Unidos y las familias de las v\u00edctimas de accidentes de aviones de Washington, DC. <\/p>\n<p class=\"speakable\">\u00abMi familia y yo hemos estado profundamente sorprendidos y entristecidos por las terribles noticias del tr\u00e1gico accidente a\u00e9reo en Washington, DC, lo que ha llevado a una p\u00e9rdida de vidas tan devastadora\u00bb, dijo el monarca en un memorando publicado por Buckingham Palace y compartido por M\u00faltiples medios de comunicaci\u00f3n. <\/p>\n<p>\u00abNuestros corazones y nuestros pensamientos especiales est\u00e1n con la gente de los Estados Unidos, y nuestra m\u00e1s profunda simpat\u00eda posible va a las familias y seres queridos de todas las v\u00edctimas\u00bb.<\/p>\n<p>Charles tambi\u00e9n dijo que quer\u00eda rendir \u00abtributo particular a los respondedores de emergencia que actuaron tan r\u00e1pido en este horrendo evento\u00bb. <\/p>\n<p><strong>Los investigadores de accidentes de aviones de DC recuperan las cajas negras de American Airlines despu\u00e9s de la colisi\u00f3n en el aire<\/strong><\/p>\n<div class=\"image-ct inline\">\n<div class=\"m\"><picture><source media=\"(max-width: 767px)\" srcset=\"https:\/\/a57.foxnews.com\/static.foxnews.com\/foxnews.com\/content\/uploads\/2025\/02\/343\/192\/king-charles-split-with-dc-crash.jpg?ve=1&amp;tl=1, https:\/\/a57.foxnews.com\/static.foxnews.com\/foxnews.com\/content\/uploads\/2025\/02\/686\/384\/king-charles-split-with-dc-crash.jpg?ve=1&amp;tl=1 2x\" height=\"192\" width=\"343\"><source media=\"(min-width: 768px) and (max-width: 1023px)\" srcset=\"https:\/\/a57.foxnews.com\/static.foxnews.com\/foxnews.com\/content\/uploads\/2025\/02\/672\/378\/king-charles-split-with-dc-crash.jpg?ve=1&amp;tl=1, https:\/\/a57.foxnews.com\/static.foxnews.com\/foxnews.com\/content\/uploads\/2025\/02\/1344\/756\/king-charles-split-with-dc-crash.jpg?ve=1&amp;tl=1 2x\" height=\"378\" width=\"672\"><source media=\"(min-width: 1024px) and (max-width: 1279px)\" srcset=\"https:\/\/a57.foxnews.com\/static.foxnews.com\/foxnews.com\/content\/uploads\/2025\/02\/931\/523\/king-charles-split-with-dc-crash.jpg?ve=1&amp;tl=1, https:\/\/a57.foxnews.com\/static.foxnews.com\/foxnews.com\/content\/uploads\/2025\/02\/1862\/1046\/king-charles-split-with-dc-crash.jpg?ve=1&amp;tl=1 2x\" height=\"523\" width=\"931\"><source media=\"(min-width: 1280px)\" srcset=\"https:\/\/a57.foxnews.com\/static.foxnews.com\/foxnews.com\/content\/uploads\/2025\/02\/720\/405\/king-charles-split-with-dc-crash.jpg?ve=1&amp;tl=1, https:\/\/a57.foxnews.com\/static.foxnews.com\/foxnews.com\/content\/uploads\/2025\/02\/1440\/810\/king-charles-split-with-dc-crash.jpg?ve=1&amp;tl=1 2x\" height=\"405\" width=\"720\"><img loading=\"lazy\" decoding=\"async\" src=\"https:\/\/a57.foxnews.com\/static.foxnews.com\/foxnews.com\/content\/uploads\/2025\/02\/1200\/675\/king-charles-split-with-dc-crash.jpg?ve=1&amp;tl=1\" alt=\"Divisi\u00f3n de King Charles y DC Crash\" width=\"1200\" height=\"675\"\/><\/source><\/source><\/source><\/source><\/picture><\/div>\n<div class=\"info\">\n<div class=\"caption\">\n<p><span>El rey Carlos III envi\u00f3 sus condolencias a los Estados Unidos y a las familias de las v\u00edctimas del accidente a\u00e9reo de Washington, DC, el s\u00e1bado. <\/span> <span>(Getty Images)<\/span><\/p>\n<\/div>\n<\/div>\n<\/div>\n<p>El mi\u00e9rcoles por la noche, 64 personas estaban a bordo de un avi\u00f3n regional de American Airlines entrando en el aeropuerto nacional de Reagan desde Wichita, Kansas, cuando el avi\u00f3n choc\u00f3 con un helic\u00f3ptero de halc\u00f3n negro del ej\u00e9rcito que transportaba a tres soldados, enviando ambos aviones al Potomac y sin dejar sobrevivientes. <\/p>\n<p>La causa de la colisi\u00f3n permanece bajo investigaci\u00f3n. <\/p>\n<p>Los equipos de b\u00fasqueda todav\u00eda est\u00e1n recuperando cuerpos, y ambos aviones permanecen en el r\u00edo Potomac hasta que puedan retirarse en una operaci\u00f3n de rescate. <\/p>\n<p>El accidente es el primer accidente de la aerol\u00ednea comercial en suelo estadounidense desde 2009, cuando 50 personas fueron asesinadas cuando un avi\u00f3n con destino a b\u00fafalo, Nueva York, se detuvo despu\u00e9s del despegue. <\/p>\n<p>El rey tambi\u00e9n ofreci\u00f3 condolencias en diciembre para las v\u00edctimas de un accidente a\u00e9reo del 29 de diciembre en Corea del Sur que mat\u00f3 a 179 personas. <\/p>\n<p>\u00abMi esposa y yo est\u00e1bamos profundamente entristecidos al enterarse del horrible accidente a\u00e9reo en Muan, lo que result\u00f3 en una p\u00e9rdida de vidas tan grave\u00bb, dijo en ese momento. \u00abA medida que la gente de la Rep\u00fablica de Corea llora este desastre, las familias y los seres queridos de todas las v\u00edctimas est\u00e1n en nuestras oraciones\u00bb.<\/p>\n<div class=\"image-ct inline\">\n<div class=\"m\"><picture><source media=\"(max-width: 767px)\" srcset=\"https:\/\/a57.foxnews.com\/static.foxnews.com\/foxnews.com\/content\/uploads\/2025\/01\/343\/192\/dc-crash-recovery.jpg?ve=1&amp;tl=1, https:\/\/a57.foxnews.com\/static.foxnews.com\/foxnews.com\/content\/uploads\/2025\/01\/686\/384\/dc-crash-recovery.jpg?ve=1&amp;tl=1 2x\" height=\"192\" width=\"343\"><source media=\"(min-width: 768px) and (max-width: 1023px)\" srcset=\"https:\/\/a57.foxnews.com\/static.foxnews.com\/foxnews.com\/content\/uploads\/2025\/01\/672\/378\/dc-crash-recovery.jpg?ve=1&amp;tl=1, https:\/\/a57.foxnews.com\/static.foxnews.com\/foxnews.com\/content\/uploads\/2025\/01\/1344\/756\/dc-crash-recovery.jpg?ve=1&amp;tl=1 2x\" height=\"378\" width=\"672\"><source media=\"(min-width: 1024px) and (max-width: 1279px)\" srcset=\"https:\/\/a57.foxnews.com\/static.foxnews.com\/foxnews.com\/content\/uploads\/2025\/01\/931\/523\/dc-crash-recovery.jpg?ve=1&amp;tl=1, https:\/\/a57.foxnews.com\/static.foxnews.com\/foxnews.com\/content\/uploads\/2025\/01\/1862\/1046\/dc-crash-recovery.jpg?ve=1&amp;tl=1 2x\" height=\"523\" width=\"931\"><source media=\"(min-width: 1280px)\" srcset=\"https:\/\/a57.foxnews.com\/static.foxnews.com\/foxnews.com\/content\/uploads\/2025\/01\/720\/405\/dc-crash-recovery.jpg?ve=1&amp;tl=1, https:\/\/a57.foxnews.com\/static.foxnews.com\/foxnews.com\/content\/uploads\/2025\/01\/1440\/810\/dc-crash-recovery.jpg?ve=1&amp;tl=1 2x\" height=\"405\" width=\"720\"><img loading=\"lazy\" decoding=\"async\" src=\"https:\/\/a57.foxnews.com\/static.foxnews.com\/foxnews.com\/content\/uploads\/2025\/01\/1200\/675\/dc-crash-recovery.jpg?ve=1&amp;tl=1\" alt=\"Los esfuerzos de recuperaci\u00f3n en curso despu\u00e9s de la colisi\u00f3n en el aire deja 67 muertos\" width=\"1200\" height=\"675\"\/><\/source><\/source><\/source><\/source><\/picture><\/div>\n<div class=\"info\">\n<div class=\"caption\">\n<p><span>Los trabajadores de emergencia recuperan los escombros del r\u00edo Potomac el jueves despu\u00e9s de la colisi\u00f3n del mi\u00e9rcoles por la noche entre el vuelo 5342 de American Eagle y un helic\u00f3ptero Black Hawk.<\/span> <span>(Reuters\/Carlos Barria)<\/span><\/p>\n<\/div>\n<\/div>\n<\/div>\n<p><strong>V\u00edctimas identificadas en un accidente a\u00e9reo de DC que involucra a Jet American Airlines y helic\u00f3ptero militar<\/strong><\/p>\n<p>La familia real no es ajena a la tragedia. La princesa Diana fue asesinada en un accidente automovil\u00edstico en Par\u00eds en 1997, y Lord Louis Mountbatten, el primo segundo de la fallecida reina Isabel, fue asesinado en un bombardeo terrorista del ej\u00e9rcito republicano irland\u00e9s en Irlanda en 1979. <\/p>\n<p>El fallecido t\u00edo de la reina, el Pr\u00edncipe George, el duque de Kent, tambi\u00e9n muri\u00f3 en un accidente a\u00e9reo en 1942 mientras visitaba tropas en Islandia. Y su primer primo, el pr\u00edncipe William, el duque de Gloucester, muri\u00f3 en 1972 mientras pilotaba un avi\u00f3n en una carrera durante un espect\u00e1culo a\u00e9reo en Staffordshire, Inglaterra. <\/p>\n<div class=\"image-ct inline\">\n<div class=\"m\"><picture><source media=\"(max-width: 767px)\" srcset=\"https:\/\/a57.foxnews.com\/static.foxnews.com\/foxnews.com\/content\/uploads\/2025\/02\/343\/192\/prince-charles-piloting.jpg?ve=1&amp;tl=1, https:\/\/a57.foxnews.com\/static.foxnews.com\/foxnews.com\/content\/uploads\/2025\/02\/686\/384\/prince-charles-piloting.jpg?ve=1&amp;tl=1 2x\" height=\"192\" width=\"343\"><source media=\"(min-width: 768px) and (max-width: 1023px)\" srcset=\"https:\/\/a57.foxnews.com\/static.foxnews.com\/foxnews.com\/content\/uploads\/2025\/02\/672\/378\/prince-charles-piloting.jpg?ve=1&amp;tl=1, https:\/\/a57.foxnews.com\/static.foxnews.com\/foxnews.com\/content\/uploads\/2025\/02\/1344\/756\/prince-charles-piloting.jpg?ve=1&amp;tl=1 2x\" height=\"378\" width=\"672\"><source media=\"(min-width: 1024px) and (max-width: 1279px)\" srcset=\"https:\/\/a57.foxnews.com\/static.foxnews.com\/foxnews.com\/content\/uploads\/2025\/02\/931\/523\/prince-charles-piloting.jpg?ve=1&amp;tl=1, https:\/\/a57.foxnews.com\/static.foxnews.com\/foxnews.com\/content\/uploads\/2025\/02\/1862\/1046\/prince-charles-piloting.jpg?ve=1&amp;tl=1 2x\" height=\"523\" width=\"931\"><source media=\"(min-width: 1280px)\" srcset=\"https:\/\/a57.foxnews.com\/static.foxnews.com\/foxnews.com\/content\/uploads\/2025\/02\/720\/405\/prince-charles-piloting.jpg?ve=1&amp;tl=1, https:\/\/a57.foxnews.com\/static.foxnews.com\/foxnews.com\/content\/uploads\/2025\/02\/1440\/810\/prince-charles-piloting.jpg?ve=1&amp;tl=1 2x\" height=\"405\" width=\"720\"><img loading=\"lazy\" decoding=\"async\" src=\"https:\/\/a57.foxnews.com\/static.foxnews.com\/foxnews.com\/content\/uploads\/2025\/02\/1200\/675\/prince-charles-piloting.jpg?ve=1&amp;tl=1\" alt=\"El entonces Pr\u00edncipe Carlos pilotando un avi\u00f3n de la Royal Air Force\" width=\"1200\" height=\"675\"\/><\/source><\/source><\/source><\/source><\/picture><\/div>\n<div class=\"info\">\n<div class=\"caption\">\n<p><span>El Pr\u00edncipe Carlos, visto aqu\u00ed en 1971, aprendi\u00f3 a volar en la Royal Air Force. <\/span> <span>(Archive\/Getty Images de UPI\/Bettmann)<\/span><\/p>\n<\/div>\n<\/div>\n<\/div>\n<p>La familia real a menudo est\u00e1 en el aire, volando a lugares remotos, y el Pr\u00edncipe Philip y el Rey Carlos aprendieron a volar en el ej\u00e9rcito. El pr\u00edncipe William y el pr\u00edncipe Harry tambi\u00e9n fueron pilotos de helic\u00f3pteros en el ej\u00e9rcito. <\/p>\n<p><strong>Haga clic aqu\u00ed para obtener la aplicaci\u00f3n Fox News<\/strong><\/p>\n<p>Charles tuvo un incidente aterrador mientras pilotaba un avi\u00f3n peque\u00f1o y no militar en 1994 sobre las H\u00e9bridas Interiantes de Escocia cuando revoc\u00f3 un neum\u00e1tico y sobrepas\u00f3 una pista. <\/p>\n<p>Un a\u00f1o despu\u00e9s, renunci\u00f3 a su licencia de piloto.<\/p>\n<p> <!----> <\/div>\n\n","protected":false},"excerpt":{"rendered":"<p>El rey Carlos III envi\u00f3 condolencias el s\u00e1bado a los Estados Unidos y las familias de las v\u00edctimas de accidentes de aviones de Washington, DC. \u00abMi familia y yo hemos estado profundamente sorprendidos y entristecidos por las terribles noticias del tr\u00e1gico accidente a\u00e9reo en Washington, DC, lo que ha llevado a una p\u00e9rdida de vidas &hellip;<\/p>\n","protected":false},"author":1,"featured_media":12897,"comment_status":"open","ping_status":"open","sticky":false,"template":"","format":"standard","meta":{"fifu_image_url":"https:\/\/static.foxnews.com\/foxnews.com\/content\/uploads\/2025\/02\/king-charles-split-with-dc-crash.jpg","fifu_image_alt":"","footnotes":""},"categories":[13],"tags":[],"class_list":["post-12895","post","type-post","status-publish","format-standard","has-post-thumbnail","","category-mundo"],"_links":{"self":[{"href":"https:\/\/noticiasveraces.com\/index.php?rest_route=\/wp\/v2\/posts\/12895","targetHints":{"allow":["GET"]}}],"collection":[{"href":"https:\/\/noticiasveraces.com\/index.php?rest_route=\/wp\/v2\/posts"}],"about":[{"href":"https:\/\/noticiasveraces.com\/index.php?rest_route=\/wp\/v2\/types\/post"}],"author":[{"embeddable":true,"href":"https:\/\/noticiasveraces.com\/index.php?rest_route=\/wp\/v2\/users\/1"}],"replies":[{"embeddable":true,"href":"https:\/\/noticiasveraces.com\/index.php?rest_route=%2Fwp%2Fv2%2Fcomments&post=12895"}],"version-history":[{"count":0,"href":"https:\/\/noticiasveraces.com\/index.php?rest_route=\/wp\/v2\/posts\/12895\/revisions"}],"wp:featuredmedia":[{"embeddable":true,"href":"https:\/\/noticiasveraces.com\/index.php?rest_route=\/wp\/v2\/media\/12897"}],"wp:attachment":[{"href":"https:\/\/noticiasveraces.com\/index.php?rest_route=%2Fwp%2Fv2%2Fmedia&parent=12895"}],"wp:term":[{"taxonomy":"category","embeddable":true,"href":"https:\/\/noticiasveraces.com\/index.php?rest_route=%2Fwp%2Fv2%2Fcategories&post=12895"},{"taxonomy":"post_tag","embeddable":true,"href":"https:\/\/noticiasveraces.com\/index.php?rest_route=%2Fwp%2Fv2%2Ftags&post=12895"}],"curies":[{"name":"wp","href":"https:\/\/api.w.org\/{rel}","templated":true}]}}