{"id":12890,"date":"2025-02-01T21:17:10","date_gmt":"2025-02-02T01:17:10","guid":{"rendered":"https:\/\/noticiasveraces.com\/?p=12890"},"modified":"2025-02-01T21:17:10","modified_gmt":"2025-02-02T01:17:10","slug":"alemania-no-endurecera-su-politica-migratoria-como-pedia-cdu-dw-31-01-2025","status":"publish","type":"post","link":"https:\/\/noticiasveraces.com\/?p=12890","title":{"rendered":"Alemania no Endurecer\u00e1 Su Pol\u00edtica migratoria como ped\u00eda CDU &#8211; DW &#8211; 31\/01\/2025"},"content":{"rendered":"<p> \n<\/p>\n<div>\n<p>La Pol\u00e9mica Votaci\u00f3n de Este Viernes (31.01.2025) En la C\u00e1maina Baja del Parlamento Alem\u00e1n, El Bundestag, Rechaz\u00f3 Finalmento El Proyecto de Ley para Restringir la Pol\u00edtica Migratoria. El debate parlamentario empez\u00f3 con varias horas de retraso, desespu\u00e9s de un intento fallido de de \u00datimo minuto de llegar un un compro El Proyecto de Ley Obtuvo 338 Votos A favor, Frente A 350 en Contra, con 5 abstenciones.<\/p>\n<p>LA Presidente del Grupo Parlamentario de Izquierda, Heidi Reichinnek, Ha Acogido con Satisfacci\u00f3n el Fracaso del Pol\u00e9mico Proyecto de Ley para Limitar la Inmigraci\u00f3n en El Bundestag. \u00abMe siento muy aliviada\u00bb, dijo a la cadena de televisi\u00f3n Phoenix. Sin Los Votos de la Izquierda, El Rechazo no Habr\u00eda Funci\u00f3n, celebr\u00f3. \u00abEs Horrible Haya Llegado Tan Lejos\u00bb, A\u00f1adi\u00f3.<\/p>\n<p>\u00abPor Primera Vez Existe El Peligro Que Con Los Votos de alternativa para Alemania (Afd) Se modifiquen en el Bundestag el Derecho y la Ley, Que Son El Fundamento de Nuestra Democracia, y de Queemania Abandone As\u00ed El Centro de Europa\u00bb, HaB\u00eda Dicho el Jefe del Grupo Parlamentario Socialdem\u00f3crata Rolf M\u00fctzenich. El Socialdem\u00f3crata Inst\u00f3 a la Conservadora Uni\u00f3n Cristianodem\u00f3crata (Cdu) de Friedrich Merz A APLAZAR LA VOCTI\u00d3N DE SU BORRADOR. \u00abA\u00fan Podemos Cerrarle Juntos la Puerta Al Infierno\u00bb, Dijo M\u00fctzenich, Instando a la Derecha A \u00abReastable El Cord\u00f3n Sanitario\u00bb de las Formacaciones moderadas contra la Afd.<\/p>\n<p>El L\u00edder y Candidato Conservador, Merz, favorito de las Encuestas de Cara a las elecciones del 23 de febrero en alemania, denunci\u00f3 por su parte que el debate no se estaba centrando en el contenido del borrador, sino en la cuesti\u00f3nel del apoyo de la afd . El L\u00edder Conservador Record\u00f3 que su proyecto de ley propone la reunificaci\u00f3n conocida para algunos topos de refugiados, ampliar las competencias de la polic\u00eda y fijar en la ley el objetivo de restaringir la migraci\u00f3n, metas que no son ajenas de por s\u00ed a los partidos Gobierno.<\/p>\n<p>\u00abDesde mi Partido nado le derece la Mano A Afd, Un Partido Que es en Gran Parte de Extreme Derecha y Socava El Fundamento de la Democracia\u00bb, Asegur\u00f3 Merz, Que Indic\u00f3 Que los Ciudadanos Preocupados por la Segunidad \u00abDecisiones Esperan\u00bb. Un pesar de que merz Mantiena que no form\u00e1 una alianza con afd tras las elecciones, su partidointrodujo el mi\u00e9r\u00e9rcoles una moci\u00f3n no vinculante que por por primera vez fue aprobada cons votos de la ultraderecha. La Pol\u00e9mica Votaci\u00f3n Provoc\u00f3 Entonces que Gran Parte de la Sociedad Civil Alemana se Movilizara Para Protestar Frente A lo que considere la ruptura de un tab\u00fa dem\u00f3crata.<\/p>\n<p>LGC (AFP, EFE, DPA)<\/p>\n<\/div>\n\n","protected":false},"excerpt":{"rendered":"<p>La Pol\u00e9mica Votaci\u00f3n de Este Viernes (31.01.2025) En la C\u00e1maina Baja del Parlamento Alem\u00e1n, El Bundestag, Rechaz\u00f3 Finalmento El Proyecto de Ley para Restringir la Pol\u00edtica Migratoria. El debate parlamentario empez\u00f3 con varias horas de retraso, desespu\u00e9s de un intento fallido de de \u00datimo minuto de llegar un un compro El Proyecto de Ley Obtuvo &hellip;<\/p>\n","protected":false},"author":1,"featured_media":12891,"comment_status":"open","ping_status":"open","sticky":false,"template":"","format":"standard","meta":{"fifu_image_url":"https:\/\/static.dw.com\/image\/71473902_6.jpg","fifu_image_alt":"","footnotes":""},"categories":[13],"tags":[],"class_list":["post-12890","post","type-post","status-publish","format-standard","has-post-thumbnail","","category-mundo"],"_links":{"self":[{"href":"https:\/\/noticiasveraces.com\/index.php?rest_route=\/wp\/v2\/posts\/12890","targetHints":{"allow":["GET"]}}],"collection":[{"href":"https:\/\/noticiasveraces.com\/index.php?rest_route=\/wp\/v2\/posts"}],"about":[{"href":"https:\/\/noticiasveraces.com\/index.php?rest_route=\/wp\/v2\/types\/post"}],"author":[{"embeddable":true,"href":"https:\/\/noticiasveraces.com\/index.php?rest_route=\/wp\/v2\/users\/1"}],"replies":[{"embeddable":true,"href":"https:\/\/noticiasveraces.com\/index.php?rest_route=%2Fwp%2Fv2%2Fcomments&post=12890"}],"version-history":[{"count":0,"href":"https:\/\/noticiasveraces.com\/index.php?rest_route=\/wp\/v2\/posts\/12890\/revisions"}],"wp:featuredmedia":[{"embeddable":true,"href":"https:\/\/noticiasveraces.com\/index.php?rest_route=\/wp\/v2\/media\/12891"}],"wp:attachment":[{"href":"https:\/\/noticiasveraces.com\/index.php?rest_route=%2Fwp%2Fv2%2Fmedia&parent=12890"}],"wp:term":[{"taxonomy":"category","embeddable":true,"href":"https:\/\/noticiasveraces.com\/index.php?rest_route=%2Fwp%2Fv2%2Fcategories&post=12890"},{"taxonomy":"post_tag","embeddable":true,"href":"https:\/\/noticiasveraces.com\/index.php?rest_route=%2Fwp%2Fv2%2Ftags&post=12890"}],"curies":[{"name":"wp","href":"https:\/\/api.w.org\/{rel}","templated":true}]}}