{"id":12869,"date":"2025-02-01T17:09:59","date_gmt":"2025-02-01T21:09:59","guid":{"rendered":"https:\/\/noticiasveraces.com\/?p=12869"},"modified":"2025-02-01T17:09:59","modified_gmt":"2025-02-01T21:09:59","slug":"epic-de-la-segunda-guerra-mundial-ganadora-del-oscar-esta-en-la-bbc-dos-este-fin-de-semana-peliculas-entretenimiento","status":"publish","type":"post","link":"https:\/\/noticiasveraces.com\/?p=12869","title":{"rendered":"Epic de la Segunda Guerra Mundial ganadora del Oscar est\u00e1 en la BBC dos este fin de semana | Pel\u00edculas | Entretenimiento"},"content":{"rendered":"<p> \n<\/p>\n<div>\n<p>En 1961, Stanley Kramer produjo y dirigi\u00f3 el juicio de drama legal \u00e9pico en Nuremberg.<\/p>\n<p>El elenco de estrellas fue dirigido por Spencer Tracy, Burt Lancaster, Richard Widmark, Marlene Dietrich, Maximilian Schell, Judy Garland, Montgomery Clift y William Shatner.<\/p>\n<p>La Epic de la Segunda Guerra Mundial, tres horas y 10 minutos, se centra en el juicio de los jueces de 1947, uno de los 12 tribunales militares de Nuremberg.<\/p>\n<p>La historia ficticia con personajes ficticios sigue a cuatro jueces alemanes que sirvieron durante el r\u00e9gimen nazi y enfrentan cargos de cr\u00edmenes contra la humanidad, incluida la perpetraci\u00f3n del Holocausto.<\/p>\n<p>Una pieza popular de trivia es que el discurso de cierre de 11 minutos de Spencer Tracey se film\u00f3 en una toma utilizando m\u00faltiples c\u00e1maras simult\u00e1neamente. Sin embargo, ten\u00eda una competencia de actuaci\u00f3n dura y lo sab\u00eda.<\/p>\n<\/div>\n<div>\n<p>Durante la filmaci\u00f3n, Tracy dijo Widmark de la actuaci\u00f3n de Schell: \u00abDick, estamos en problemas. Tenemos que tener en cuenta a ese joven. Es muy bueno. Se va a ir al Oscar para esta imagen\u00bb. Y a pesar de que Tracy fue nominada al mejor actor junto con Schell, eso es exactamente lo que sucedi\u00f3.<\/p>\n<p>Nominado para 11 Premios de la Academia, la pel\u00edcula gan\u00f3 dos Oscar: Mejor Actor a Maximilian Schell y el Mejor Gui\u00f3n para Abby Mann.<\/p>\n<p><em><strong>El juicio en Nuremberg est\u00e1 en la BBC dos a las 12:45 pm este s\u00e1bado y estar\u00e1 en la BBC iPlayer despu\u00e9s por un tiempo limitado.<\/strong><\/em><\/p>\n<\/div>\n\n","protected":false},"excerpt":{"rendered":"<p>En 1961, Stanley Kramer produjo y dirigi\u00f3 el juicio de drama legal \u00e9pico en Nuremberg. El elenco de estrellas fue dirigido por Spencer Tracy, Burt Lancaster, Richard Widmark, Marlene Dietrich, Maximilian Schell, Judy Garland, Montgomery Clift y William Shatner. La Epic de la Segunda Guerra Mundial, tres horas y 10 minutos, se centra en el &hellip;<\/p>\n","protected":false},"author":1,"featured_media":12870,"comment_status":"open","ping_status":"open","sticky":false,"template":"","format":"standard","meta":{"fifu_image_url":"https:\/\/cdn.images.express.co.uk\/img\/dynamic\/36\/1200x630\/5926558.jpg","fifu_image_alt":"","footnotes":""},"categories":[765],"tags":[],"class_list":["post-12869","post","type-post","status-publish","format-standard","has-post-thumbnail","","category-peliculas"],"_links":{"self":[{"href":"https:\/\/noticiasveraces.com\/index.php?rest_route=\/wp\/v2\/posts\/12869","targetHints":{"allow":["GET"]}}],"collection":[{"href":"https:\/\/noticiasveraces.com\/index.php?rest_route=\/wp\/v2\/posts"}],"about":[{"href":"https:\/\/noticiasveraces.com\/index.php?rest_route=\/wp\/v2\/types\/post"}],"author":[{"embeddable":true,"href":"https:\/\/noticiasveraces.com\/index.php?rest_route=\/wp\/v2\/users\/1"}],"replies":[{"embeddable":true,"href":"https:\/\/noticiasveraces.com\/index.php?rest_route=%2Fwp%2Fv2%2Fcomments&post=12869"}],"version-history":[{"count":0,"href":"https:\/\/noticiasveraces.com\/index.php?rest_route=\/wp\/v2\/posts\/12869\/revisions"}],"wp:featuredmedia":[{"embeddable":true,"href":"https:\/\/noticiasveraces.com\/index.php?rest_route=\/wp\/v2\/media\/12870"}],"wp:attachment":[{"href":"https:\/\/noticiasveraces.com\/index.php?rest_route=%2Fwp%2Fv2%2Fmedia&parent=12869"}],"wp:term":[{"taxonomy":"category","embeddable":true,"href":"https:\/\/noticiasveraces.com\/index.php?rest_route=%2Fwp%2Fv2%2Fcategories&post=12869"},{"taxonomy":"post_tag","embeddable":true,"href":"https:\/\/noticiasveraces.com\/index.php?rest_route=%2Fwp%2Fv2%2Ftags&post=12869"}],"curies":[{"name":"wp","href":"https:\/\/api.w.org\/{rel}","templated":true}]}}