{"id":12861,"date":"2025-02-01T16:10:10","date_gmt":"2025-02-01T20:10:10","guid":{"rendered":"https:\/\/noticiasveraces.com\/?p=12861"},"modified":"2025-02-01T16:10:10","modified_gmt":"2025-02-01T20:10:10","slug":"muel-el-expresidente-aleman-horst-kohler-a-los-81-anos-dw-01-02-2025","status":"publish","type":"post","link":"https:\/\/noticiasveraces.com\/?p=12861","title":{"rendered":"Muel el expresidente Alem\u00e1n Horst K\u00f6hler A LOS 81 A\u00f1os &#8211; DW &#8211; 01\/02\/2025"},"content":{"rendered":"<p> \n<\/p>\n<div>\n<p>El expresidente Alem\u00e1n Horst K\u00f6hler Falleci\u00f3 El S\u00e1bado (01.02.2025) A LOS 81 A\u00f1os Tras una breve y Grave Enfirmedad Rodeado de Su Familia, Seg\u00fan ha Anunciando la Oficina Presidencia en Berl\u00edn.<\/p>\n<p>Elegido el 23 de Mayo de 2004 y confirmado en el Cargo para un un segundo mandato cinco a\u00f1os desespu\u00e9s, dimiti\u00f3 inesperadamento el 31 de mayo de 2010. El real presidenta, Frank-Walter Steinmeier, Le Rindi\u00f3 homenaje en un Mensaje a la viuda de K\u00f6hler, Eva Luise K\u00f6hler, en el Que lo Define DiCiito Que Fue un \u00abGolpe de Suerte para Nuestro Pa\u00eds\u00bb.<\/p>\n<p>\u00abS\u00f3lo Podemos Estar Profundamento Agradecidos de Haber Podido Vivir la Experiencia de Horst K\u00f6hler Como El NoVeno Presidente de la Rep\u00fablica Federal Alemana. Le Dio Mucho a Este Pa\u00eds\u00bb, Escripcri\u00f3 Steinmeier. \u00abCon la Muerte de Horst Koehler, Hemos Perdido, una personalidad, estima el extremo y extremo popular que sean popular grande cosas, para nuestro pa\u00eds y en el Mundo\u00bb, A\u00f1ade en la Carta.<\/p>\n<h2>Una Carrera Como Funcionario Sin Afiliaci\u00f3n Partidista<\/h2>\n<p>K\u00f6hler Fue El Primer Presidente que Asumi\u00f3 El Cargo Sin Afiliaci\u00f3 Pol\u00edtica ,. En 1976, Tras Estudiar Econom\u00eda, Comenz\u00f3 Su Carrera como Funcionario del Ministerio de Econom\u00eda y en 1990 Ascendi\u00f3 A Secretario de Estado del Ministerio de Finanzas.<\/p>\n<figure class=\"placeholder-image master_landscape big\"><img data-format=\"MASTER_LANDSCAPE\" data-id=\"71480976\" data-url=\"https:\/\/static.dw.com\/image\/71480976_${formatId}.jpg\" data-aspect-ratio=\"16\/9\" alt=\"Horst K\u00f6hler y Su Esposa, Eva K\u00f6hler, Durante la Recepci\u00f3n de Carlos III de Inglaterra en El Castillo de Bellevue en Berl\u00edn en Marzo de 2023.\" style=\"padding-bottom: 56.25%; height: 0; max-height: 0;\"\/><figcaption class=\"img-caption\">Horst K\u00f6hler y Su Esposa Eva Durante una recepci\u00f3n en Berl\u00edn en 2023.<small class=\"copyright\">Imagen: Ben Kriemann\/Pic One\/DPA\/Picture Alliance<\/small><\/figcaption><\/figure>\n<p>K\u00f6hler Fue El Principal Negociador de Alemania en El Per\u00edodo Previo al Tratado de Maastricht de 1992, Que CondUjo a la Creaci\u00f3n del Euro. En 1993, Pas\u00f3 al Sector Privado, Donde Fue Presidenta de la Asoci\u00d3n de los Poderosos Bancos de Ahorro y de Las Grandes Cajas de Alemania, Antes de Ser N\u00f3mbrado Presidente del Banco Europa de Reconstrucci\u00f3n y Desarrollo en Londres. EN 2000, SE Convirti\u00f3 en el director Gerente del Fondo Monetario Internacional.<\/p>\n<h2>Una dimisi\u00f3n sin precedentes<\/h2>\n<p>Elegido Para Suceder a Johannes rau como presidente federal, una carga de carga de la Una de carga y en gran medida \u00danicamme Protocolario en Alemania, Fue Reelegido en 2009. Su Dimisi\u00f3n Un a\u00f1o Despu\u00e9s Fue una Sorpresa y Esnica en la Historia RECENTE DE ALANMA.<\/p>\n<p>SE ProdUjo Despu\u00e9s de Un Comentario desaffressado en una o Entrevista de Radio Sobre la participaci\u00f3n de Alemania en el Conflma de Afganist\u00e1n. Se le cr\u00edtica por Justificar el Despliegue Militar All\u00ed Con Razones Econ\u00f3micas, una acusaci\u00f3n que el grec. Embargo del pecado, considerar que su posici\u00f3nico se hab\u00eda visto irreparable Perjudicada y Renunci\u00f3.<\/p>\n<p><span data-slot-id=\"Article_InContent-1\" class=\"rich-text-ad\"\/><\/p>\n<h2>Una presidencia no exenta de pol\u00e9micas<\/h2>\n<p>En el Cargo, K\u00f6hler Tom\u00f3 Decisiones Pol\u00e9micas, Neg\u00e1nDosa en ocasas A Fuartar Leyes como exige la Constituci\u00f3n. Su Papel en la Maniobra para Disolver El Parlamento A Instancias Del Entonces Canciller Gerhard Schr\u00f6der en 2005 Fue Tambi\u00e9n Controvertido en Su Momento.<\/p>\n<p>K\u00f6hler fue un ferviente defensor de \u00e1frica durante su carrera y fue enviado especial de la onu para el s\u00e1hara occidental entrel .<\/p>\n<p>LGC (DPA, AFP)<\/p>\n<\/div>\n\n","protected":false},"excerpt":{"rendered":"<p>El expresidente Alem\u00e1n Horst K\u00f6hler Falleci\u00f3 El S\u00e1bado (01.02.2025) A LOS 81 A\u00f1os Tras una breve y Grave Enfirmedad Rodeado de Su Familia, Seg\u00fan ha Anunciando la Oficina Presidencia en Berl\u00edn. Elegido el 23 de Mayo de 2004 y confirmado en el Cargo para un un segundo mandato cinco a\u00f1os desespu\u00e9s, dimiti\u00f3 inesperadamento el 31 &hellip;<\/p>\n","protected":false},"author":1,"featured_media":12862,"comment_status":"open","ping_status":"open","sticky":false,"template":"","format":"standard","meta":{"fifu_image_url":"https:\/\/static.dw.com\/image\/71480950_6.jpg","fifu_image_alt":"","footnotes":""},"categories":[13],"tags":[],"class_list":["post-12861","post","type-post","status-publish","format-standard","has-post-thumbnail","","category-mundo"],"_links":{"self":[{"href":"https:\/\/noticiasveraces.com\/index.php?rest_route=\/wp\/v2\/posts\/12861","targetHints":{"allow":["GET"]}}],"collection":[{"href":"https:\/\/noticiasveraces.com\/index.php?rest_route=\/wp\/v2\/posts"}],"about":[{"href":"https:\/\/noticiasveraces.com\/index.php?rest_route=\/wp\/v2\/types\/post"}],"author":[{"embeddable":true,"href":"https:\/\/noticiasveraces.com\/index.php?rest_route=\/wp\/v2\/users\/1"}],"replies":[{"embeddable":true,"href":"https:\/\/noticiasveraces.com\/index.php?rest_route=%2Fwp%2Fv2%2Fcomments&post=12861"}],"version-history":[{"count":0,"href":"https:\/\/noticiasveraces.com\/index.php?rest_route=\/wp\/v2\/posts\/12861\/revisions"}],"wp:featuredmedia":[{"embeddable":true,"href":"https:\/\/noticiasveraces.com\/index.php?rest_route=\/wp\/v2\/media\/12862"}],"wp:attachment":[{"href":"https:\/\/noticiasveraces.com\/index.php?rest_route=%2Fwp%2Fv2%2Fmedia&parent=12861"}],"wp:term":[{"taxonomy":"category","embeddable":true,"href":"https:\/\/noticiasveraces.com\/index.php?rest_route=%2Fwp%2Fv2%2Fcategories&post=12861"},{"taxonomy":"post_tag","embeddable":true,"href":"https:\/\/noticiasveraces.com\/index.php?rest_route=%2Fwp%2Fv2%2Ftags&post=12861"}],"curies":[{"name":"wp","href":"https:\/\/api.w.org\/{rel}","templated":true}]}}