{"id":12845,"date":"2025-02-01T12:58:01","date_gmt":"2025-02-01T16:58:01","guid":{"rendered":"https:\/\/noticiasveraces.com\/?p=12845"},"modified":"2025-02-01T12:58:01","modified_gmt":"2025-02-01T16:58:01","slug":"debate-de-acalorado-sobre-la-politica-migratoria-dw-01-02-2025","status":"publish","type":"post","link":"https:\/\/noticiasveraces.com\/?p=12845","title":{"rendered":"Debate de Acalorado Sobre La Pol\u00edtica Migratoria &#8211; DW &#8211; 01\/02\/2025"},"content":{"rendered":"<p> \n<\/p>\n<div>\n<p>Un Pa\u00eds Convulso, Salvajes Batallas Verbales en el Bundestag: Se Habla de Traici\u00f3n, de Tab\u00fas Rotos. En berl\u00edn se produjeron fuertas manifestaciones frente a la sede del partido conservador cdu. Excanciller Angela Merkel, Del Mismo Partido, Sali\u00f3 Al Ruedo para Lanzar una Advertencia. Actos y artistas expresaron su preocupacia por la dem\u00f3cracia en una carta abierta. Albrecht Weinberg, Superviviente de la ONU del Holocausto de 99 A\u00f1os, Conmocionado, Devolv\u00f3 Su Cruz al M\u00e9rito. Son Momentos Extraordinarias en Alemania, y no S\u00f3lo en Berl\u00edn.<\/p>\n<h2>Afd Vuelve A Estar de Acuerdo Con la Propuesta de la Uni\u00f3n<\/h2>\n<p>El Viernes, Un Cambio en la Ley Propesto por la Cdu y Su Hermano B\u00e1varo, La Csu, No logr\u00f3 obtenero Mayor\u00eda por Poco. Anteriormento, Adem\u00e1s de la Uni\u00f3n (Como se conoce a la alianza de Ambos Partidos), Hab\u00eda Manifestado Su apoyo a la Reforma el Partido Ultraderechista Alternativa (BSW). Al Comienzo de la Sesi\u00f3n, Los Partidos del Centro Democr\u00e1tico Estuvieron Discutiendo Durante Horas Sobre Si Se Deb\u00eda Celebrar La Votaci\u00f3n. Por el el Spd, El L\u00edder del Grupo Parlamentario, Rolf M\u00fctzenich, Acus\u00f3 Al Presidente de la Cdu, Friedrich Merz, De No Haber Buscoado Un Acuerdo Real Con Los Socialdem\u00f3cratas y Los Verdes. Grit\u00f3 EMOCADADO a Merz: \u00abEl Principio de &#8216;Come o Muele&#8217; Debe Terminar Para Siempre\u00bb, en referencia a un dicho alem\u00e1n que viene a decir que a veces no hay m\u00e1s opci\u00f3n que tragar.<\/p>\n<h2>Merz Acepta Los Votos de Afd<\/h2>\n<p>El Mi\u00e9rcoles de Esta Semana, Merz Aprrob\u00f3, Por Primera Vez Con Los Votos de la Afd, en el Bundestag una moci\u00f3n Jur\u00eddicamento no Vinculante Sobre El Asilo. Y este a Tres semanas y Media de las Nueva Eleciones del 23 de febrero. Merz Tiene Grandes Posibilidadas de Convertirse en el PROXOMO Canciller Del Pa\u00eds. En Las Encuestas, Su Partido Lidera Con Alrededor del 30 por Ciento. El Viernes Volvi\u00f3 A Asegurar Ante El Bundestag Que No Quer\u00eda TENER COMO SOCIO EN EL FUTURO A LA AFD.<\/p>\n<figure class=\"placeholder-image master_landscape big\"><img data-format=\"MASTER_LANDSCAPE\" data-id=\"71470800\" data-url=\"https:\/\/static.dw.com\/image\/71470800_${formatId}.jpg\" data-aspect-ratio=\"16\/9\" alt=\"El Canciller Alem\u00e1n, Olaf Scholz, Entra Para Asistir A Una Sesi\u00f3n de la C\u00e1mara Baja del Parlamento Alem\u00e1n, El Bundestag, Este 31 de Enero de 2025.\" style=\"padding-bottom: 56.25%; height: 0; max-height: 0;\"\/><figcaption class=\"img-caption\">\u00bfUna deriva como la de Austria? El Canciller Olaf Scholz Entra en El Bundestag sin Mirar Siquiera Hacia la Facci\u00f3n de la Afd Al Pasar Al Lado.<small class=\"copyright\">Imagen: Nadja Wohlleben\/Reuters <\/small><\/figcaption><\/figure>\n<h2>Scholz Advierte Contra Derivas Como la de Austria<\/h2>\n<p>\u00bfEst\u00e1 la Uni\u00f3n Cdu-Csu Abandonando el Centro Pol\u00edtico, Como afirman los cryticos? \u00bfBuscar\u00e1 en el Futuro Mayor\u00edas con los Ultraderechistas? El Canciller Olaf Scholz Gobierna Realmental El Pa\u00eds en Un Gobierno en Minor\u00eda Con Los Verdes. Ahora Llama La Atenci\u00f3n Sobre Acontecimientos en Alemania y Austria que Habr\u00eda Sido Impensables Hace Poco Tiempo. Seg\u00fan Dijo Scholz en el Semanario <em>Morir<\/em>Los Partidos de Centro Hab\u00eda Prometido Inicialmental en el Pa\u00eds Vecino No Formar Una Coalici\u00f3n Con El Populista de Derecha Fp\u00f6, \u00abY al final pueda una coalici\u00f3nica con ellos e incluso un civiler del fp\u00f6\u00bb. \u00bfUna deriva que se est\u00e1 comenzando un tambi\u00e9n en alemania?<\/p>\n<h2>Merz: \u00abLas Acusaciones Son Exageradas\u00bb<\/h2>\n<p>Friedrich Merz se opone rotundamento a ello: en una reuni\u00f3n de su grupo parlamentario en el bundestag el viernes 31 de enero por la ma\u00f1ana, El L\u00edder de la Cdu Calific\u00f3 de Inveros\u00edmil (\u00abTomado pors Pelos\u00bb, dijo textualmental) Esa Supueste Futura Colaboraci\u00f3n\u00f3n\u00f3n Con Los Populistas de Derecha. Ya hab\u00eda anunciado en repetidas ocasas que no estaba intentando ganar votos de la afd, un partido que incluso algunos diputados prohibir, y que no le importaba qui\u00e9n votaba final un favor de su propuesta.<\/p>\n<p>Excanciller Angela Merkel Ve Las Cosas de Manera Muy DiFerente. El Partido Hab\u00eda Publicado El Jueves 30 de Enero un comunicado en el de escrencrib\u00eda que merz hab\u00eda aseguurado reciente que s\u00f3lo buscar\u00eda mayor\u00edas con los partidos del centro dem\u00f3crata. \u00abCreo Que es un error de error Dejar de Sentse Vinculado A ESTA PROPUESTA Y PERMITIR AS\u00cd, EL 29 DE ENERO DE 2025, UNA MAYOR\u00cdA CON LOS VOTOS DE LA AFD PORRERA VEZ EN UNA VOTACI\u00d3 Con Los Conservadores por Cooperar Con la Ultraderecha. Es posible que algunos pol\u00cdticos de la uni\u00f3n entonces no participar en la votaci\u00f3n de la propuesta de ley.<\/p>\n<h2>Merkel Contra Merz, Merz Contra Merkel<\/h2>\n<p>Merz, Por Su parte, Afirm\u00f3 El Viernes en el Bundestag Que en Los \u00daltimos A\u00f1os El Pa\u00eds Ha Seguido una Pol\u00edtica Migatoria Fundamentalmental Err\u00f3nea. Y sin menci\u00f3n a un merkel por su nombre, dijo: \u00aby mi partido tambi\u00e9n tiene una Gran Responsable en este; si Hubi\u00e9ramos Actuado Mejor Entonces, la Afd no Habr\u00eda entrado en el Bundestag en 2017 Ni Habrina Permanecido de Nuevo en El Bundest En 2021\u00bb .<\/p>\n<figure class=\"placeholder-image master_landscape big\"><img data-format=\"MASTER_LANDSCAPE\" data-id=\"70329599\" data-url=\"https:\/\/static.dw.com\/image\/70329599_${formatId}.jpg\" data-aspect-ratio=\"16\/9\" alt=\"Friedrich Merz, Presidente Federal de la Cdu y L\u00edder del Grupo Parlamentario de la Uni\u00f3n, Entrega Durante un Acto P\u00fablico el Pasado 25 de Septiembre Un Ramo de Flores A Angela Merkel Con Motima de Su 70\u00ba Cumpleas. Ambos se Miran Sonrientos.\" style=\"padding-bottom: 56.25%; height: 0; max-height: 0;\"\/><figcaption class=\"img-caption\">Merz Felicita A Merkel Por Su 70 Cumpeados en Julio del A\u00f1o Pasado. Al Contrario de lo que sugiere la imagen, su relaci\u00f3n con fr\u00eda.<small class=\"copyright\">Imagen: Kay Nietfeld\/DPA\/Picture Alliance<\/small><\/figcaption><\/figure>\n<p>La de Merz y Merkel es una relaci\u00f3n muy complada. Merkel Sustituy\u00f3 A Merz Como L\u00edder del Grupo Parlamentario CDU\/CSU EL Bundestag en 2002, SE Convirti\u00f3 en Canciller en 2005 y Dej\u00f3 al Conservador Merz en Un Segundo Plano. Llev\u00f3 Al Partido Muy Hacia el Centro Pol\u00edtico y Dej\u00f3 Numerosos Cargos Pol\u00cdticos Al Spd, por Ejemplo. Merz, frustrado, se retir\u00f3 al sector privado, para luego convertir en l\u00edder del grupo parlamentariando y desespu\u00e9s Nuevo en el presidente del partido Tras la retirada de merkel de la pol\u00edta en 2021. El distanciamiento entre ambos siempre ha estado ah\u00ed. Y Ahora Ha Vuelto a Estallar.<\/p>\n<p><span data-slot-id=\"Article_InContent-1\" class=\"rich-text-ad\"\/><\/p>\n<h2>Deportaciones y controles en Todas las Fronteras<\/h2>\n<p>La Ley Ahora Rechazada ProPon\u00eda Rimilar como Norma General La Inmigracia en Alemania. Tambi\u00e9n preve\u00eda abolir la Reunificaci\u00f3n Familiar de los refugiados que gozan de protecci\u00f3n subsidiaria. ESTO HUBIERA AFECTADO A MUCHA GENTE DE SIRIA, por Ejemplo.<\/p>\n<p>Durante la Votaci\u00f3n Sobre la Solicitud de Asilo El Mi\u00e9rcoles, la Afd Celeb\u00f3r Ruidosam\u00e9 su \u00c9xito en el Bundestag. Tambi\u00e9n Recibieron APlausos del Controvertido Primer Ministro H\u00fanngaro, Viktor Orban. Pero la Moci\u00f3n era Meramento una apelaci\u00f3n y no es compromiso al gobierno a ninguna l\u00ednea pol\u00edtica.<\/p>\n<h2>La Poblacia Quiere una Pol\u00edtica Migraci\u00f3n Diferente<\/h2>\n<p>Si nos Atenemos a la Real Encuesta Ard deutschlandtrend, de la Televisi\u00f3n P\u00fablica, Realizada Recientse por el Instituto de Investigaci\u00f3n de Opini\u00f3n Infratest-Dimap, La Mayor\u00eda de la Poblaci\u00f3n de Apriabeba Undurento de la Pol\u00edtica Migratoria. Pero una gran mayor\u00eda tambi\u00e9n est\u00e1 en contra de que los partidos formen coaliciones con afd. El Trasfondo de los Acalorados debates en Alemania Son Varios Asesinatos Horribles Ocurridos en Las \u00faltimas semanas y meses, cuyos presuntos autores eran solicitantes de asilo que viven en alemania.<\/p>\n<p>(LGC\/DZC)<\/p>\n<\/div>\n\n","protected":false},"excerpt":{"rendered":"<p>Un Pa\u00eds Convulso, Salvajes Batallas Verbales en el Bundestag: Se Habla de Traici\u00f3n, de Tab\u00fas Rotos. En berl\u00edn se produjeron fuertas manifestaciones frente a la sede del partido conservador cdu. Excanciller Angela Merkel, Del Mismo Partido, Sali\u00f3 Al Ruedo para Lanzar una Advertencia. Actos y artistas expresaron su preocupacia por la dem\u00f3cracia en una carta &hellip;<\/p>\n","protected":false},"author":1,"featured_media":12846,"comment_status":"open","ping_status":"open","sticky":false,"template":"","format":"standard","meta":{"fifu_image_url":"https:\/\/static.dw.com\/image\/71470724_6.jpg","fifu_image_alt":"","footnotes":""},"categories":[13],"tags":[],"class_list":["post-12845","post","type-post","status-publish","format-standard","has-post-thumbnail","","category-mundo"],"_links":{"self":[{"href":"https:\/\/noticiasveraces.com\/index.php?rest_route=\/wp\/v2\/posts\/12845","targetHints":{"allow":["GET"]}}],"collection":[{"href":"https:\/\/noticiasveraces.com\/index.php?rest_route=\/wp\/v2\/posts"}],"about":[{"href":"https:\/\/noticiasveraces.com\/index.php?rest_route=\/wp\/v2\/types\/post"}],"author":[{"embeddable":true,"href":"https:\/\/noticiasveraces.com\/index.php?rest_route=\/wp\/v2\/users\/1"}],"replies":[{"embeddable":true,"href":"https:\/\/noticiasveraces.com\/index.php?rest_route=%2Fwp%2Fv2%2Fcomments&post=12845"}],"version-history":[{"count":0,"href":"https:\/\/noticiasveraces.com\/index.php?rest_route=\/wp\/v2\/posts\/12845\/revisions"}],"wp:featuredmedia":[{"embeddable":true,"href":"https:\/\/noticiasveraces.com\/index.php?rest_route=\/wp\/v2\/media\/12846"}],"wp:attachment":[{"href":"https:\/\/noticiasveraces.com\/index.php?rest_route=%2Fwp%2Fv2%2Fmedia&parent=12845"}],"wp:term":[{"taxonomy":"category","embeddable":true,"href":"https:\/\/noticiasveraces.com\/index.php?rest_route=%2Fwp%2Fv2%2Fcategories&post=12845"},{"taxonomy":"post_tag","embeddable":true,"href":"https:\/\/noticiasveraces.com\/index.php?rest_route=%2Fwp%2Fv2%2Ftags&post=12845"}],"curies":[{"name":"wp","href":"https:\/\/api.w.org\/{rel}","templated":true}]}}