{"id":12834,"date":"2025-02-01T10:15:23","date_gmt":"2025-02-01T14:15:23","guid":{"rendered":"https:\/\/noticiasveraces.com\/?p=12834"},"modified":"2025-02-01T10:15:23","modified_gmt":"2025-02-01T14:15:23","slug":"un-hombre-asesina-a-su-pareja-en-langro-en-el-primer-crimen-machista-de-2025-sociedad","status":"publish","type":"post","link":"https:\/\/noticiasveraces.com\/?p=12834","title":{"rendered":"Un Hombre Asesina A Su Pareja en Langro en el Primer Crimen Machista de 2025 | Sociedad"},"content":{"rendered":"<p> \n<br \/><img decoding=\"async\" src=\"https:\/\/imagenes.elpais.com\/resizer\/v2\/F6J2VWPVKZF6REL5ZLG3MS4KRA.jpg?auth=2ca9208287358da9c3f0d1908f4dfae630b8a1af1c1c951ee5aec83babcc157a\" \/><\/p>\n<div data-dtm-region=\"articulo_cuerpo\">\n<p class=\"\">Un hombre ha matado a su pareja en la localidad asturiana de sama de langano, en el creber crimen machista de 2025. La v\u00edctima, de 40 a\u00f1os y iven Cubano, era madre de tres menores, y manten\u00eda una relaci\u00f3n desde hace poco con el Hombre, de 72 A\u00f1os y Originario de Langeo, Seg\u00fan Fuentes de la Investigaci\u00f3n. El Presunto Asesino Ya Ha Sido detenido acusado de homicidio y tambi\u00e9n de violencia de g\u00e9nero y est\u00e1 retenido en la comisaria de la localidad.<\/p>\n<p class=\"\">El Ataque SE Produjo en torno A las 23.00 del Viernes, ha explicado la Polic\u00eda Nacional, que ha contado con el testimonio de varios testigos. Dos de Estos Eran dos Mujeres, Que Estaban Sentadas en Un Banco de Una Calle del Centro de Sama, Cerca del Parque Dorado. Desde Ah\u00ed, Escucharon una Fuerte Discusi\u00f3n Proveniente de Uno de los Pisos de la Zona. POCO DESPU\u00c9S, \u00abUNA MUJER SALI\u00d3 CORRIENTO DE PORTAL, Gritando que Llamaran a la Polic\u00eda\u00bb, Han Explicado, Seg\u00fan Recoge la Prensa Local.<\/p>\n<p class=\"\">La Persegu\u00eda un Hombre. Intentaron Ayudarla, Cuando una de las chicas se percat\u00f3 de que el agresor Llevaba \u00abun cuchillo\u00bb. Entonces Fue Cuando la otra lllam\u00f3 al 112 Mientras el atacante apu\u00f1alaba a su pareja. A Su Llegada, Los Equipos M\u00e9dicos Estuvieron M\u00e1s de Media Hora Intentando Reanimar a la Agredida, Pero no Pudieron Salvar Su Vida.<\/p>\n<p class=\"\">La Mujer \u00abKarilenia &#8211; Ten\u00eda Tres Hijos, Todos Menores, Fruto de Una Relaci\u00f3 Previa, que en el Momento de Los Hechos se Encontraban con su Padre. Hac\u00eda Unos Meses que se hab\u00eda Mudado a Langro, Llevaba POco Tiempo Salido Con El Agresor \u2015Francisco F.\u2013 Y No Constaban Denuncias Previas de Maldas Tratos, Seg\u00fan ha Dicho la Delegada delegada DeleNo en Asturias, ADRIANA LEM en Oviedo Tras el Ataque.<\/p>\n<p class=\"\">Por Su parte, El Presidente Asturiano, Adri\u00e1n Barb\u00f3n, Ha Publicado Un Texto de Repulsa: \u00abLa Ira, El Dolor y la Indignaci\u00f3n Ante Este Asesinato Machista, Hacen Que Mi Coraz\u00f3 Est\u00e9, Sencillamento, Roto\u00bb. Tambi\u00e9n Ha Descrito la Violencia Machista Como \u00abESE Terrorismo, Que de Forma Vergonzosa Algunos Niegan y Dicen Que no Existe\u00bb. \u201cLas Mujeres y Hombres que nos rebelamos Frente a Este Asesinato y Su Asesino, Que Creemos que el Machismo mata, Reivindicamos con las nuestras de Fuerzas una Sociedad M\u00c1S JUSTA, BASADA EN LA IGUALDAD\u201d.<\/p>\n<p class=\"\">En un comunicado conjunto, el Ayuntamiento de Langroo, El Principado de Asturias, y la delegaci\u00f3n del Gobierno Han Condenado El ASESINATO Y MANIFESTADO SU \u00abM\u00c1S EN\u00c9RGICO RECHAZO\u00bb, Adem\u00e1s de Ofrecer Su Apoyo Para Los los Allegadas de la V\u00edctima. As\u00ed, Se Han puesto un su disposici\u00f3n recursos Psicol\u00f3gicos, Jur\u00eddicos, Sanitarios, de Protecci\u00f3n y de Acogida, Seg\u00fan Europa Press. Administraciones de Las Tres Han Insistido en Que \u00abLa Violencia Machista es una tumba Vulneraci\u00f3n de los Derechos Humanos ante la Que Nadoie Puede Ser Indiferente\u00bb.<\/p>\n<p class=\"\">Como Muestra de Repulsa, Este S\u00e1bado A Las 17.00 se ha convroacado una concentraci\u00f3n ante el Ayuntamiento de Langroo. A Esa Misma Hora, Tras una una petici\u00f3nica de la Federaci\u00f3n Asturiana de Conceptos, Frente a Todos los Ayuntamientos Asturianos se Ha ConvoCado un minuto de Silencio. Tanto el de Oviedo Como el de Gij\u00f3n ya Han anunciado que se Suman a la Propuesta. . <\/p>\n<p class=\"\">ESTE ES EL CRIMER ASESINATO MACHISTA DE 2025. El A\u00f1o Pasado, El N\u00famero de Asesinadas por Violencia de G\u00e9nero en Espa\u00f1a Ascendi\u00f3 A 48, Adem\u00e1s de Nueve Menores \u00abLA CIFRA M\u00c1S ALTA DE ASESINATOS VICARIOS DE LOS EL LOS \u00daMOS EN . Desde que Arranc\u00f3 la Estad\u00edstica Oficial, EN 2003, hijo 1.294<b> <\/b>Mujeres.<\/p>\n<p class=\"\"><i>El Tel\u00e9fono 016 ATIENTE A LAS V\u00cdCTIMAS DE VIOLENCIA MACHISTA, A SUS FAMILIAS YA SOTORNO LAS 24 HORAS DEL DIA, TODOS LOS DIAS DEL ARO, EN 53 IDIOMAS DIFERENtes. El N\u00daMERO NO REGISTRADO DE QUEDA EN LA FACURA TELEF\u00d3NICA, PERO HAY QUE BORRAR LA LLAMADA DEL SIPOSITIVO. Tambi\u00e9n se pude contactar a Trav\u00e9s del Correo Elect\u00f3nico <\/i><i>016-online@igualdad.gob.es<\/i><i>  y por whatsapp en el N\u00daMERO 600 000 016. LOS MENORES PUEDEN DIRIGIRSE AL TEL\u00c9FONO DE LA FUNDACI\u00d3N ANAR 900 20 20 10 10. SI ES UNA SITUACI\u00d3N DE EMERGENCIA, SE PUEDE Llamar al 112 oa los Tel\u00e9fonos de la Polic\u00eda Nacional (091) y de la Guardia Civil (062). Y en Caso de no poder Llamar, Se Puede recurrir a la Aplicacia alertcops, desde la que se env\u00eda una se\u00f1al de alerta a la polic\u00eda con geolocalizaci\u00f3n.<\/i><\/p>\n<\/div>\n\n","protected":false},"excerpt":{"rendered":"<p>Un hombre ha matado a su pareja en la localidad asturiana de sama de langano, en el creber crimen machista de 2025. La v\u00edctima, de 40 a\u00f1os y iven Cubano, era madre de tres menores, y manten\u00eda una relaci\u00f3n desde hace poco con el Hombre, de 72 A\u00f1os y Originario de Langeo, Seg\u00fan Fuentes de &hellip;<\/p>\n","protected":false},"author":1,"featured_media":12836,"comment_status":"open","ping_status":"open","sticky":false,"template":"","format":"standard","meta":{"fifu_image_url":"https:\/\/imagenes.elpais.com\/resizer\/v2\/F6J2VWPVKZF6REL5ZLG3MS4KRA.jpg?auth=2ca9208287358da9c3f0d1908f4dfae630b8a1af1c1c951ee5aec83babcc157a&width=1200","fifu_image_alt":"","footnotes":""},"categories":[11],"tags":[],"class_list":["post-12834","post","type-post","status-publish","format-standard","has-post-thumbnail","","category-viaje"],"_links":{"self":[{"href":"https:\/\/noticiasveraces.com\/index.php?rest_route=\/wp\/v2\/posts\/12834","targetHints":{"allow":["GET"]}}],"collection":[{"href":"https:\/\/noticiasveraces.com\/index.php?rest_route=\/wp\/v2\/posts"}],"about":[{"href":"https:\/\/noticiasveraces.com\/index.php?rest_route=\/wp\/v2\/types\/post"}],"author":[{"embeddable":true,"href":"https:\/\/noticiasveraces.com\/index.php?rest_route=\/wp\/v2\/users\/1"}],"replies":[{"embeddable":true,"href":"https:\/\/noticiasveraces.com\/index.php?rest_route=%2Fwp%2Fv2%2Fcomments&post=12834"}],"version-history":[{"count":0,"href":"https:\/\/noticiasveraces.com\/index.php?rest_route=\/wp\/v2\/posts\/12834\/revisions"}],"wp:featuredmedia":[{"embeddable":true,"href":"https:\/\/noticiasveraces.com\/index.php?rest_route=\/wp\/v2\/media\/12836"}],"wp:attachment":[{"href":"https:\/\/noticiasveraces.com\/index.php?rest_route=%2Fwp%2Fv2%2Fmedia&parent=12834"}],"wp:term":[{"taxonomy":"category","embeddable":true,"href":"https:\/\/noticiasveraces.com\/index.php?rest_route=%2Fwp%2Fv2%2Fcategories&post=12834"},{"taxonomy":"post_tag","embeddable":true,"href":"https:\/\/noticiasveraces.com\/index.php?rest_route=%2Fwp%2Fv2%2Ftags&post=12834"}],"curies":[{"name":"wp","href":"https:\/\/api.w.org\/{rel}","templated":true}]}}