{"id":12832,"date":"2025-02-01T09:49:09","date_gmt":"2025-02-01T13:49:09","guid":{"rendered":"https:\/\/noticiasveraces.com\/?p=12832"},"modified":"2025-02-01T09:49:09","modified_gmt":"2025-02-01T13:49:09","slug":"nuevas-protestas-contra-el-gobierno-en-serbia-dw-01-02-2025","status":"publish","type":"post","link":"https:\/\/noticiasveraces.com\/?p=12832","title":{"rendered":"Nuevas Protestas Contra El Gobierno en Serbia &#8211; DW &#8211; 01\/02\/2025"},"content":{"rendered":"<p> \n<\/p>\n<div>\n<p>Los Universitarios Serbios Bloquear\u00e1n Este S\u00e1bado (01.02.2025) Los Tres Puentes de Novi Sad, Ciudad en El Norte de Serbia, Al Cumplirse Tres Meses Desde la Ca\u00edda de la Marquesina de Homig\u00f3n de la Estaci\u00f3non de Trenos en el Accidente En El que Murieron 15 15 persona. El Bloqueo de Los Tres Puentes Sobre El Danubio -EL Puente de la Libertad, El Puente Varadin y El Puente Zezelj- Comenzar\u00e1 Hoy A Las 15.00 Hora Local. El Primero Quedar\u00e1 Bloqueado 24 Horas y Los Otros dos, Tres Horas.<\/p>\n<p>A Los Estudiantes de Novi Sad, Que Ya Han Progonizado \u00dalTiMAME MULTITUNARIAS MARCAS, SE Les Unieron Anoche Tambi\u00e9n los Estudiantes de Belgrado, La Capital del Pa\u00eds Balc\u00e1nico, Quienes El Jueves Comenzaron Una Caminata de Protesta de Cinezimade 100 Kil\u00f3metos, Huaste Huaste Hute. Fueron Recibidos por Decenas de Miles de Personas y Se Dirigieron Juntos Hacia la Estacia de Tren y Colocaron 15 Coronas de Flores en Homenaje A Las V\u00edctimas, Inform\u00f3 la Cadena Serbia N1.<\/p>\n<p><span data-slot-id=\"Article_InContent-1\" class=\"rich-text-ad\"\/><\/p>\n<h2>Contra La Corrupci\u00f3n End\u00e9mica o Manejados desde el Exterior<\/h2>\n<p>Los manifestantes de los se consideran que las autoridadas de las responsabilidades de la tragedia debido a la corrupci\u00f3nis end\u00e9mica y que la justicia no ha reaccional al accidente de forma adecuada, aunque 13 Personas, incluido un ministerio, Han Sido Acusadas Judicialmental. El Primer Ministro, incluso, Renunci\u00f3 Esta Semana. Para Bojan Klacar, el Director de Cesid, una organizaci\u00f3n una organizaci\u00f3n que monitorea las eleciones en Serbia, algunas satisfacer de las demandas de los manifiestas podr\u00eda no serefriente. \u00abSe Ha convertido en un movimiento m\u00e1s amplio en el que se exigen Cambios m\u00e1s Profundos y Sist\u00e9micos\u00bb, Dijo Klacar a la Afp.<\/p>\n<p>El Presidente de Serbia, El Populista Aleksandar Vucic, Repiti\u00f3 Anoche en un Mitin de Su Partido, El Gobernante Sns, en la CiADad de Trstenik, Que Todas las LAS Demandas de los Manifestantes Se Han Cumplido y Rechaz\u00f3 Formar un Gobierno de Transici\u00f3n de Tecn\u00f3n de Tecn\u00f3n de Tecn\u00f3n de Tecn\u00f3n de Tecn\u00f3n de Tecn\u00f3n de Tecn\u00f3n. \u00abTODO lo que est\u00e1 ocurriendo en serbia es un intento directo de las agencias de Inteligencia Extranjeras de Destruir El Pa\u00eds\u00bb, Se\u00f1al\u00f3 Vucic en el Evento, Que Fue Transmitido en Vivo Por TV Informador, Medio Cercano Al Gobierno.<\/p>\n<p>Durante esta Marcha de Protesta, Los Estudiantes serbios se convirtier de oficiales en candidatos para el Premio Nobel de la Paz, Asegur\u00f3 el Dramaturgo Serbio Sinisa Kovacevic, impulsor de esta propuesta. \u00abAcabamos de Recibir la Confirmaci\u00f3n del Comit\u00e9 Nobel de Que Ha Atceptado la Propuesta de Candidatura para El Premio Nobel de la Paz\u00bb, Escrito Kovacevic en su cuenta en la Red Social X.<\/p>\n<p>LGC (EFE, AFP)<\/p>\n<figure class=\"placeholder-image master_landscape big\"><img data-format=\"MASTER_LANDSCAPE\" data-id=\"71481327\" data-url=\"https:\/\/static.dw.com\/image\/71481327_${formatId}.jpeg\" data-aspect-ratio=\"16\/9\" alt=\"&quot;\u00bfSabes lo que est\u00e1 pasando en Serbia?&quot;Reza en Ingl\u00e9s la Pancarta Director de la Protesta, Junto a Otras en Serbio.\" style=\"padding-bottom: 56.25%; height: 0; max-height: 0;\"\/><figcaption class=\"img-caption\">Las Protestas en Serbia Han Tenido Su Eco en Berl\u00edn, Donde Grupos de J\u00f3venes Serbios se manifiesto Hoy Hoy Frente a la Puerta de Brandeburgo.<small class=\"copyright\">Imagen: Galina-Tara Baru\u0161i\u0107\/DW<\/small><\/figcaption><\/figure>\n<\/div>\n\n","protected":false},"excerpt":{"rendered":"<p>Los Universitarios Serbios Bloquear\u00e1n Este S\u00e1bado (01.02.2025) Los Tres Puentes de Novi Sad, Ciudad en El Norte de Serbia, Al Cumplirse Tres Meses Desde la Ca\u00edda de la Marquesina de Homig\u00f3n de la Estaci\u00f3non de Trenos en el Accidente En El que Murieron 15 15 persona. El Bloqueo de Los Tres Puentes Sobre El Danubio &hellip;<\/p>\n","protected":false},"author":1,"featured_media":12833,"comment_status":"open","ping_status":"open","sticky":false,"template":"","format":"standard","meta":{"fifu_image_url":"https:\/\/static.dw.com\/image\/71480030_6.jpg","fifu_image_alt":"","footnotes":""},"categories":[13],"tags":[],"class_list":["post-12832","post","type-post","status-publish","format-standard","has-post-thumbnail","","category-mundo"],"_links":{"self":[{"href":"https:\/\/noticiasveraces.com\/index.php?rest_route=\/wp\/v2\/posts\/12832","targetHints":{"allow":["GET"]}}],"collection":[{"href":"https:\/\/noticiasveraces.com\/index.php?rest_route=\/wp\/v2\/posts"}],"about":[{"href":"https:\/\/noticiasveraces.com\/index.php?rest_route=\/wp\/v2\/types\/post"}],"author":[{"embeddable":true,"href":"https:\/\/noticiasveraces.com\/index.php?rest_route=\/wp\/v2\/users\/1"}],"replies":[{"embeddable":true,"href":"https:\/\/noticiasveraces.com\/index.php?rest_route=%2Fwp%2Fv2%2Fcomments&post=12832"}],"version-history":[{"count":0,"href":"https:\/\/noticiasveraces.com\/index.php?rest_route=\/wp\/v2\/posts\/12832\/revisions"}],"wp:featuredmedia":[{"embeddable":true,"href":"https:\/\/noticiasveraces.com\/index.php?rest_route=\/wp\/v2\/media\/12833"}],"wp:attachment":[{"href":"https:\/\/noticiasveraces.com\/index.php?rest_route=%2Fwp%2Fv2%2Fmedia&parent=12832"}],"wp:term":[{"taxonomy":"category","embeddable":true,"href":"https:\/\/noticiasveraces.com\/index.php?rest_route=%2Fwp%2Fv2%2Fcategories&post=12832"},{"taxonomy":"post_tag","embeddable":true,"href":"https:\/\/noticiasveraces.com\/index.php?rest_route=%2Fwp%2Fv2%2Ftags&post=12832"}],"curies":[{"name":"wp","href":"https:\/\/api.w.org\/{rel}","templated":true}]}}