{"id":12818,"date":"2025-02-01T08:27:37","date_gmt":"2025-02-01T12:27:37","guid":{"rendered":"https:\/\/noticiasveraces.com\/?p=12818"},"modified":"2025-02-01T08:27:37","modified_gmt":"2025-02-01T12:27:37","slug":"baumel-cuatro-veces-campeon-del-rally-dakar-con-al-attiyah-en-coma-tras-un-gravisimo-accidente","status":"publish","type":"post","link":"https:\/\/noticiasveraces.com\/?p=12818","title":{"rendered":"Baumel, Cuatro Veces Campe\u00f3n del Rally Dakar Con al-Attiyah, en coma tras un grav\u00edsimo accidente"},"content":{"rendered":"<p> \n<\/p>\n<div id=\"intext\">\n<p>Mathieu <b>Baumel<\/b>Copiloto Franc\u00e9s de 49 A\u00f1os y <b>Cuatro Veces Ganador del Rally Dakar<\/b> Con El Qatar\u00ed Nasser <b>Al Attiyah<\/b>SE Encuentra en Estado <b>\u00abGrave\u00bb Y En \u00abcoma Farmacol\u00f3gico\u00bb<\/b> Dispu\u00e9s de Sufrir un accidente el pasado Mi\u00e9rado.<\/p>\n<p>\u00abMathieu Fue V\u00edctima de un accidente de tr\u00e1fico el Mi\u00e9rcoles por la Noche. Realmento se Encuentra <b>hospitalizaci\u00f3n<\/b>. A la Espera de Noticias Sobre Su Estado de Salud, Le Agradecemos Su Apoyo. La Familia \u00ab, Ercriti\u00f3 Su Familia en la Propia Red Social de Baumel.<\/p>\n<h2 class=\"title-h2\">Fue Atropellado Mientras Ayudaba A Un Coche detenido<\/h2>\n<p>Tal y como ha informado el Padre de este en el Medio Galo &#8216;la Provence&#8217;, Baumel Acudi\u00f3 a la ayuda de un Coche detenido en la autov\u00eda de reims cuando fue <b>atropellado por ootro veh\u00edculo<\/b>. El Copiloto se Estaba dirigiendo en ise Momento A M\u00f3naco para Competir en El Conocido <b>Rally de Montecarlo<\/b>.<\/p>\n<p>Adem\u00e1s del Delicado Estado de Salud en El Que se Encuentra El Copiloto, Los M\u00e9dicos Tambi\u00e9n Confirmaron que Tiene Fracturadas Las dos Piernas. La &#8216;Buena&#8217; Noticia es que Fue Trasladado al Hospital \u00abConciente\u00bb, Pero Su Estado <b>PODR\u00cdA AGRAVARSO EN LAS PROMAS<\/b> Si no evoluciona favorable. Hasta el Momento Su Familia No Ha Podido Visitarle.<\/p>\n<p>En cuanto a Los Detless del accidente, otro medio local, &#8216;l&#8217;inion de reims&#8217;, detalla en sus informaciones que el veh\u00edculo que atropell\u00f3 a baumel en la autov\u00eda fue un renault clio conducido por una mojer de<b> 73 A\u00f1os<\/b> que iba acompa\u00f1ada por un un hombre de 70. La conductora dio negativa en el control posterior de alcohol y drogas.<\/p>\n<h2 class=\"title-h2\">Cuatro dakar con al attiyah<\/h2>\n<p>Baumel Gan\u00f3 El Rally Dakar Hasta en Cuatro Ocasiones Haciendo de Copiloto de la Leyenda Nasser al-Attiyah, Adem\u00e1s Tambi\u00e9n Triunf\u00f3 en la Copa del Mundo f\u00eddica de Rallies. Tras la Edici\u00f3nica del A\u00f1o Pasado Junto al Qatar\u00ed decidi\u00f3 &#8216;Romper&#8217; El Binomio Y<b> acompa\u00f1ario a Guillaume de Mevius<\/b>.<\/p>\n<p>\u00abFuerza Amigo\u00bb Y \u00abMantente Fuerte\u00bb, hijo Los Respetivos Mensajes de Dani Sordo y Laia Sanz, Grandes Iconos del Amovilismo Espa\u00f1ol.<\/p>\n<p><i>S\u00edguenos en nuestro canal de whatsapp y no te Pierdas la \u00daLtima Hora y Toda la actualidad de antena3noticias.com<\/i><\/p>\n<div class=\"recirculation-video\" data-mod=\"a3mod_recirculation_video\">\n<div class=\"recirculation-video-wrapper\">\n<div>\n<div class=\"video-wrapper\">\n  <picture class=\"video-main-picture\"><source media=\"(min-width: 481px)\" srcset=\"https:\/\/fotografias.antena3.com\/clipping\/cmsimages02\/2025\/01\/30\/E5208FD9-7A1E-4EEB-A359-169A91E65DCB\/patinador-jon-maravilla-junto-saya-carpenter-antes-nacionales-2024_94.jpg?crop=623,350,x0,y167&amp;width=800&amp;height=450&amp;optimize=medium&amp;format=webply\" width=\"800\" height=\"450\"><source media=\"(min-width: 391px) and (max-width: 480px)\" srcset=\"https:\/\/fotografias.antena3.com\/clipping\/cmsimages02\/2025\/01\/30\/E5208FD9-7A1E-4EEB-A359-169A91E65DCB\/patinador-jon-maravilla-junto-saya-carpenter-antes-nacionales-2024_70.jpg?crop=623,350,x0,y167&amp;width=480&amp;height=270&amp;optimize=high&amp;format=webply\" width=\"480\" height=\"270\"><source media=\"(min-width: 321px) and (max-width: 390px)\" srcset=\"https:\/\/fotografias.antena3.com\/clipping\/cmsimages02\/2025\/01\/30\/E5208FD9-7A1E-4EEB-A359-169A91E65DCB\/patinador-jon-maravilla-junto-saya-carpenter-antes-nacionales-2024_92.jpg?crop=623,350,x0,y167&amp;width=390&amp;height=219&amp;optimize=high&amp;format=webply\" width=\"390\" height=\"219\"><source media=\"(max-width: 320px)\" srcset=\"https:\/\/fotografias.antena3.com\/clipping\/cmsimages02\/2025\/01\/30\/E5208FD9-7A1E-4EEB-A359-169A91E65DCB\/patinador-jon-maravilla-junto-saya-carpenter-antes-nacionales-2024_52.jpg?crop=623,350,x0,y167&amp;width=320&amp;height=180&amp;optimize=high&amp;format=webply\" width=\"320\" height=\"180\"><img decoding=\"async\" title=\"El Patinador Jon Maravilla, Junto A Saya Carpenter, Antes de los Nacionales de 2024\" alt=\"El Patinador Jon Maravilla, Junto A Saya Carpenter, Antes de los Nacionales de 2024\" width=\"480\" height=\"270\" src=\"https:\/\/fotografias.antena3.com\/clipping\/cmsimages02\/2025\/01\/30\/E5208FD9-7A1E-4EEB-A359-169A91E65DCB\/patinador-jon-maravilla-junto-saya-carpenter-antes-nacionales-2024_70.jpg?crop=623,350,x0,y167&amp;width=480&amp;height=270&amp;optimize=high&amp;format=webply\" loading=\"lazy\" class=\"lazy\"\/><br \/>\n  <\/source><\/source><\/source><\/source><\/picture>\n <\/div>\n<\/div><\/div>\n<\/p><\/div>\n<\/div>\n\n","protected":false},"excerpt":{"rendered":"<p>Mathieu BaumelCopiloto Franc\u00e9s de 49 A\u00f1os y Cuatro Veces Ganador del Rally Dakar Con El Qatar\u00ed Nasser Al AttiyahSE Encuentra en Estado \u00abGrave\u00bb Y En \u00abcoma Farmacol\u00f3gico\u00bb Dispu\u00e9s de Sufrir un accidente el pasado Mi\u00e9rado. \u00abMathieu Fue V\u00edctima de un accidente de tr\u00e1fico el Mi\u00e9rcoles por la Noche. Realmento se Encuentra hospitalizaci\u00f3n. A la Espera &hellip;<\/p>\n","protected":false},"author":1,"featured_media":12820,"comment_status":"open","ping_status":"open","sticky":false,"template":"","format":"standard","meta":{"fifu_image_url":"https:\/\/fotografias.antena3.com\/clipping\/cmsimages02\/2025\/02\/01\/9775E963-5EC4-4B3E-B59E-FC9D6E02F210\/mathieu-baumel-nasser-attiyah_69.jpg?crop=3977,2237,x0,y310&width=1280&height=720&optimize=low&format=jpg","fifu_image_alt":"","footnotes":""},"categories":[6],"tags":[],"class_list":["post-12818","post","type-post","status-publish","format-standard","has-post-thumbnail","","category-deportes"],"_links":{"self":[{"href":"https:\/\/noticiasveraces.com\/index.php?rest_route=\/wp\/v2\/posts\/12818","targetHints":{"allow":["GET"]}}],"collection":[{"href":"https:\/\/noticiasveraces.com\/index.php?rest_route=\/wp\/v2\/posts"}],"about":[{"href":"https:\/\/noticiasveraces.com\/index.php?rest_route=\/wp\/v2\/types\/post"}],"author":[{"embeddable":true,"href":"https:\/\/noticiasveraces.com\/index.php?rest_route=\/wp\/v2\/users\/1"}],"replies":[{"embeddable":true,"href":"https:\/\/noticiasveraces.com\/index.php?rest_route=%2Fwp%2Fv2%2Fcomments&post=12818"}],"version-history":[{"count":0,"href":"https:\/\/noticiasveraces.com\/index.php?rest_route=\/wp\/v2\/posts\/12818\/revisions"}],"wp:featuredmedia":[{"embeddable":true,"href":"https:\/\/noticiasveraces.com\/index.php?rest_route=\/wp\/v2\/media\/12820"}],"wp:attachment":[{"href":"https:\/\/noticiasveraces.com\/index.php?rest_route=%2Fwp%2Fv2%2Fmedia&parent=12818"}],"wp:term":[{"taxonomy":"category","embeddable":true,"href":"https:\/\/noticiasveraces.com\/index.php?rest_route=%2Fwp%2Fv2%2Fcategories&post=12818"},{"taxonomy":"post_tag","embeddable":true,"href":"https:\/\/noticiasveraces.com\/index.php?rest_route=%2Fwp%2Fv2%2Ftags&post=12818"}],"curies":[{"name":"wp","href":"https:\/\/api.w.org\/{rel}","templated":true}]}}