{"id":12806,"date":"2025-02-01T07:35:14","date_gmt":"2025-02-01T11:35:14","guid":{"rendered":"https:\/\/noticiasveraces.com\/?p=12806"},"modified":"2025-02-01T07:35:14","modified_gmt":"2025-02-01T11:35:14","slug":"rubio-se-dirige-a-panama-america-latina-para-perseguir-la-agenda-de-la-edad-de-oro-de-trump","status":"publish","type":"post","link":"https:\/\/noticiasveraces.com\/?p=12806","title":{"rendered":"Rubio se dirige a Panam\u00e1, Am\u00e9rica Latina para perseguir la agenda de la &#8216;Edad de Oro&#8217; de Trump"},"content":{"rendered":"<p> \n<\/p>\n<div>\n<div class=\"article-gating gated-overlay\">\n<div class=\"article-gating-wrapper\">\n<p>\u00danase a Fox News para acceder a este contenido<\/p>\n<p>Adem\u00e1s de acceso especial a art\u00edculos seleccionados y otro contenido premium con su cuenta, de forma gratuita.<\/p>\n<div class=\"article-gating-legal tablet-desktop\">Al ingresar su correo electr\u00f3nico y presionar continuar, usted acepta los t\u00e9rminos de uso y la pol\u00edtica de privacidad de Fox News, que incluye nuestro aviso de incentivo financiero.\n    <\/div>\n<p><span>Por favor, introduce una direcci\u00f3n de correo electr\u00f3nico v\u00e1lida.<\/span><\/p>\n<footer class=\"article-gating-footer\">\u00bfTiene problemas? Haga clic aqu\u00ed.<\/footer>\n<\/div>\n<\/div>\n<p class=\"speakable\">El secretario de Estado Marco Rubio se va para su primer viaje al extranjero como el principal diplom\u00e1tico de la naci\u00f3n el s\u00e1bado. La primera parada de Rubio en la visita de seis d\u00edas es Panam\u00e1, ya que se propone seguir la agenda geopol\u00edtica del presidente Donald Trump.<\/p>\n<p class=\"speakable\">Trump us\u00f3 su discurso inaugural para proclamar su intenci\u00f3n de \u00abrecuperar\u00bb el Canal de Panam\u00e1, y en una llamada con los periodistas el viernes, el enviado especial de Am\u00e9rica Latina Mauricio Claver-Carone dijo que el prop\u00f3sito principal de Rubio del viaje ser\u00eda restablecer un \u00abEdad de Oro\u00bb para Am\u00e9rica.<\/p>\n<p>\u00abEste viaje significa &#8230; esa era de la grandeza estadounidense y la edad de oro\u00bb, dijo, y agreg\u00f3 que \u00abel siglo XXI tambi\u00e9n ser\u00e1 un siglo americano\u00bb.<\/p>\n<div class=\"image-ct inline\">\n<div class=\"m\"><picture><source media=\"(max-width: 767px)\" srcset=\"https:\/\/a57.foxnews.com\/static.foxnews.com\/foxnews.com\/content\/uploads\/2024\/06\/343\/192\/GettyImages-1439614095.jpg?ve=1&amp;tl=1, https:\/\/a57.foxnews.com\/static.foxnews.com\/foxnews.com\/content\/uploads\/2024\/06\/686\/384\/GettyImages-1439614095.jpg?ve=1&amp;tl=1 2x\" height=\"192\" width=\"343\"><source media=\"(min-width: 768px) and (max-width: 1023px)\" srcset=\"https:\/\/a57.foxnews.com\/static.foxnews.com\/foxnews.com\/content\/uploads\/2024\/06\/672\/378\/GettyImages-1439614095.jpg?ve=1&amp;tl=1, https:\/\/a57.foxnews.com\/static.foxnews.com\/foxnews.com\/content\/uploads\/2024\/06\/1344\/756\/GettyImages-1439614095.jpg?ve=1&amp;tl=1 2x\" height=\"378\" width=\"672\"><source media=\"(min-width: 1024px) and (max-width: 1279px)\" srcset=\"https:\/\/a57.foxnews.com\/static.foxnews.com\/foxnews.com\/content\/uploads\/2024\/06\/931\/523\/GettyImages-1439614095.jpg?ve=1&amp;tl=1, https:\/\/a57.foxnews.com\/static.foxnews.com\/foxnews.com\/content\/uploads\/2024\/06\/1862\/1046\/GettyImages-1439614095.jpg?ve=1&amp;tl=1 2x\" height=\"523\" width=\"931\"><source media=\"(min-width: 1280px)\" srcset=\"https:\/\/a57.foxnews.com\/static.foxnews.com\/foxnews.com\/content\/uploads\/2024\/06\/720\/405\/GettyImages-1439614095.jpg?ve=1&amp;tl=1, https:\/\/a57.foxnews.com\/static.foxnews.com\/foxnews.com\/content\/uploads\/2024\/06\/1440\/810\/GettyImages-1439614095.jpg?ve=1&amp;tl=1 2x\" height=\"405\" width=\"720\"><img loading=\"lazy\" decoding=\"async\" src=\"https:\/\/a57.foxnews.com\/static.foxnews.com\/foxnews.com\/content\/uploads\/2024\/06\/1200\/675\/GettyImages-1439614095.jpg?ve=1&amp;tl=1\" alt=\"Marco Rubio, Donald Trump\" width=\"1200\" height=\"675\"\/><\/source><\/source><\/source><\/source><\/picture><\/div>\n<div class=\"info\">\n<div class=\"caption\">\n<p><span>El ex presidente Donald Trump escucha como el senador Marco Rubio, republicano de Fla., Habla durante una manifestaci\u00f3n en la Feria y Exposici\u00f3n del Condado de Miami-Dade en Miami el 6 de noviembre de 2022.<\/span> <span>(Joe Raedle\/Getty Images)<\/span><\/p>\n<\/div>\n<\/div>\n<\/div>\n<p><strong>Marco Rubio presenta la primera agenda de Am\u00e9rica en el nuevo art\u00edculo de opini\u00f3n, dice d\u00edas de descuidarnos &#8216;finalizar ahora&#8217;<\/strong><\/p>\n<p>Claver-Carone se\u00f1al\u00f3 que el viaje de Rubio a Am\u00e9rica Latina es la primera vez que un Secretario de Estado viaja a la regi\u00f3n como su primera visita oficial al extranjero en m\u00e1s de 100 a\u00f1os. <\/p>\n<p>\u00abLa \u00faltima vez que sucedi\u00f3, creo, fue en 1912, cuando Philander Chase Knox fue a Panam\u00e1 &#8230; para supervisar la conclusi\u00f3n de la construcci\u00f3n y las operaciones del Canal de Panam\u00e1\u00bb, dijo a los periodistas. \u00abQu\u00e9 gran mensaje para volver a esa edad de oro de las Am\u00e9ricas, como ha mencionado el presidente Trump\u00bb.<\/p>\n<p>Est\u00e1 previsto que Rubio se reuniera con el presidente paname\u00f1o Jos\u00e9 Ra\u00fal Mulino.<\/p>\n<p>Se espera que la pareja discuta la migraci\u00f3n, combatiendo el tr\u00e1fico de drogas y la presencia de China en el Canal de Panam\u00e1, que Rubio y Trump han argumentado que han sido invadidos por las compa\u00f1\u00edas chinas que operan en cualquier extremo de la v\u00eda fluvial crucial.<\/p>\n<p>La administraci\u00f3n Trump ha argumentado que el agarre estricto del Partido Comunista Chino (PCC) sobre todas las empresas chinas significa que, en extensi\u00f3n, el PCCh est\u00e1 operando fuera del canal y podr\u00eda, en teor\u00eda, cerrarlo al comercio de EE. UU. una importante amenaza de seguridad. <\/p>\n<div class=\"image-ct inline\">\n<div class=\"m\"><picture><source media=\"(max-width: 767px)\" srcset=\"https:\/\/a57.foxnews.com\/static.foxnews.com\/foxnews.com\/content\/uploads\/2024\/07\/343\/192\/Panama-Inauguration.jpg?ve=1&amp;tl=1, https:\/\/a57.foxnews.com\/static.foxnews.com\/foxnews.com\/content\/uploads\/2024\/07\/686\/384\/Panama-Inauguration.jpg?ve=1&amp;tl=1 2x\" height=\"192\" width=\"343\"><source media=\"(min-width: 768px) and (max-width: 1023px)\" srcset=\"https:\/\/a57.foxnews.com\/static.foxnews.com\/foxnews.com\/content\/uploads\/2024\/07\/672\/378\/Panama-Inauguration.jpg?ve=1&amp;tl=1, https:\/\/a57.foxnews.com\/static.foxnews.com\/foxnews.com\/content\/uploads\/2024\/07\/1344\/756\/Panama-Inauguration.jpg?ve=1&amp;tl=1 2x\" height=\"378\" width=\"672\"><source media=\"(min-width: 1024px) and (max-width: 1279px)\" srcset=\"https:\/\/a57.foxnews.com\/static.foxnews.com\/foxnews.com\/content\/uploads\/2024\/07\/931\/523\/Panama-Inauguration.jpg?ve=1&amp;tl=1, https:\/\/a57.foxnews.com\/static.foxnews.com\/foxnews.com\/content\/uploads\/2024\/07\/1862\/1046\/Panama-Inauguration.jpg?ve=1&amp;tl=1 2x\" height=\"523\" width=\"931\"><source media=\"(min-width: 1280px)\" srcset=\"https:\/\/a57.foxnews.com\/static.foxnews.com\/foxnews.com\/content\/uploads\/2024\/07\/720\/405\/Panama-Inauguration.jpg?ve=1&amp;tl=1, https:\/\/a57.foxnews.com\/static.foxnews.com\/foxnews.com\/content\/uploads\/2024\/07\/1440\/810\/Panama-Inauguration.jpg?ve=1&amp;tl=1 2x\" height=\"405\" width=\"720\"><img loading=\"lazy\" decoding=\"async\" src=\"https:\/\/a57.foxnews.com\/static.foxnews.com\/foxnews.com\/content\/uploads\/2024\/07\/1200\/675\/Panama-Inauguration.jpg?ve=1&amp;tl=1\" alt=\"Nuevo presidente panamano Jos\u00e9 Ra\u00fal Mulino\" width=\"1200\" height=\"675\"\/><\/source><\/source><\/source><\/source><\/picture><\/div>\n<div class=\"info\">\n<div class=\"caption\">\n<p><span>El nuevo presidente panamano Jos\u00e9 Ra\u00fal Mulino saluda antes de dar un discurso en su ceremonia de juramentaci\u00f3n en el Centro de Convenciones de Atlapa en la ciudad de Panam\u00e1 el 1 de julio de 2024.<\/span> <span>(AP Photo\/Matias Delacroix)<\/span><\/p>\n<\/div>\n<\/div>\n<\/div>\n<p><strong>Trump Oficial viaja a Venezuela para negociar el acuerdo por deportar a los miembros de la pandilla de Tren de Aragua<\/strong><\/p>\n<p>Mulino ha negado repetidamente que las empresas chinas tengan alguna influencia sobre las operaciones del Canal de Panam\u00e1, y el jueves dijo que no negociar\u00eda la propiedad del canal con Rubio.<\/p>\n<p>\u00abEs imposible, no puedo negociar\u00bb, dijo Mulino durante una conferencia de prensa del jueves cuando se le pregunt\u00f3 sobre la negociaci\u00f3n del control del canal, inform\u00f3 Associated Press. \u00abEso est\u00e1 hecho. El canal pertenece a Panam\u00e1\u00bb.<\/p>\n<p>Aparentemente, Mulino reclam\u00f3 la confusi\u00f3n sobre el control del canal se atribuy\u00f3 a su predecesor, quien cort\u00f3 los lazos con Taiw\u00e1n y estableci\u00f3 relaciones diplom\u00e1ticas con China en 2017, lo que eventualmente permiti\u00f3 que un consorcio de Hong Kong opere en ambos extremos del canal.<\/p>\n<p>Panam\u00e1 sostiene que controla el canal.<\/p>\n<div class=\"image-ct inline\">\n<div class=\"m\"><picture><source media=\"(max-width: 767px)\" srcset=\"https:\/\/a57.foxnews.com\/static.foxnews.com\/foxnews.com\/content\/uploads\/2025\/01\/343\/192\/gettyimages-2191009566.jpg?ve=1&amp;tl=1, https:\/\/a57.foxnews.com\/static.foxnews.com\/foxnews.com\/content\/uploads\/2025\/01\/686\/384\/gettyimages-2191009566.jpg?ve=1&amp;tl=1 2x\" height=\"192\" width=\"343\"><source media=\"(min-width: 768px) and (max-width: 1023px)\" srcset=\"https:\/\/a57.foxnews.com\/static.foxnews.com\/foxnews.com\/content\/uploads\/2025\/01\/672\/378\/gettyimages-2191009566.jpg?ve=1&amp;tl=1, https:\/\/a57.foxnews.com\/static.foxnews.com\/foxnews.com\/content\/uploads\/2025\/01\/1344\/756\/gettyimages-2191009566.jpg?ve=1&amp;tl=1 2x\" height=\"378\" width=\"672\"><source media=\"(min-width: 1024px) and (max-width: 1279px)\" srcset=\"https:\/\/a57.foxnews.com\/static.foxnews.com\/foxnews.com\/content\/uploads\/2025\/01\/931\/523\/gettyimages-2191009566.jpg?ve=1&amp;tl=1, https:\/\/a57.foxnews.com\/static.foxnews.com\/foxnews.com\/content\/uploads\/2025\/01\/1862\/1046\/gettyimages-2191009566.jpg?ve=1&amp;tl=1 2x\" height=\"523\" width=\"931\"><source media=\"(min-width: 1280px)\" srcset=\"https:\/\/a57.foxnews.com\/static.foxnews.com\/foxnews.com\/content\/uploads\/2025\/01\/720\/405\/gettyimages-2191009566.jpg?ve=1&amp;tl=1, https:\/\/a57.foxnews.com\/static.foxnews.com\/foxnews.com\/content\/uploads\/2025\/01\/1440\/810\/gettyimages-2191009566.jpg?ve=1&amp;tl=1 2x\" height=\"405\" width=\"720\"><img loading=\"lazy\" decoding=\"async\" src=\"https:\/\/a57.foxnews.com\/static.foxnews.com\/foxnews.com\/content\/uploads\/2025\/01\/1200\/675\/gettyimages-2191009566.jpg?ve=1&amp;tl=1\" alt=\"Los barcos pasan por el Canal de Panam\u00e1\" width=\"1200\" height=\"675\"\/><\/source><\/source><\/source><\/source><\/picture><\/div>\n<div class=\"info\">\n<div class=\"caption\">\n<p><span>El barco de carga de las Islas Marshall Cape Hella, a la izquierda, y el barco de carga portugu\u00e9s MSC Elma navegan en el lago Gatun, cerca de las cerraduras de Agua Clara, del Canal de Panam\u00e1 en Colon City, Panam\u00e1, el 28 de diciembre de 2024.<\/span> <span>(Arnulfo Franco\/AFP a trav\u00e9s de Getty Images)<\/span><\/p>\n<\/div>\n<\/div>\n<\/div>\n<p><strong>Haga clic aqu\u00ed para obtener la aplicaci\u00f3n Fox News<\/strong><\/p>\n<p>Claver-Carone argument\u00f3 que las empresas chinas controlan \u00abtodo, desde la fuerza y \u200b\u200bla log\u00edstica hasta las telecomunicaciones, la infraestructura y de otro tipo\u00bb, lo que, seg\u00fan \u00e9l, no es solo una amenaza de seguridad para los intereses de los Estados Unidos en el canal, sino para la seguridad nacional de Panam\u00e1 y el hemisferio occidental. .<\/p>\n<p>Rubio tambi\u00e9n est\u00e1 programado para visitar El Salvador, Costa Rica, Guatemala y la Rep\u00fablica Dominicana, donde se reunir\u00e1 con los presidentes de cada naci\u00f3n antes de regresar a los Estados Unidos el jueves. <\/p>\n<p>Abordar la influencia china en estos pa\u00edses, junto con la violencia de las pandillas, la migraci\u00f3n y el tr\u00e1fico de drogas, tambi\u00e9n ser\u00e1 la parte superior de la agenda de Rubio.<\/p>\n<\/div>\n\n","protected":false},"excerpt":{"rendered":"<p>\u00danase a Fox News para acceder a este contenido Adem\u00e1s de acceso especial a art\u00edculos seleccionados y otro contenido premium con su cuenta, de forma gratuita. Al ingresar su correo electr\u00f3nico y presionar continuar, usted acepta los t\u00e9rminos de uso y la pol\u00edtica de privacidad de Fox News, que incluye nuestro aviso de incentivo financiero. &hellip;<\/p>\n","protected":false},"author":1,"featured_media":12808,"comment_status":"open","ping_status":"open","sticky":false,"template":"","format":"standard","meta":{"fifu_image_url":"https:\/\/static.foxnews.com\/foxnews.com\/content\/uploads\/2025\/01\/rubio-panama-canal.jpg","fifu_image_alt":"","footnotes":""},"categories":[13],"tags":[],"class_list":["post-12806","post","type-post","status-publish","format-standard","has-post-thumbnail","","category-mundo"],"_links":{"self":[{"href":"https:\/\/noticiasveraces.com\/index.php?rest_route=\/wp\/v2\/posts\/12806","targetHints":{"allow":["GET"]}}],"collection":[{"href":"https:\/\/noticiasveraces.com\/index.php?rest_route=\/wp\/v2\/posts"}],"about":[{"href":"https:\/\/noticiasveraces.com\/index.php?rest_route=\/wp\/v2\/types\/post"}],"author":[{"embeddable":true,"href":"https:\/\/noticiasveraces.com\/index.php?rest_route=\/wp\/v2\/users\/1"}],"replies":[{"embeddable":true,"href":"https:\/\/noticiasveraces.com\/index.php?rest_route=%2Fwp%2Fv2%2Fcomments&post=12806"}],"version-history":[{"count":0,"href":"https:\/\/noticiasveraces.com\/index.php?rest_route=\/wp\/v2\/posts\/12806\/revisions"}],"wp:featuredmedia":[{"embeddable":true,"href":"https:\/\/noticiasveraces.com\/index.php?rest_route=\/wp\/v2\/media\/12808"}],"wp:attachment":[{"href":"https:\/\/noticiasveraces.com\/index.php?rest_route=%2Fwp%2Fv2%2Fmedia&parent=12806"}],"wp:term":[{"taxonomy":"category","embeddable":true,"href":"https:\/\/noticiasveraces.com\/index.php?rest_route=%2Fwp%2Fv2%2Fcategories&post=12806"},{"taxonomy":"post_tag","embeddable":true,"href":"https:\/\/noticiasveraces.com\/index.php?rest_route=%2Fwp%2Fv2%2Ftags&post=12806"}],"curies":[{"name":"wp","href":"https:\/\/api.w.org\/{rel}","templated":true}]}}