{"id":12801,"date":"2025-02-01T06:33:45","date_gmt":"2025-02-01T10:33:45","guid":{"rendered":"https:\/\/noticiasveraces.com\/?p=12801"},"modified":"2025-02-01T06:33:45","modified_gmt":"2025-02-01T10:33:45","slug":"combates-en-el-congo-dejan-700-muertos-y-2-800-heridos-dw-01-02-2025","status":"publish","type":"post","link":"https:\/\/noticiasveraces.com\/?p=12801","title":{"rendered":"Combates en el Congo Dejan 700 Muertos y 2.800 Heridos &#8211; DW &#8211; 01\/02\/2025"},"content":{"rendered":"<p> \n<\/p>\n<div>\n<p>Al Menos 700 Personas Murieron Desde el Domingo en Medio de Intensos Combates en Goma, LA Capital de la Provincia de Kivu del Norte, en la Rep\u00fablica Dem\u00f3crata del Congo, Inform\u00f3 El Viernes (31.01.2025) El Portavoz de la Onu, Stephane Dujarric.<\/p>\n<p>\u00abLa Organizaci\u00f3n Mundial de la Salud (Oms) y Sus Socios Llevaron A Cabo UNA Evaluacia con El Gobierno\u00bb Congole\u00f1o Entre El Domingo y El Jueves, Dijo Durric. Se\u00f1al\u00f3 que si Biens es probable que el N\u00famero de Muertos aumine, Hasta el Momento \u00ab700 Personas Murieron y 2.800 Han resultado Heridas\u00bb.<\/p>\n<p>Los L\u00edderes de la Comunidad de Desarrollo del \u00c1frica meridional (SADC) Acordaron ESTE VIERNES EN UNA CUMBRE Extraordinaria en Harare Implictarse en El logro de Un \u00abAlto el FUEGO\u00bb Que Permita la Llegada de Ayuda Humanitaria en el ConflictO Dele de La RepUbl\u00e1 Dem\u00f3crata Del. Congo.<\/p>\n<p>En un comunicado, la cumbre abog\u00f3 por buscar los medios para comprometer \u00aba Todas las partes estatales y no estatales en el conflicto a un proceso de proceso de alto el fuego para proteger vidas y facilitar un flujo fluido de apoyo humanitario a las personas y comunidades por por el conflicto armado \u00ab.<\/p>\n<p>La devoluci\u00f3n de se celebr\u00f3 a los desprendos de que el Grupo rebelde moviMiento 23 de Marzo (M23) Tomara el Pasado Lunes la Estrat\u00e9gica Ciudad de Goma, Capital de la Provincia de Kivu del Norte, Tras Inteensos combates con el Ejercito Congole\u00f1o y sus Milicias Aliadas, Olydas, que -Provocaron. El Desplazamiento de Cientos de Miles de Personas.<\/p>\n<p>GS (AFP, Reuters, Efe)<\/p>\n<\/div>\n\n","protected":false},"excerpt":{"rendered":"<p>Al Menos 700 Personas Murieron Desde el Domingo en Medio de Intensos Combates en Goma, LA Capital de la Provincia de Kivu del Norte, en la Rep\u00fablica Dem\u00f3crata del Congo, Inform\u00f3 El Viernes (31.01.2025) El Portavoz de la Onu, Stephane Dujarric. \u00abLa Organizaci\u00f3n Mundial de la Salud (Oms) y Sus Socios Llevaron A Cabo UNA &hellip;<\/p>\n","protected":false},"author":1,"featured_media":12802,"comment_status":"open","ping_status":"open","sticky":false,"template":"","format":"standard","meta":{"fifu_image_url":"https:\/\/static.dw.com\/image\/71461046_6.jpg","fifu_image_alt":"","footnotes":""},"categories":[13],"tags":[],"class_list":["post-12801","post","type-post","status-publish","format-standard","has-post-thumbnail","","category-mundo"],"_links":{"self":[{"href":"https:\/\/noticiasveraces.com\/index.php?rest_route=\/wp\/v2\/posts\/12801","targetHints":{"allow":["GET"]}}],"collection":[{"href":"https:\/\/noticiasveraces.com\/index.php?rest_route=\/wp\/v2\/posts"}],"about":[{"href":"https:\/\/noticiasveraces.com\/index.php?rest_route=\/wp\/v2\/types\/post"}],"author":[{"embeddable":true,"href":"https:\/\/noticiasveraces.com\/index.php?rest_route=\/wp\/v2\/users\/1"}],"replies":[{"embeddable":true,"href":"https:\/\/noticiasveraces.com\/index.php?rest_route=%2Fwp%2Fv2%2Fcomments&post=12801"}],"version-history":[{"count":0,"href":"https:\/\/noticiasveraces.com\/index.php?rest_route=\/wp\/v2\/posts\/12801\/revisions"}],"wp:featuredmedia":[{"embeddable":true,"href":"https:\/\/noticiasveraces.com\/index.php?rest_route=\/wp\/v2\/media\/12802"}],"wp:attachment":[{"href":"https:\/\/noticiasveraces.com\/index.php?rest_route=%2Fwp%2Fv2%2Fmedia&parent=12801"}],"wp:term":[{"taxonomy":"category","embeddable":true,"href":"https:\/\/noticiasveraces.com\/index.php?rest_route=%2Fwp%2Fv2%2Fcategories&post=12801"},{"taxonomy":"post_tag","embeddable":true,"href":"https:\/\/noticiasveraces.com\/index.php?rest_route=%2Fwp%2Fv2%2Ftags&post=12801"}],"curies":[{"name":"wp","href":"https:\/\/api.w.org\/{rel}","templated":true}]}}